{"id":1278,"date":"2021-02-09T20:39:10","date_gmt":"2021-02-09T20:39:10","guid":{"rendered":"https:\/\/puntoapunto.com.ar\/?p=272794"},"modified":"2021-02-09T20:39:10","modified_gmt":"2021-02-09T20:39:10","slug":"holcim-argentina-unifica-su-produccion-en-la-plata-de-malagueno","status":"publish","type":"post","link":"http:\/\/cordobadirecto.com\/index.php\/2021\/02\/09\/holcim-argentina-unifica-su-produccion-en-la-plata-de-malagueno\/","title":{"rendered":"Holcim Argentina unifica su producci\u00f3n en la plata de Malague\u00f1o"},"content":{"rendered":"<p><!-- image --><\/p>\n<div class=\"td-post-featured-image\"><a href=\"http:\/\/cordobadirecto.com\/wp-content\/uploads\/2021\/02\/holcim-argentina-unifica-su-produccion-en-la-plata-de-malagueno-5.jpg\" data-caption><img loading=\"lazy\" width=\"696\" height=\"462\" class=\"entry-thumb td-modal-image\" src=\"http:\/\/cordobadirecto.com\/wp-content\/uploads\/2021\/02\/holcim-argentina-unifica-su-produccion-en-la-plata-de-malagueno.jpg\" srcset=\"http:\/\/cordobadirecto.com\/wp-content\/uploads\/2021\/02\/holcim-argentina-unifica-su-produccion-en-la-plata-de-malagueno.jpg 696w, http:\/\/cordobadirecto.com\/wp-content\/uploads\/2021\/02\/holcim-argentina-unifica-su-produccion-en-la-plata-de-malagueno-1.jpg 300w, http:\/\/cordobadirecto.com\/wp-content\/uploads\/2021\/02\/holcim-argentina-unifica-su-produccion-en-la-plata-de-malagueno-2.jpg 768w, http:\/\/cordobadirecto.com\/wp-content\/uploads\/2021\/02\/holcim-argentina-unifica-su-produccion-en-la-plata-de-malagueno-3.jpg 150w, http:\/\/cordobadirecto.com\/wp-content\/uploads\/2021\/02\/holcim-argentina-unifica-su-produccion-en-la-plata-de-malagueno-4.jpg 633w, http:\/\/cordobadirecto.com\/wp-content\/uploads\/2021\/02\/holcim-argentina-unifica-su-produccion-en-la-plata-de-malagueno-5.jpg 1000w\" sizes=\"(max-width: 696px) 100vw, 696px\" alt title=\"multimedia.normal.bc0b6836350eba72.486f6c63696d20417267656e74696e615f6e6f726d616c2e6a7067\"><\/a><\/div>\n<p> <!-- content --><\/p>\n<div class=\"td-a-rec td-a-rec-id-content_top tdi_78_49f td_block_template_10\">\n<div class=\"g g-34\">\n<div class=\"g-single a-210\"><!-- Error, Ad is not available at this time due to schedule\/geolocation restrictions! --><br \/>\n<br \/><a class=\"gofollow\" data-track=\"MjEwLDM0LDEsNjA=\" href=\"http:\/\/www.grupocanter.com.ar\/landing\/pap\/?utm_source=Punto%20a%20Punto&amp;utm_medium=Banner&amp;utm_campaign=Departamentos&amp;utm_term=Banner%20Pie%20de%20Nota\"><img src=\"http:\/\/cordobadirecto.com\/wp-content\/uploads\/2021\/02\/holcim-argentina-unifica-su-produccion-en-la-plata-de-malagueno.gif\"><\/a>\n<\/div>\n<\/div>\n<\/div>\n<p>Este martes, la empresa <strong>Holcim<\/strong> Argentina anticip\u00f3&nbsp;que <strong>suspender\u00e1 la actividad que realizada en la f\u00e1brica&nbsp;de Yocsina.<\/strong> De esta forma la firma anunci\u00f3 que va a concentrar su&nbsp; producci\u00f3n de cemento en el Centro Industrial C\u00f3rdoba (CIC) en Malague\u00f1o<\/p>\n<p>En la misma l\u00ednea, la empresa present\u00f3 un plan de<a href=\"https:\/\/puntoapunto.com.ar\/wp-admin\/post.php?post=272734&amp;action=edit\"> retiro voluntario<\/a> a 50 trabajadores de esa planta. La idea es concentrar la producci\u00f3n en la planta de Malague\u00f1o. All\u00ed se va a poner en funcionamiento la nueva l\u00ednea productiva en el primer trimestre del a\u00f1o.<\/p>\n<p>La firma explic\u00f3 que la nueva l\u00ednea de producci\u00f3n empez\u00f3 en 2018 y requiri\u00f3 una inversi\u00f3n de US$120 millones.&nbsp;\u201c<strong>Se ha iniciado un programa para integrar ambas operaciones en una planta m\u00e1s moderna, eficiente y con tecnolog\u00eda de punta, que colaborar\u00e1 a mejorar la huella ambiental<\/strong>\u201d, se\u00f1al\u00f3 la <a href=\"https:\/\/www.holcim.com.ar\/productos-y-servicios\/servicios\/servicio-logistico\/horarios-de-atencion-de-despachos\">compa\u00f1\u00eda<\/a> a trav\u00e9s de en comunicado.<\/p>\n<p>Y agregaron: \u201ca partir del primer trimestre de 2021, la planta de Malague\u00f1o comenzar\u00e1 a poner en funcionamiento la nueva l\u00ednea productiva, lo cual implica un nuevo despacho y molienda. Con el fin de lograr una transici\u00f3n lo m\u00e1s sin\u00e9rgica y ordenada posible, la molienda de la planta de Yocsina discontinuar\u00e1 sus operaciones a partir del 31 de marzo de 2021\u201d.<\/p>\n<p>Asimismo destacaron que habr\u00e1 \u201cexcelentes condiciones que superan las exigencias de la ley\u201d, en referencia al r\u00e9gimen de doble indemnizaci\u00f3n.<\/p>\n<p>No tags for this post. <\/p>\n","protected":false},"excerpt":{"rendered":"<p>Este martes, la empresa Holcim Argentina anticip\u00f3&nbsp;que suspender\u00e1 la actividad que realizada en la f\u00e1brica&nbsp;de Yocsina. De esta forma la firma anunci\u00f3 que va a concentrar su&nbsp; producci\u00f3n de cemento en el Centro Industrial C\u00f3rdoba (CIC) en Malague\u00f1o En la misma l\u00ednea, la empresa present\u00f3 un plan de retiro voluntario a 50 trabajadores de esa [&hellip;]<\/p>\n","protected":false},"author":1,"featured_media":1279,"comment_status":"closed","ping_status":"closed","sticky":false,"template":"","format":"standard","meta":[],"categories":[25],"tags":[],"_links":{"self":[{"href":"http:\/\/cordobadirecto.com\/index.php\/wp-json\/wp\/v2\/posts\/1278"}],"collection":[{"href":"http:\/\/cordobadirecto.com\/index.php\/wp-json\/wp\/v2\/posts"}],"about":[{"href":"http:\/\/cordobadirecto.com\/index.php\/wp-json\/wp\/v2\/types\/post"}],"author":[{"embeddable":true,"href":"http:\/\/cordobadirecto.com\/index.php\/wp-json\/wp\/v2\/users\/1"}],"replies":[{"embeddable":true,"href":"http:\/\/cordobadirecto.com\/index.php\/wp-json\/wp\/v2\/comments?post=1278"}],"version-history":[{"count":0,"href":"http:\/\/cordobadirecto.com\/index.php\/wp-json\/wp\/v2\/posts\/1278\/revisions"}],"wp:featuredmedia":[{"embeddable":true,"href":"http:\/\/cordobadirecto.com\/index.php\/wp-json\/wp\/v2\/media\/1279"}],"wp:attachment":[{"href":"http:\/\/cordobadirecto.com\/index.php\/wp-json\/wp\/v2\/media?parent=1278"}],"wp:term":[{"taxonomy":"category","embeddable":true,"href":"http:\/\/cordobadirecto.com\/index.php\/wp-json\/wp\/v2\/categories?post=1278"},{"taxonomy":"post_tag","embeddable":true,"href":"http:\/\/cordobadirecto.com\/index.php\/wp-json\/wp\/v2\/tags?post=1278"}],"curies":[{"name":"wp","href":"https:\/\/api.w.org\/{rel}","templated":true}]}}