{"id":12939,"date":"2021-08-05T20:29:00","date_gmt":"2021-08-05T20:29:00","guid":{"rendered":"http:\/\/cordobadirecto.com\/index.php\/2021\/08\/05\/con-protocolos-y-ropa-de-epoca-un-dia-de-rodaje-de-santa-evita-en-la-cancha-de-huracan\/"},"modified":"2021-08-05T20:29:00","modified_gmt":"2021-08-05T20:29:00","slug":"con-protocolos-y-ropa-de-epoca-un-dia-de-rodaje-de-santa-evita-en-la-cancha-de-huracan","status":"publish","type":"post","link":"http:\/\/cordobadirecto.com\/index.php\/2021\/08\/05\/con-protocolos-y-ropa-de-epoca-un-dia-de-rodaje-de-santa-evita-en-la-cancha-de-huracan\/","title":{"rendered":"Con protocolos y ropa de \u00e9poca, un d\u00eda de rodaje de &#8220;Santa Evita&#8221; en la cancha de Hurac\u00e1n"},"content":{"rendered":"<div class=\"image\" id=\"image\" readability=\"7\"> <img src=\"http:\/\/cordobadirecto.com\/wp-content\/uploads\/2021\/08\/con-protocolos-y-ropa-de-epoca-un-dia-de-rodaje-de-santa-evita-en-la-cancha-de-huracan.jpg\" alt=\"Per\u00f3n -Grandinetti- y Eva Duarte -Oreiro- y su primer vijaje en auto desde el Luna Park\" title=\"Per\u00f3n -Grandinetti- y Eva Duarte -Oreiro- y su primer vijaje en auto desde el Luna Park\"><\/p>\n<p>Per\u00f3n -Grandinetti- y Eva Duarte -Oreiro- y su primer vijaje en auto desde el Luna Park<\/p>\n<\/div>\n<p>Entre hisopados, barbijos, vestuario de \u00e9poca y autos antiguos, <strong>Natalia Oreiro y Dar\u00edo Grandinetti<\/strong> recrearon en la cancha de Hurac\u00e1n el encuentro m\u00edtico entre Eva Duarte y Juan Domingo Per\u00f3n en el Luna Park para <strong>&#8220;Santa Evita&#8221;<\/strong>, la serie producida por la actriz mexicana <strong>Salma Hayek<\/strong> basada en la novela de <strong>Tom\u00e1s Eloy Mart\u00ednez<\/strong>, que el pr\u00f3ximo a\u00f1o llegar\u00e1 a la plataforma Star+.<\/p>\n<div class=\"image\" id=\"image\" readability=\"9\"> <img src=\"http:\/\/cordobadirecto.com\/wp-content\/uploads\/2021\/08\/con-protocolos-y-ropa-de-epoca-un-dia-de-rodaje-de-santa-evita-en-la-cancha-de-huracan-1.jpg\" alt=\"El rodaje, la c\u00e1mara de hoy y un alto de rodaje, en una recreada calle Bouchard\" title=\"El rodaje, la c\u00e1mara de hoy y un alto de rodaje, en una recreada calle Bouchard\"><\/p>\n<p>El rodaje, la c\u00e1mara de hoy y un alto de rodaje, en una recreada calle Bouchard<\/p>\n<\/div>\n<p><br open><br \/>\nBasada en el best seller hom\u00f3nimo del escritor argentino, la serie reconstruye el derrotero del cad\u00e1ver embalsamado de Evita, ocultado durante 19 a\u00f1os por los militares que derrocaron al presidente Per\u00f3n en 1955.<\/p>\n<p>En 1971 el periodista <strong>Mariano V\u00e1zquez<\/strong> emprende la investigaci\u00f3n sobre el cuerpo y los hechos que rodearon a su muerte.<\/p>\n<p>La producci\u00f3n de The Walt Disney Company Latin America y Non Stop es una de las apuestas fuertes de contenido creado en la regi\u00f3n para la plataforma de streaming Star+, que estar\u00e1 disponible desde el 31 de agosto y complementar\u00e1 con series, pel\u00edculas y deportes orientados al p\u00fablico adulto la oferta &#8220;para toda la familia&#8221; de Disney+.<\/p>\n<div class=\"image\" id=\"image\" readability=\"10\"> <img src=\"http:\/\/cordobadirecto.com\/wp-content\/uploads\/2021\/08\/con-protocolos-y-ropa-de-epoca-un-dia-de-rodaje-de-santa-evita-en-la-cancha-de-huracan-2.jpg\" alt=\"Vestidos, sombreros, de \u00e9poca, en un viaje por el tiempo\" title=\"Vestidos, sombreros, de \u00e9poca, en un viaje por el tiempo\"><\/p>\n<p>Vestidos, sombreros, de \u00e9poca, en un viaje por el tiempo<\/p>\n<\/div>\n<p><br open><br \/>\nDan cuenta de ello m\u00e1s de <strong>un a\u00f1o y medio de preproducci\u00f3n, 120 actores, 1.300 extras, 80 veh\u00edculos de acci\u00f3n, 150 vestuarios dise\u00f1ados y confeccionados especialmente y m\u00e1s de 600 vestuarios alquilados a sastrer\u00edas para los cuatro meses y medio de rodaje en m\u00e1s de 40 locaciones<\/strong> que llegar\u00e1 a su fin este mes.<\/p>\n<p>Las puertas de las grabaciones, guardadas celosamente hasta ahora, se abren para T\u00e9lam a las 5 de la tarde del lunes 26 de julio de 2021, <strong>el mismo d\u00eda en que se cumplen 69 a\u00f1os de la muerte de Evita<\/strong>. La entrada del estadio de Avenida Amancio Alcorta 2544, en el barrio porte\u00f1o de Parque Patricios, parece una posta sanitaria: gente escupiendo en frascos, enfermeras haciendo hisopados, dispensers de alcohol en gel, y un \u00e1rea de &#8220;recambio de barbijos&#8221;.<\/p>\n<p>En el lugar se reproducir\u00e1 <strong>la noche del 22 de enero de 1944<\/strong>, cuando la actriz <strong>Eva Duarte<\/strong> y el entonces Secretario de Trabajo y Previsi\u00f3n de la Naci\u00f3n, <strong>Juan Domingo Per\u00f3n<\/strong>, coinciden en un festival solidario para ayudar a las v\u00edctimas del terremoto de San Juan en el estadio Luna Park.<\/p>\n<div class=\"image\" id=\"image\" readability=\"8\"> <img src=\"http:\/\/cordobadirecto.com\/wp-content\/uploads\/2021\/08\/con-protocolos-y-ropa-de-epoca-un-dia-de-rodaje-de-santa-evita-en-la-cancha-de-huracan-3.jpg\" alt=\"El maquillaje, un punto clave en la recreaci\u00f3n de &quot;Santa Evita&quot;\" title=\"El maquillaje, un punto clave en la recreaci\u00f3n de &quot;Santa Evita&quot;\"><\/p>\n<p>El maquillaje, un punto clave en la recreaci\u00f3n de &#8220;Santa Evita&#8221;<\/p>\n<\/div>\n<p>Las escenas no se pudieron filmar en su locaci\u00f3n original porque durante el d\u00eda el estadio ubicado en Corrientes y Bouchard funciona como vacunatorio Covid.<\/p>\n<p>A simple vista, no hay indicios de que este sea el set donde se rodar\u00e1 una escena nodal de una producci\u00f3n disponible para Am\u00e9rica Latina dirigida por el colombiano <strong>Rodrigo Garc\u00eda<\/strong>&nbsp;(hijo del escritor Gabriel Garc\u00eda M\u00e1rquez) y el cineasta, actor, director teatral y guionista argentino <strong>Alejandro Maci.<\/strong><\/p>\n<div class=\"image\" id=\"image\" readability=\"10\"> <img src=\"http:\/\/cordobadirecto.com\/wp-content\/uploads\/2021\/08\/con-protocolos-y-ropa-de-epoca-un-dia-de-rodaje-de-santa-evita-en-la-cancha-de-huracan-4.jpg\" alt=\"Per\u00f3n y Eva, todav\u00eda Duarte, en la platea del Luna Park, en 1944\" title=\"Per\u00f3n y Eva, todav\u00eda Duarte, en la platea del Luna Park, en 1944\"><\/p>\n<p>Per\u00f3n y Eva, todav\u00eda Duarte, en la platea del Luna Park, en 1944<\/p>\n<\/div>\n<p>Para entrar al estadio Tom\u00e1s Adolfo Duc\u00f3 de Hurac\u00e1n, adem\u00e1s de la autorizaci\u00f3n de rigor, es obligatorio someterse a un test de ant\u00edgenos que da un resultado en menos de cinco minutos. En casos de negativo para coronavirus, el protocolo indica cambiar el tapabocas propio por otro que provee la producci\u00f3n, celeste y descartable, igual al que llevan los 70 miembros del equipo t\u00e9cnico.<\/p>\n<p>A metros de ah\u00ed, en el hall de esa entrada del estadio con su estilo antiguo de paredes revestidas en piedra y techos blancos, se rodar\u00e1 el momento en que Eva y Per\u00f3n bajan las escaleras del Luna Park para irse juntos.<\/p>\n<div class=\"image\" id=\"image\" readability=\"7\"> <img src=\"http:\/\/cordobadirecto.com\/wp-content\/uploads\/2021\/08\/con-protocolos-y-ropa-de-epoca-un-dia-de-rodaje-de-santa-evita-en-la-cancha-de-huracan-5.jpg\" alt=\"Las escaleras del Luna Park recreadas en la actual cancha de Hurac\u00e1n\" title=\"Las escaleras del Luna Park recreadas en la actual cancha de Hurac\u00e1n\"><\/p>\n<p>Las escaleras del Luna Park recreadas en la actual cancha de Hurac\u00e1n<\/p>\n<\/div>\n<p>De a poco, <strong>la aparici\u00f3n de cinco decenas de extras (hombres en trajes antiguos peinados a la gomina, mujeres con sombreros, vestidos y tocados pomposos; todos, siempre con barbijos) modifican la impronta hospitalaria <\/strong>y el lugar empieza a tomar el ritmo vertiginoso de un set.<\/p>\n<p>Primero ensayan los extras: bajar\u00e1n las escaleras conversando por lo bajo, rumbo a la salida. Los protagonistas, \u00fanicos sin mascarilla en todo el plat\u00f3, se sumar\u00e1n cuando est\u00e9 aceitada la escena.<\/p>\n<div class=\"image\" id=\"image\" readability=\"8\"> <img src=\"http:\/\/cordobadirecto.com\/wp-content\/uploads\/2021\/08\/con-protocolos-y-ropa-de-epoca-un-dia-de-rodaje-de-santa-evita-en-la-cancha-de-huracan-6.jpg\" alt=\"El primer beso del entonces Ministro de Trabajo y Previsi\u00f3n de la Naci\u00f3n, y la actriz Eva Duarte\" title=\"El primer beso del entonces Ministro de Trabajo y Previsi\u00f3n de la Naci\u00f3n, y la actriz Eva Duarte\"><\/p>\n<p>El primer beso del entonces Ministro de Trabajo y Previsi\u00f3n de la Naci\u00f3n, y la actriz Eva Duarte<\/p>\n<\/div>\n<p>Es un lunes de invierno y <strong>sobre un deslumbrante vestido azul Oreiro lleva una bata de polar que podr\u00eda ser una salida de ba\u00f1o, una campera inflada verde militar, guantes, botas con abrigo y una bolsa de agua caliente amarilla que abraza como si fuera un oso de peluche.<\/strong> A su lado, <strong>Grandinetti ya encarna un Per\u00f3n impecable con un traje militar blanco y pelo negro azabache engominado impecablemente hacia atr\u00e1s<\/strong>.<\/p>\n<p>La actriz uruguaya se une as\u00ed al selecto grupo de colegas que alguna vez encarnaron a Eva: <strong>Flavia Palmiero<\/strong> (&#8220;Evita, quien quiera o\u00edr que oiga&#8221;, filme de 1984), <strong>Nacha Guevara<\/strong> (&#8220;Eva, el gran musical argentino&#8221;, musical de 1986), <strong>Esther Goris<\/strong> (&#8220;Eva Per\u00f3n, 1996), <strong>Laura Novoa<\/strong> (&#8220;Ay Juancito&#8221;, 2004), <strong>Julieta D\u00edaz<\/strong> (&#8220;Juan y Eva&#8221;, 2011), <strong>Elena Roger<\/strong> en una puesta del musical de Andrew Lloyd Weber <strong>&#8220;Evita&#8221;<\/strong> en Broadway y por supuesto <strong>Madonna en &#8220;Evita&#8221;, de Alan Parker<\/strong> (1996), est\u00e1n en la lista.<\/p>\n<div class=\"image\" id=\"image\" readability=\"7\"> <img src=\"http:\/\/cordobadirecto.com\/wp-content\/uploads\/2021\/08\/con-protocolos-y-ropa-de-epoca-un-dia-de-rodaje-de-santa-evita-en-la-cancha-de-huracan-7.jpg\" alt=\"Los autos de la d\u00e9cada del 40 en una cuidadosa reconstrucci\u00f3n escenogr\u00e1fica\" title=\"Los autos de la d\u00e9cada del 40 en una cuidadosa reconstrucci\u00f3n escenogr\u00e1fica\"><\/p>\n<p>Los autos de la d\u00e9cada del 40 en una cuidadosa reconstrucci\u00f3n escenogr\u00e1fica<\/p>\n<\/div>\n<p>Primero ensayan as\u00ed, despu\u00e9s Oreiro se quita todo el abrigo &#8211;<strong>&#8220;Eva sale del spa&#8221;<\/strong>, bromea mientras se prepara-. Todo listo, o casi; Antes del cl\u00e1sico grito de &#8220;\u00a1acci\u00f3n!&#8221; se agrega uno nuevo a tono con los tiempos: &#8220;\u00a1barbijos abajo!&#8221;.<\/p>\n<p>Para la salida del Luna Park propiamente dicha, que se recrear\u00e1 a la vuelta por la entrada de la calle Mirav\u00e9, hay que esperar a que se haga de noche.<\/p>\n<p>Mientras baja el sol, terminan de montar la parte t\u00e9cnica y colocar patentes antiguas en la <strong>flota de autos de las d\u00e9cadas del \u00b430 y del \u00b440 estacionados en el lugar: un Plymouth de 1935; un Chevrolet del \u00b441; un Desoto del \u00b434, un Dodge Fluid Drive del 47 y un Ford Mercury negro del \u00b446<\/strong> (al que se subir\u00e1n Per\u00f3n y Evita).<\/p>\n<div class=\"image\" id=\"image\" readability=\"7\"> <img src=\"http:\/\/cordobadirecto.com\/wp-content\/uploads\/2021\/08\/con-protocolos-y-ropa-de-epoca-un-dia-de-rodaje-de-santa-evita-en-la-cancha-de-huracan-8.jpg\" alt=\"Sonrisas c\u00f3mplices a la espera del acto por las v\u00edctimas del terrmoto de San Juan\" title=\"Sonrisas c\u00f3mplices a la espera del acto por las v\u00edctimas del terrmoto de San Juan\"><\/p>\n<p>Sonrisas c\u00f3mplices a la espera del acto por las v\u00edctimas del terrmoto de San Juan<\/p>\n<\/div>\n<p><strong>&#8220;Hoy evento solidario por las v\u00edctimas del terremoto de San Juan&#8221;,<\/strong> reza un cartel colgado junto a la entrada que indica &#8220;Platea baja&#8221;.<\/p>\n<p>De ah\u00ed saldr\u00e1n los protagonistas que, evadiendo paparazzis, se escapar\u00e1n en un coche y se besar\u00e1n por primera vez.<\/p>\n<p>Pero antes de rodar esa \u00faltima escena del d\u00eda <strong>se pide un minuto de silencio en el set: son las 20.55, hora en que falleci\u00f3 Evita en 1952.<\/strong><\/p>\n","protected":false},"excerpt":{"rendered":"<p>Per\u00f3n -Grandinetti- y Eva Duarte -Oreiro- y su primer vijaje en auto desde el Luna Park Entre hisopados, barbijos, vestuario de \u00e9poca y autos antiguos, Natalia Oreiro y Dar\u00edo Grandinetti recrearon en la cancha de Hurac\u00e1n el encuentro m\u00edtico entre Eva Duarte y Juan Domingo Per\u00f3n en el Luna Park para &#8220;Santa Evita&#8221;, la serie [&hellip;]<\/p>\n","protected":false},"author":1,"featured_media":12940,"comment_status":"closed","ping_status":"closed","sticky":false,"template":"","format":"standard","meta":[],"categories":[20],"tags":[],"_links":{"self":[{"href":"http:\/\/cordobadirecto.com\/index.php\/wp-json\/wp\/v2\/posts\/12939"}],"collection":[{"href":"http:\/\/cordobadirecto.com\/index.php\/wp-json\/wp\/v2\/posts"}],"about":[{"href":"http:\/\/cordobadirecto.com\/index.php\/wp-json\/wp\/v2\/types\/post"}],"author":[{"embeddable":true,"href":"http:\/\/cordobadirecto.com\/index.php\/wp-json\/wp\/v2\/users\/1"}],"replies":[{"embeddable":true,"href":"http:\/\/cordobadirecto.com\/index.php\/wp-json\/wp\/v2\/comments?post=12939"}],"version-history":[{"count":0,"href":"http:\/\/cordobadirecto.com\/index.php\/wp-json\/wp\/v2\/posts\/12939\/revisions"}],"wp:featuredmedia":[{"embeddable":true,"href":"http:\/\/cordobadirecto.com\/index.php\/wp-json\/wp\/v2\/media\/12940"}],"wp:attachment":[{"href":"http:\/\/cordobadirecto.com\/index.php\/wp-json\/wp\/v2\/media?parent=12939"}],"wp:term":[{"taxonomy":"category","embeddable":true,"href":"http:\/\/cordobadirecto.com\/index.php\/wp-json\/wp\/v2\/categories?post=12939"},{"taxonomy":"post_tag","embeddable":true,"href":"http:\/\/cordobadirecto.com\/index.php\/wp-json\/wp\/v2\/tags?post=12939"}],"curies":[{"name":"wp","href":"https:\/\/api.w.org\/{rel}","templated":true}]}}