{"id":12941,"date":"2021-08-05T20:29:33","date_gmt":"2021-08-05T20:29:33","guid":{"rendered":"http:\/\/cordobadirecto.com\/index.php\/2021\/08\/05\/se-realiza-de-forma-virtual-el-festival-solidario-la-plaza-de-los-chicos\/"},"modified":"2021-08-05T20:29:33","modified_gmt":"2021-08-05T20:29:33","slug":"se-realiza-de-forma-virtual-el-festival-solidario-la-plaza-de-los-chicos","status":"publish","type":"post","link":"http:\/\/cordobadirecto.com\/index.php\/2021\/08\/05\/se-realiza-de-forma-virtual-el-festival-solidario-la-plaza-de-los-chicos\/","title":{"rendered":"Se realiza de forma virtual el festival solidario &#8220;La Plaza de los Chicos&#8221;"},"content":{"rendered":"<div class=\"image\" id=\"image\" readability=\"8\"> <img src=\"http:\/\/cordobadirecto.com\/wp-content\/uploads\/2021\/08\/se-realiza-de-forma-virtual-el-festival-solidario-la-plaza-de-los-chicos.jpg\" alt=\"&quot;Petit Circus&quot;, del d\u00fao Parlanchinas\" title=\"&quot;Petit Circus&quot;, del d\u00fao Parlanchinas\"><\/p>\n<p>&#8220;Petit Circus&#8221;, del d\u00fao Parlanchinas<\/p>\n<\/div>\n<p><strong>&#8220;La Plaza de los Chicos&#8221;<\/strong>, el cl\u00e1sico festival de teatro para las infancias que organiza el Paseo La Plaza, se realizar\u00e1 los s\u00e1bados y domingos de agosto desde las 15 por streaming, con acceso gratuito y <strong>a beneficio del Banco de Alimentos de Buenos Aires<\/strong>.<\/p>\n<p>El festival comienza este s\u00e1bado con el espect\u00e1culo de acrobacia y malabares<strong> &#8220;Petit circus&#8221;, del d\u00fao Parlanchinas<\/strong>; mientras que el domingo ser\u00e1 el turno de <strong>&#8220;Volver a jugar&#8221;, de Les Ivans Circo<\/strong>, un show de circo, la m\u00fasica, la danza y clown.<\/p>\n<div class=\"image\" id=\"image\" readability=\"8\"> <img src=\"http:\/\/cordobadirecto.com\/wp-content\/uploads\/2021\/08\/se-realiza-de-forma-virtual-el-festival-solidario-la-plaza-de-los-chicos-1.jpg\" alt=\"&quot;Volver a jugar&quot;, de Les Ivans Circus\" title=\"&quot;Volver a jugar&quot;, de Les Ivans Circus\"><\/p>\n<p>&#8220;Volver a jugar&#8221;, de Les Ivans Circus<\/p>\n<\/div>\n<p><br open><br \/>\nEl s\u00e1bado 14 se podr\u00e1 ver <strong>&#8220;M\u00fasica maestro&#8221;<\/strong>, un espect\u00e1culo de teatro negro que invita a vivenciar la experiencia de hacer m\u00fasica; y el domingo 15 estar\u00e1 disponible <strong>&#8220;Rat\u00f3n P\u00e9rez, en busca del diente perdido&#8221;<\/strong>, que sigue las aventuras de un nene que quiere conocer al rat\u00f3n P\u00e9rez.<\/p>\n<p>En tanto, el s\u00e1bado 21 el encuentro ofrecer\u00e1 el espect\u00e1culo de percusi\u00f3n y clown <strong>&#8220;\u00a1Desenchufados-Teatro al toque!&#8221;<\/strong>, y el domingo 22 &#8220;<strong>Playa caracol&#8221;<\/strong>, una comedia del d\u00fao Parlanchinas.<\/p>\n<div class=\"image\" id=\"image\" readability=\"7\"> <img src=\"http:\/\/cordobadirecto.com\/wp-content\/uploads\/2021\/08\/se-realiza-de-forma-virtual-el-festival-solidario-la-plaza-de-los-chicos-2.jpg\" alt=\"Paola Mosca y Leticia Barbitta conforman el D\u00fao Parlanchimas\" title=\"Paola Mosca y Leticia Barbitta conforman el D\u00fao Parlanchimas\"><\/p>\n<p>Paola Mosca y Leticia Barbitta conforman el D\u00fao Parlanchimas<\/p>\n<\/div>\n<p><br open><br \/>\nPor \u00faltimo, el s\u00e1bado 28 se ofrecer\u00e1 <strong>&#8220;Buscando al amigo ideal&#8221;, de Circo Les Ivans<\/strong>; y el domingo 29 <strong>&#8220;Wifi Fest, la fiesta desenchufada!&#8221;<\/strong>, un espect\u00e1culo de percusi\u00f3n y clown.<\/p>\n<p>Cada espect\u00e1culo se podr\u00e1 visualizar desde cualquier dispositivo ingresando al sitio web www.laplazadeloschicos.com desde las 15 y quedar\u00e1 disponible durante 24 horas. <\/p>\n","protected":false},"excerpt":{"rendered":"<p>&#8220;Petit Circus&#8221;, del d\u00fao Parlanchinas &#8220;La Plaza de los Chicos&#8221;, el cl\u00e1sico festival de teatro para las infancias que organiza el Paseo La Plaza, se realizar\u00e1 los s\u00e1bados y domingos de agosto desde las 15 por streaming, con acceso gratuito y a beneficio del Banco de Alimentos de Buenos Aires. El festival comienza este s\u00e1bado [&hellip;]<\/p>\n","protected":false},"author":1,"featured_media":12942,"comment_status":"closed","ping_status":"closed","sticky":false,"template":"","format":"standard","meta":[],"categories":[20],"tags":[],"_links":{"self":[{"href":"http:\/\/cordobadirecto.com\/index.php\/wp-json\/wp\/v2\/posts\/12941"}],"collection":[{"href":"http:\/\/cordobadirecto.com\/index.php\/wp-json\/wp\/v2\/posts"}],"about":[{"href":"http:\/\/cordobadirecto.com\/index.php\/wp-json\/wp\/v2\/types\/post"}],"author":[{"embeddable":true,"href":"http:\/\/cordobadirecto.com\/index.php\/wp-json\/wp\/v2\/users\/1"}],"replies":[{"embeddable":true,"href":"http:\/\/cordobadirecto.com\/index.php\/wp-json\/wp\/v2\/comments?post=12941"}],"version-history":[{"count":0,"href":"http:\/\/cordobadirecto.com\/index.php\/wp-json\/wp\/v2\/posts\/12941\/revisions"}],"wp:featuredmedia":[{"embeddable":true,"href":"http:\/\/cordobadirecto.com\/index.php\/wp-json\/wp\/v2\/media\/12942"}],"wp:attachment":[{"href":"http:\/\/cordobadirecto.com\/index.php\/wp-json\/wp\/v2\/media?parent=12941"}],"wp:term":[{"taxonomy":"category","embeddable":true,"href":"http:\/\/cordobadirecto.com\/index.php\/wp-json\/wp\/v2\/categories?post=12941"},{"taxonomy":"post_tag","embeddable":true,"href":"http:\/\/cordobadirecto.com\/index.php\/wp-json\/wp\/v2\/tags?post=12941"}],"curies":[{"name":"wp","href":"https:\/\/api.w.org\/{rel}","templated":true}]}}