{"id":12964,"date":"2021-08-05T21:20:18","date_gmt":"2021-08-05T21:20:18","guid":{"rendered":"https:\/\/cordoba.gob.ar\/?p=11762"},"modified":"2021-08-05T21:20:18","modified_gmt":"2021-08-05T21:20:18","slug":"el-intendente-recorrio-el-nuevo-mural-del-viaducto-polonia-en-bajo-pueyrredon","status":"publish","type":"post","link":"http:\/\/cordobadirecto.com\/index.php\/2021\/08\/05\/el-intendente-recorrio-el-nuevo-mural-del-viaducto-polonia-en-bajo-pueyrredon\/","title":{"rendered":"El Intendente recorri\u00f3 el nuevo mural del viaducto Polonia en Bajo Pueyrred\u00f3n"},"content":{"rendered":"<div><img src=\"http:\/\/cordobadirecto.com\/wp-content\/uploads\/2021\/08\/el-intendente-recorrio-el-nuevo-mural-del-viaducto-polonia-en-bajo-pueyrredon.jpg\" class=\"ff-og-image-inserted\"><\/div>\n<ul>\n<li><strong>La obra, recientemente terminada, tiene 1400 metros cuadrados y estuvo a cargo del artista conocido como \u201cEl Cape\u201d.<\/strong><\/li>\n<li><strong>En el lugar se hicieron tambi\u00e9n arreglos generales.<\/strong><\/li>\n<\/ul>\n<hr>\n<p>El intendente Mart\u00edn Llaryora recorri\u00f3 el viaducto de calle Polonia, en inmediaciones del CPC Pueyrred\u00f3n, donde la Municipalidad de C\u00f3rdoba termin\u00f3 recientemente un mural de 1400 metros cuadrados en el marco del plan de recuperaci\u00f3n y puesta en valor de espacios ic\u00f3nicos de la ciudad.<\/p>\n<p>Llaryora felicit\u00f3 y agradeci\u00f3 al artista Hern\u00e1n Capelletti, conocido como \u201cEl Cape\u201d, quien estuvo a cago de la obra que demand\u00f3 m\u00e1s de dos meses de intervenciones que contaron con la participaci\u00f3n de vecinos de la zona, con la coordinaci\u00f3n del ente C\u00f3rdoba Obras y Servicios.<\/p>\n<p><em>\u201cEn este sector no se pod\u00eda transitar porque estaba totalmente abandonado. Trabajando en conjunto con los vecinos lo iluminamos, realizamos arreglos e hicimos una importante intervenci\u00f3n art\u00edstica\u201d<\/em>, coment\u00f3 Llaryora al recorrer el lugar.<\/p>\n<p>A lo largo de m\u00e1s de 200 metros de muros, la intervenci\u00f3n art\u00edstica expresa dos conceptos claramente definidos, donde la idea de econom\u00eda circular, separaci\u00f3n de residuos, reciclado y sustentabilidad convive con la cultura barrial del Bajo Pueyrred\u00f3n.<\/p>\n<p>Seg\u00fan explic\u00f3 el artista, en las pinturas <em>\u201cse pueden distinguir varios personajes del barrio, carreros y carreras, que son el denominador com\u00fan entre las dos tem\u00e1ticas que se trabajaron. Por un lado, la ciudad sustentable, la econom\u00eda circular y el reciclaje, y por el otro, la identidad cultural barrial\u201d.<\/em><\/p>\n<p><em>\u201cCuando hablamos de recuperar espacios, nos referimos a esto, espacios que antes estaban muy deteriorados, son recuperados en conjunto con vecinas, vecinos y el Estado, donde todos trabajamos a la par. La gesti\u00f3n de nuestro intendente Mart\u00edn Llaryora, tiene el objetivo de poner a C\u00f3rdoba de pie, de transformarla en una ciudad amigable del ambiente, pero tambi\u00e9n en una ciudad que incluya y no discrimine. Con mucho orgullo, hoy podemos decir que este mural, refleja todos esos conceptos\u201d<\/em>, expres\u00f3 Victoria Flores, titular del COyS.<\/p>\n<p>El mural de calle Polonia completa una serie de trabajos integrales realizados previamente en el sector que incluyeron la pintura de cordones cuneta, demarcaci\u00f3n de sendas peatonales, limpieza y desmalezado de veredas de calle Polonia y los alrededores de la pasarela. Tambi\u00e9n se repusieron tapas de cloaca y construy\u00f3 una rampa para personas con discapacidad en la esquina de Gavil\u00e1n y Armenia.<\/p>\n<p>En este sentido se expres\u00f3 Sandra, vecina del sector: <em>\u201cen el barrio estamos muy agradecidos porque esta calle antes era una boca de lobos y ahora qued\u00f3 hermoso con las luces, los arreglos y los murales.\u201d<\/em><\/p>\n<p>Un corredor de arte en torno al CPC Pueyrred\u00f3n<\/p>\n<p>Este gran mural de 1.400 metros cuadrados se suma y completa la propuesta, tambi\u00e9n plasmada por el artista Hern\u00e1n Capelletti, sobre los muros del mencionado Centro de Participaci\u00f3n Comunal.<\/p>\n<p>Dicha obra, inaugurada en septiembre de 2020 como parte del programa \u201cArte de Nuestra Gente\u201d, tiene 8 metros de alto y 35 de ancho.<\/p>\n","protected":false},"excerpt":{"rendered":"<p>La obra, recientemente terminada, tiene 1400 metros cuadrados y estuvo a cargo del artista conocido como \u201cEl Cape\u201d. En el lugar se hicieron tambi\u00e9n arreglos generales. El intendente Mart\u00edn Llaryora recorri\u00f3 el viaducto de calle Polonia, en inmediaciones del CPC Pueyrred\u00f3n, donde la Municipalidad de C\u00f3rdoba termin\u00f3 recientemente un mural de 1400 metros cuadrados en [&hellip;]<\/p>\n","protected":false},"author":1,"featured_media":12965,"comment_status":"closed","ping_status":"closed","sticky":false,"template":"","format":"standard","meta":[],"categories":[44],"tags":[],"_links":{"self":[{"href":"http:\/\/cordobadirecto.com\/index.php\/wp-json\/wp\/v2\/posts\/12964"}],"collection":[{"href":"http:\/\/cordobadirecto.com\/index.php\/wp-json\/wp\/v2\/posts"}],"about":[{"href":"http:\/\/cordobadirecto.com\/index.php\/wp-json\/wp\/v2\/types\/post"}],"author":[{"embeddable":true,"href":"http:\/\/cordobadirecto.com\/index.php\/wp-json\/wp\/v2\/users\/1"}],"replies":[{"embeddable":true,"href":"http:\/\/cordobadirecto.com\/index.php\/wp-json\/wp\/v2\/comments?post=12964"}],"version-history":[{"count":0,"href":"http:\/\/cordobadirecto.com\/index.php\/wp-json\/wp\/v2\/posts\/12964\/revisions"}],"wp:featuredmedia":[{"embeddable":true,"href":"http:\/\/cordobadirecto.com\/index.php\/wp-json\/wp\/v2\/media\/12965"}],"wp:attachment":[{"href":"http:\/\/cordobadirecto.com\/index.php\/wp-json\/wp\/v2\/media?parent=12964"}],"wp:term":[{"taxonomy":"category","embeddable":true,"href":"http:\/\/cordobadirecto.com\/index.php\/wp-json\/wp\/v2\/categories?post=12964"},{"taxonomy":"post_tag","embeddable":true,"href":"http:\/\/cordobadirecto.com\/index.php\/wp-json\/wp\/v2\/tags?post=12964"}],"curies":[{"name":"wp","href":"https:\/\/api.w.org\/{rel}","templated":true}]}}