{"id":12966,"date":"2021-08-05T21:00:05","date_gmt":"2021-08-05T21:00:05","guid":{"rendered":"https:\/\/cordoba.gob.ar\/?p=11756"},"modified":"2021-08-05T21:00:05","modified_gmt":"2021-08-05T21:00:05","slug":"continua-la-recuperacion-de-costanera-sur","status":"publish","type":"post","link":"http:\/\/cordobadirecto.com\/index.php\/2021\/08\/05\/continua-la-recuperacion-de-costanera-sur\/","title":{"rendered":"Contin\u00faa la recuperaci\u00f3n de Costanera Sur"},"content":{"rendered":"<ul>\n<li><strong>Se realizaron distintas intervenciones en otros 1200 metros del sector este de Costanera Sur.<\/strong><\/li>\n<li><strong>Las tareas incluyeron limpieza de espacios verdes, poda, desmalezado, nivelaci\u00f3n de veredas, forestaci\u00f3n, recuperaci\u00f3n de espacios deportivos, reparaci\u00f3n de juegos y la puesta en valor de una plaza.<\/strong><\/li>\n<\/ul>\n<hr>\n<p>Esta ma\u00f1ana, la Municipalidad de C\u00f3rdoba realiz\u00f3 una nueva intervenci\u00f3n sobre 1200 metros de Costanera Sur sobre barrio San Vicente, esta vez, entre los puentes Maldonado y Letizia, con el objetivo de continuar refuncionalizando y mejorando los sectores que se encuentran a la vera del r\u00edo Suqu\u00eda.<\/p>\n<p>Los trabajos se realizaron en el marco de la puesta en valor de la Costanera que lleva adelante la Unidad Ejecutora Costanera, dependiente de la Secretar\u00eda de Gobierno, junto a las Direcci\u00f3n de Espacios Verdes, de la Secretar\u00eda de Gesti\u00f3n Ambiental y Sostenibilidad, CPC San Vicente y vecinos de la zona.<\/p>\n<p><em>\u201cCuando empezamos la gesti\u00f3n, el intendente Mart\u00edn Llaryora nos planteaba como una prioridad recuperar nuestra Costanera, hacer que C\u00f3rdoba vuelva a sentir orgullo de su r\u00edo. Y eso es lo que estamos haciendo hoy, en esta segunda etapa de trabajos de recuperaci\u00f3n de la Costanera que viene de circunvalaci\u00f3n. Ver como las plazas, los espacios verdes y la vera del r\u00edo vuelven a ser de los vecinos, cuidados y limpios, nos llena de alegr\u00eda\u201d,<\/em> se\u00f1al\u00f3 el secretario de Gobierno, Miguel Siciliano.<\/p>\n<p>En la limpieza y mantenimiento de los espacios verdes, barrido y carpido de ciclov\u00edas y cordones, poda, desmalezado y nivelaci\u00f3n del suelo con 36 toneladas de tierra, participaron 70 servidores urbanos y personal de otras \u00e1reas municipales.<\/p>\n<p>Se retiraron restos de poda y m\u00e1s de 25 toneladas de basura. Tambi\u00e9n se realiz\u00f3 la plantaci\u00f3n de 50 \u00e1rboles y arbustos aut\u00f3ctonos m\u00e1s que se suman a las 250 especies que se colocaron recientemente en el sector.<\/p>\n<p>Adem\u00e1s, se instalaron nuevos bancos, mesas de hormig\u00f3n y de material reciclado, cestos de residuos, tareas que se realizaron junto a la recuperaci\u00f3n y mantenimiento del mobiliario urbano existente, instalaci\u00f3n de nuevos juegos y pintura de cordones.<\/p>\n<p>Paralelamente, se acondicionaron tres canchas de f\u00fatbol utilizadas por los vecinos de la zona, con pintura, reparaci\u00f3n y demarcaci\u00f3n del espacio deportivo.<\/p>\n<p>A las acciones se le suma la puesta en valor de la plaza Madre de Cabanillas ubicada entre la calle Ismael Galindez y Pasaje Ma\u00f1asco.<\/p>\n<p><em>\u201cRealizamos limpieza, recolecci\u00f3n de basura, refuncionalizamos los juegos, agregamos cestos de basura, plantamos \u00e1rboles, siempre con el objetivo de mejorar nuestra costanera y hacer que los vecinos se apropien de ella\u201d<\/em>, sostuvo el director de la Unidad Ejecutora Costanera, Mariano Montedoro.<\/p>\n<p>Cabe recordar que d\u00edas atr\u00e1s los trabajos de la Unidad Ejecutora Costanera se focalizaron en la recuperaci\u00f3n de 2.400 metros de Costanera Sur sobre los barrios San Vicente y M\u00fcller, donde adem\u00e1s se lleva adelante un un nuevo mural del programa \u201cArte de Nuestra Gente\u201d, de la Subsecretar\u00eda de Cultura, en una superficie de 800 m2 de la mano del artista local Mario V\u00e9lez para revalorizar la zona.<\/p>\n<p class=\"wpex-roembed wpex-clr\"><a data-flickr-embed=\"true\" href=\"https:\/\/www.flickr.com\/photos\/158498840@N03\/albums\/72157719645343571\" title=\"Contin\u00faa la recuperaci\u00f3n de Costanera Sur by Municipalidad de C\u00f3rdoba, on Flickr\"><img loading=\"lazy\" src=\"http:\/\/cordobadirecto.com\/wp-content\/uploads\/2021\/08\/continua-la-recuperacion-de-costanera-sur.jpg\" width=\"800\" height=\"600\" alt=\"Contin\u00faa la recuperaci\u00f3n de Costanera Sur\"><\/a><\/p>\n<hr>\n","protected":false},"excerpt":{"rendered":"<p>Se realizaron distintas intervenciones en otros 1200 metros del sector este de Costanera Sur. Las tareas incluyeron limpieza de espacios verdes, poda, desmalezado, nivelaci\u00f3n de veredas, forestaci\u00f3n, recuperaci\u00f3n de espacios deportivos, reparaci\u00f3n de juegos y la puesta en valor de una plaza. Esta ma\u00f1ana, la Municipalidad de C\u00f3rdoba realiz\u00f3 una nueva intervenci\u00f3n sobre 1200 metros [&hellip;]<\/p>\n","protected":false},"author":1,"featured_media":12967,"comment_status":"closed","ping_status":"closed","sticky":false,"template":"","format":"standard","meta":[],"categories":[44],"tags":[],"_links":{"self":[{"href":"http:\/\/cordobadirecto.com\/index.php\/wp-json\/wp\/v2\/posts\/12966"}],"collection":[{"href":"http:\/\/cordobadirecto.com\/index.php\/wp-json\/wp\/v2\/posts"}],"about":[{"href":"http:\/\/cordobadirecto.com\/index.php\/wp-json\/wp\/v2\/types\/post"}],"author":[{"embeddable":true,"href":"http:\/\/cordobadirecto.com\/index.php\/wp-json\/wp\/v2\/users\/1"}],"replies":[{"embeddable":true,"href":"http:\/\/cordobadirecto.com\/index.php\/wp-json\/wp\/v2\/comments?post=12966"}],"version-history":[{"count":0,"href":"http:\/\/cordobadirecto.com\/index.php\/wp-json\/wp\/v2\/posts\/12966\/revisions"}],"wp:featuredmedia":[{"embeddable":true,"href":"http:\/\/cordobadirecto.com\/index.php\/wp-json\/wp\/v2\/media\/12967"}],"wp:attachment":[{"href":"http:\/\/cordobadirecto.com\/index.php\/wp-json\/wp\/v2\/media?parent=12966"}],"wp:term":[{"taxonomy":"category","embeddable":true,"href":"http:\/\/cordobadirecto.com\/index.php\/wp-json\/wp\/v2\/categories?post=12966"},{"taxonomy":"post_tag","embeddable":true,"href":"http:\/\/cordobadirecto.com\/index.php\/wp-json\/wp\/v2\/tags?post=12966"}],"curies":[{"name":"wp","href":"https:\/\/api.w.org\/{rel}","templated":true}]}}