{"id":12984,"date":"2021-08-06T00:07:00","date_gmt":"2021-08-06T00:07:00","guid":{"rendered":"http:\/\/cordobadirecto.com\/index.php\/2021\/08\/06\/la-mitad-de-los-autos-que-se-vendan-en-estados-unidos-en-2030-seran-electricos\/"},"modified":"2021-08-06T00:07:00","modified_gmt":"2021-08-06T00:07:00","slug":"la-mitad-de-los-autos-que-se-vendan-en-estados-unidos-en-2030-seran-electricos","status":"publish","type":"post","link":"http:\/\/cordobadirecto.com\/index.php\/2021\/08\/06\/la-mitad-de-los-autos-que-se-vendan-en-estados-unidos-en-2030-seran-electricos\/","title":{"rendered":"La mitad de los autos que se vendan en Estados Unidos en 2030 ser\u00e1n el\u00e9ctricos"},"content":{"rendered":"<div class=\"image\" id=\"image\" readability=\"8\"> <img src=\"http:\/\/cordobadirecto.com\/wp-content\/uploads\/2021\/08\/la-mitad-de-los-autos-que-se-vendan-en-estados-unidos-en-2030-seran-electricos.jpg\" alt=\"El presidente de EEUU decret\u00f3 que la mitad de los automotores sean el\u00e9ctricos y de \u201cemisi\u00f3n cero\u201d en 2030\" title=\"El presidente de EEUU decret\u00f3 que la mitad de los automotores sean el\u00e9ctricos y de \u201cemisi\u00f3n cero\u201d en 2030\"><\/p>\n<p>El presidente de EEUU decret\u00f3 que la mitad de los automotores sean el\u00e9ctricos y de \u201cemisi\u00f3n cero\u201d en 2030<\/p>\n<\/div>\n<p>El presidente de Estados Unidos, Joe Biden, estableci\u00f3 este jueves por decreto el objetivo de que en 2030, la mitad de los automotores nuevos que se vendan sean el\u00e9ctricos y de \u201cemisi\u00f3n cero\u201d, se inform\u00f3 oficialmente.<\/p>\n<p><strong>La norma fija la \u201cmeta de que 50% de todos los autom\u00f3viles de pasajeros nuevos y camiones ligeros vendidos en 2030 sean veh\u00edculos de emisi\u00f3n cero\u201d,<\/strong> dice el texto publicado en el sitio web de la Casa Blanca.<\/p>\n<p>El documento incluye <strong>\u201clos veh\u00edculos el\u00e9ctricos de bater\u00eda, el\u00e9ctricos h\u00edbridos enchufables o el\u00e9ctricos de celda de combustible\u201d<\/strong>.<\/p>\n<p>El texto sostiene que<strong> \u201cEstados Unidos debe liderar el mundo en autom\u00f3viles y camiones limpios y eficientes\u201d.<\/strong><\/p>\n<div class=\"js-code\" readability=\"8.1210191082803\">\n<blockquote class=\"twitter-tweet\" readability=\"9.5541401273885\">\n<p lang=\"en\" dir=\"ltr\">We have to leverage a whole-of-government effort to lift up workers and strengthen American leadership in the clean cars of the future.<\/p>\n<p>To set that all-out effort into motion, I\u2019m signing an executive order with a target of electrifying 50% of all vehicles sold by 2030.<\/p>\n<p>\u2014 President Biden (@POTUS) <a href=\"https:\/\/twitter.com\/POTUS\/status\/1423369493263306756?ref_src=twsrc%5Etfw\">August 5, 2021<\/a><\/p><\/blockquote><\/div>\n<p>Para cumplir ese objetivo, promete que la administraci\u00f3n<strong> Biden \u201cpriorizar\u00e1 el establecimiento de est\u00e1ndares claros, la expansi\u00f3n de la infraestructura clave, el impulso a la innovaci\u00f3n cr\u00edtica y la inversi\u00f3n en el trabajador automotor estadounidense\u201d.<\/strong><\/p>\n<p><strong>\u201cEsto nos permitir\u00e1 impulsar puestos de trabajo con buenos salarios y beneficios en todo Estados Unidos, a lo largo de toda la cadena de suministro para el sector automotor, desde la fabricaci\u00f3n de piezas y equipos hasta el ensamblaje final<\/strong>\u201d, agrega.<\/p>\n<div class=\"image\" id=\"image\" readability=\"7\"> <img src=\"http:\/\/cordobadirecto.com\/wp-content\/uploads\/2021\/08\/la-mitad-de-los-autos-que-se-vendan-en-estados-unidos-en-2030-seran-electricos-1.jpg\" alt=\"Una apuesta por el medioambiente que impactar\u00e1 en la industria automotriz mundial.\" title=\"Una apuesta por el medioambiente que impactar\u00e1 en la industria automotriz mundial.\"><\/p>\n<p>Una apuesta por el medioambiente que impactar\u00e1 en la industria automotriz mundial.<\/p>\n<\/div>\n<p>\u201c<strong>Es pol\u00edtica de mi administraci\u00f3n promover estos objetivos para mejorar nuestra econom\u00eda y la salud p\u00fablica, impulsar la seguridad energ\u00e9tica, asegurar los ahorros de los consumidores, promover la justicia ambiental y abordar la crisis clim\u00e1tica\u201d<\/strong>, subray\u00f3 Biden en el decreto.<\/p>\n<p>Al presentar la norma en los jardines de la Casa Blanca, donde hab\u00eda autom\u00f3viles el\u00e9ctricos estacionados, dijo que estos representaban \u201cuna visi\u00f3n del futuro que ahora est\u00e1 comenzando a suceder\u201d.<\/p>\n<div class=\"js-code\" readability=\"6.5377358490566\">\n<blockquote class=\"twitter-tweet\" readability=\"6.5377358490566\">\n<p lang=\"en\" dir=\"ltr\">Today, I am following through with a campaign commitment to reverse the previous administration\u2019s short-sighted rollback of vehicle emissions and efficiency standards.<\/p>\n<p>\u2014 President Biden (@POTUS) <a href=\"https:\/\/twitter.com\/POTUS\/status\/1423367221175361539?ref_src=twsrc%5Etfw\">August 5, 2021<\/a><\/p><\/blockquote><\/div>\n<p><strong>\u201cUn futuro de la industria automotriz que es el\u00e9ctrico, el\u00e9ctrico de bater\u00eda, el\u00e9ctrico h\u00edbrido enchufable, el\u00e9ctrico de pila de combustible; es el\u00e9ctrico y no hay retorno; la cuesti\u00f3n es si vamos a liderar o quedar rezagados\u201d<\/strong>, remarc\u00f3 el mandatario.<\/p>\n<p>Biden plante\u00f3 la medida como una forma de competir con China y otros pa\u00edses que invirtieron en la producci\u00f3n de veh\u00edculos el\u00e9ctricos, y tambi\u00e9n de transformar el sector del transporte, que es la mayor fuente de emisiones contaminantes en Estados Unidos, seg\u00fan la agencia de noticias AFP.<\/p>\n<p>La expectativa de la industria es que un aumento significativo del uso de autos el\u00e9ctricos, que <strong>en 2020 representaron apenas 2% de los veh\u00edculos nuevos vendidos, est\u00e9 acompa\u00f1ado por una expansi\u00f3n de las estaciones de carga y sea aceptado por los consumidores.<\/strong><\/p>\n<p>Las tres grandes f\u00e1bricas de autom\u00f3viles del pa\u00eds<strong> -General Motors, Ford y Stellantis- expresaron en una declaraci\u00f3n conjunta su \u201cambici\u00f3n com\u00fan\u201d de que para 2030, entre 40% y 50% de los veh\u00edculos nuevos sean el\u00e9ctricos.<\/strong><\/p>\n<p>Advirtieron que el cambio \u201csolo se puede lograr\u201d con incentivos para que los consumidores los compren y una infraestructura adecuada, empezando por una red de estaciones de carga.<\/p>\n<div class=\"js-code\" readability=\"5.2631578947368\">\n<blockquote class=\"twitter-tweet\" readability=\"4.3859649122807\">\n<p lang=\"en\" dir=\"ltr\">The future of the auto industry is electric. There\u2019s no turning back.<\/p>\n<p>\u2014 President Biden (@POTUS) <a href=\"https:\/\/twitter.com\/POTUS\/status\/1423366481753133063?ref_src=twsrc%5Etfw\">August 5, 2021<\/a><\/p><\/blockquote><\/div>\n<p>La iniciativa tambi\u00e9n fue respaldada por el poderoso sindicato United Auto Workers (UAW).<\/p>\n<p>\u201cLos miembros de la UAW est\u00e1n preparados para construir estos coches, estos camiones el\u00e9ctricos y las bater\u00edas que llevan; nuestros miembros son el arma secreta de Estados Unidos para ganar esta carrera mundial\u201d, dijo el presidente de la UAW, Ray Curry, citado en un comunicado de la Casa Blanca.<\/p>\n<p>En tanto, la prensa coment\u00f3 con <strong>sorpresa la ausencia en la ceremonia del magnate Elon Musk, pese a la popularidad de sus autom\u00f3viles el\u00e9ctricos Tesla.<\/strong><\/p>\n<p>\u201cS\u00ed, parece raro que Tesla no fuera invitada\u201d, admiti\u00f3 Musk, criticado a menudo por sus pr\u00e1cticas consideradas antisindicales, en Twitter.<\/p>\n<p>La vocera de la Casa Blanca, Jen Psaki, explic\u00f3 que se invit\u00f3 al acto a \u201clos tres principales actores clave\u201d de la industria automotriz, en alusi\u00f3n a General Motors, Ford y Stellantis. <\/p>\n","protected":false},"excerpt":{"rendered":"<p>El presidente de EEUU decret\u00f3 que la mitad de los automotores sean el\u00e9ctricos y de \u201cemisi\u00f3n cero\u201d en 2030 El presidente de Estados Unidos, Joe Biden, estableci\u00f3 este jueves por decreto el objetivo de que en 2030, la mitad de los automotores nuevos que se vendan sean el\u00e9ctricos y de \u201cemisi\u00f3n cero\u201d, se inform\u00f3 oficialmente. [&hellip;]<\/p>\n","protected":false},"author":1,"featured_media":12985,"comment_status":"closed","ping_status":"closed","sticky":false,"template":"","format":"standard","meta":[],"categories":[24],"tags":[],"_links":{"self":[{"href":"http:\/\/cordobadirecto.com\/index.php\/wp-json\/wp\/v2\/posts\/12984"}],"collection":[{"href":"http:\/\/cordobadirecto.com\/index.php\/wp-json\/wp\/v2\/posts"}],"about":[{"href":"http:\/\/cordobadirecto.com\/index.php\/wp-json\/wp\/v2\/types\/post"}],"author":[{"embeddable":true,"href":"http:\/\/cordobadirecto.com\/index.php\/wp-json\/wp\/v2\/users\/1"}],"replies":[{"embeddable":true,"href":"http:\/\/cordobadirecto.com\/index.php\/wp-json\/wp\/v2\/comments?post=12984"}],"version-history":[{"count":0,"href":"http:\/\/cordobadirecto.com\/index.php\/wp-json\/wp\/v2\/posts\/12984\/revisions"}],"wp:featuredmedia":[{"embeddable":true,"href":"http:\/\/cordobadirecto.com\/index.php\/wp-json\/wp\/v2\/media\/12985"}],"wp:attachment":[{"href":"http:\/\/cordobadirecto.com\/index.php\/wp-json\/wp\/v2\/media?parent=12984"}],"wp:term":[{"taxonomy":"category","embeddable":true,"href":"http:\/\/cordobadirecto.com\/index.php\/wp-json\/wp\/v2\/categories?post=12984"},{"taxonomy":"post_tag","embeddable":true,"href":"http:\/\/cordobadirecto.com\/index.php\/wp-json\/wp\/v2\/tags?post=12984"}],"curies":[{"name":"wp","href":"https:\/\/api.w.org\/{rel}","templated":true}]}}