{"id":12986,"date":"2021-08-05T20:13:00","date_gmt":"2021-08-05T20:13:00","guid":{"rendered":"http:\/\/cordobadirecto.com\/index.php\/2021\/08\/05\/mas-paises-ricos-desoyen-a-la-oms-y-africa-al-avanzar-con-una-tercera-dosis\/"},"modified":"2021-08-05T20:13:00","modified_gmt":"2021-08-05T20:13:00","slug":"mas-paises-ricos-desoyen-a-la-oms-y-africa-al-avanzar-con-una-tercera-dosis","status":"publish","type":"post","link":"http:\/\/cordobadirecto.com\/index.php\/2021\/08\/05\/mas-paises-ricos-desoyen-a-la-oms-y-africa-al-avanzar-con-una-tercera-dosis\/","title":{"rendered":"M\u00e1s pa\u00edses ricos desoyen a la OMS y \u00c1frica al avanzar con una tercera dosis"},"content":{"rendered":"<div class=\"image\" id=\"image\" readability=\"7\"> <img src=\"http:\/\/cordobadirecto.com\/wp-content\/uploads\/2021\/08\/mas-paises-ricos-desoyen-a-la-oms-y-africa-al-avanzar-con-una-tercera-dosis.jpg\" alt=\"Francia anunci\u00f3 que dar\u00e1 una tercera dosis.\" title=\"Francia anunci\u00f3 que dar\u00e1 una tercera dosis.\"><\/p>\n<p>Francia anunci\u00f3 que dar\u00e1 una tercera dosis.<\/p>\n<\/div>\n<p><a href=\"https:\/\/www.telam.com.ar\/notas\/202108\/563945-grancia-oms-coronavirus-vacunas-emmanuel-macron.html\" target=\"_blank\" rel=\"noopener\">Francia anunci\u00f3 que administrar\u00e1 una tercera dosis de vacuna contra el coronavirus<\/a> a grupos de riesgo y se suma as\u00ed a otros pa\u00edses ricos que avanzar\u00e1n con esta medida, respaldada por las grandes farmac\u00e9uticas y criticada por la Organizaci\u00f3n Mundial de la Salud (OMS) y \u00c1frica que exigen terminar primero con la inequidad en el acceso a los inmunizantes.<\/p>\n<p>El presidente Emmanuel Macron inform\u00f3&nbsp; en un video publicado en redes sociales que esa inmunizaci\u00f3n de refuerzo no ser\u00e1 &#8220;en lo inmediato&#8221; para toda la poblaci\u00f3n, sino para las &#8220;personas mayores y m\u00e1s vulnerables&#8221;.<\/p>\n<p>Actualmente, en Francia se recomienda una tercera dosis \u00fanicamente a las personas inmunodeprimidas, como por ejemplo aquellas que recibieron un trasplante.<\/p>\n<p>Otros pa\u00edses europeos, como <strong>Alemania<\/strong>, ya <strong>anunciaron que administrar\u00e1n una vacuna de refuerzo anticovid a las personas mayores y vulnerables a partir de septiembre<\/strong>, as\u00ed como a quienes no hayan recibido el inmunizante de Pfizer o Moderna que cuentan con tecnolog\u00eda de ARN mensajero.<\/p>\n<blockquote readability=\"8\">\n<p>&#8220;Necesitamos cambiar las cosas urgentemente: que la mayor\u00eda de vacunas dejen de ir a los pa\u00edses ricos para que vayan a los pobres&#8221;<span class=\"comilla\">\u201d<\/span><\/p>\n<p><span>Tedros Adhanom Ghebreyesus<\/span><\/p>\n<\/blockquote>\n<p>Estos planes avanzan pese a la exhortaci\u00f3n de la OMS que llam\u00f3 a suspender &#8220;por lo menos hasta fines de septiembre&#8221; la administraci\u00f3n de terceras dosis, donar esas vacunas a las regiones m\u00e1s atrasadas en sus campa\u00f1as y lograr la meta de que al menos el 10% de la poblaci\u00f3n de cada pa\u00eds est\u00e9 inmunizada para fin de este a\u00f1o.<\/p>\n<div class=\"image\" id=\"image\" readability=\"7\"> <img src=\"http:\/\/cordobadirecto.com\/wp-content\/uploads\/2021\/08\/mas-paises-ricos-desoyen-a-la-oms-y-africa-al-avanzar-con-una-tercera-dosis-1.jpg\" alt=\"Tedros Adhanom Ghebreyesus\" title=\"Tedros Adhanom Ghebreyesus\"><\/p>\n<p>Tedros Adhanom Ghebreyesus<\/p>\n<\/div>\n<p>&#8220;Necesitamos cambiar las cosas urgentemente: que la mayor\u00eda de vacunas dejen de ir a los pa\u00edses ricos para que vayan a los pobres&#8221;, declar\u00f3 en conferencia de prensa el director general del organismo sanitario, Tedros Adhanom Ghebreyesus.<\/p>\n<p><strong>&#8220;Entendemos la preocupaci\u00f3n de los Gobiernos por proteger a sus poblaciones de la variante Delta, pero no podemos aceptar que los pa\u00edses que ya utilizaron la mayor\u00eda de los suministros de vacunas, utilicen todav\u00eda m\u00e1s, mientras que las poblaciones m\u00e1s vulnerables del mundo siguen sin protecci\u00f3n&#8221;<\/strong>, a\u00f1adi\u00f3.<\/p>\n<p>La postura de la Uni\u00f3n Europea<\/p>\n<p>Lejos de aceptar este pedido, la Uni\u00f3n Europea (UE) dej\u00f3&nbsp; abierta la puerta a que m\u00e1s naciones del bloque se sumen a Francia y Alemania al indicar que la decisi\u00f3n de reforzar las inoculaciones &#8220;corresponde a cada Estado miembro&#8221;.<\/p>\n<div class=\"image\" id=\"image\"> <img src=\"http:\/\/cordobadirecto.com\/wp-content\/uploads\/2021\/08\/mas-paises-ricos-desoyen-a-la-oms-y-africa-al-avanzar-con-una-tercera-dosis-2.jpg\" alt=\"Uni\u00f3n Europea\" title=\"Uni\u00f3n Europea\"><\/p>\n<p>Uni\u00f3n Europea<\/p>\n<\/div>\n<p>&#8220;Como siempre, animamos a que estas decisiones est\u00e9n basadas en las evidencias cient\u00edficas y en l\u00ednea con las recomendaciones de la Autoridad Europea del Medicamento (EMA)&#8221;, expres\u00f3 la portavoz de la Comisi\u00f3n Europea, Arianna Podesta.<\/p>\n<p>Por ahora el ente regulador no se pronunci\u00f3 sobre el tema, pero la UE sigue firmando nuevos contratos con diversos laboratorios para asegurarse el suministro ante un eventual refuerzo o para hacer frente a las nuevas variantes del virus.<\/p>\n<p><strong>Estados Unidos rechaz\u00f3 tambi\u00e9n&nbsp; el llamado de la OMS al que calific\u00f3 como &#8220;una elecci\u00f3n falsa&#8221;<\/strong> ya que, en palabras de la secretaria de prensa de la Casa Blanca, Jen Psaki, el pa\u00eds &#8220;puede hacer ambas cosas&#8221;, donar vacunas al extranjero y al mismo tiempo garantizar que todos sus ciudadanos reciban dosis extras.<\/p>\n<p>En la misma l\u00ednea, el <strong>Gobierno israel\u00ed<\/strong> continu\u00f3 con la campa\u00f1a iniciada el viernes pasado para administrar terceras dosis a mayores de 60 a\u00f1os.<\/p>\n<div class=\"image\" id=\"image\"> <img src=\"http:\/\/cordobadirecto.com\/wp-content\/uploads\/2021\/08\/mas-paises-ricos-desoyen-a-la-oms-y-africa-al-avanzar-con-una-tercera-dosis-3.jpg\" alt=\"Israel\" title=\"Israel\"><\/p>\n<p>Israel<\/p>\n<\/div>\n<p>El presidente Isaac Herzog, el l\u00edder de la oposici\u00f3n Benjam\u00edn Netanyahu y la madre del primer ministro Nafatli Bennett ya recibieron una nueva inoculaci\u00f3n, bajo el argumento de su efectividad para reforzar el sistema inmunol\u00f3gico frente a la variante Delta.<\/p>\n<p>La falta de vacunas en los pa\u00edses pobres<\/p>\n<p>En contraposici\u00f3n, en \u00c1frica solo el 1,58% de sus 1.200 millones de habitantes est\u00e1 inmunizado contra la Covid-19 con pauta completa y el 3,71% recibi\u00f3 al menos una dosis.<\/p>\n<p>&#8220;Nuestra posici\u00f3n es clara. Necesitamos vacunar a tanta gente como sea posible con las que tenemos disponibles antes de empezar a mirar hacia dosis de refuerzo&#8221;, indic\u00f3 hoy el director de los Centros para el Control y Prevenci\u00f3n de Enfermedades de \u00c1frica (\u00c1frica CDC) de la Uni\u00f3n Africana, John Nkengasong, que contrajo coronavirus la semana pasada.<\/p>\n<div class=\"image\" id=\"image\" readability=\"8\"> <img src=\"http:\/\/cordobadirecto.com\/wp-content\/uploads\/2021\/08\/mas-paises-ricos-desoyen-a-la-oms-y-africa-al-avanzar-con-una-tercera-dosis-4.jpg\" alt=\"Sud\u00e1frica, la cara de la desigualdad para el acceso a las vacunas.\" title=\"Sud\u00e1frica, la cara de la desigualdad para el acceso a las vacunas.\"><\/p>\n<p>Sud\u00e1frica, la cara de la desigualdad para el acceso a las vacunas.<\/p>\n<\/div>\n<p>&#8220;Ya no estar\u00eda aqu\u00ed&#8221; si no me hubiera vacunado antes, destac\u00f3 hoy Nkengasong, citado por la cadena ABC News, en momentos en que m\u00e1s de la mitad de los 55 estados de \u00c1frica experimentan un resurgimiento de infecciones.<\/p>\n<p>En la regi\u00f3n, Uruguay ya abri\u00f3 un registro para administrar una tercera dosis a quienes recibieron las dos del inmunizante chino Sinovac o que forman parte de los grupos de riesgo.<\/p>\n<p>En igual sentido, el presidente de <strong>Chile<\/strong>, Sebasti\u00e1n Pi\u00f1era, anunci\u00f3&nbsp; que las personas que fueron inyectadas con Sinovac recibir\u00e1n una tercera dosis de las de AstraZeneca o Pfizer\/BioNTech, en un plan que se pondr\u00e1 en marcha el 11 de agosto comenzando con los mayores de 86 a\u00f1os<\/p>\n<div class=\"js-code\" readability=\"8.034435261708\">\n<blockquote class=\"twitter-tweet\" readability=\"10.148760330579\">\n<p lang=\"es\" dir=\"ltr\">Este mi\u00e9rcoles comenzaremos a aplicar una <a href=\"https:\/\/twitter.com\/hashtag\/DosisDeRefuerzo?src=hash&amp;ref_src=twsrc%5Etfw\">#DosisDeRefuerzo<\/a> a la poblaci\u00f3n ya vacunada.<\/p>\n<p>Primero ser\u00e1n las personas mayores de 55 a\u00f1os que ya tienen dos dosis de Sinovac.<\/p>\n<p>Este refuerzo nos proteger\u00e1 mejor, incluyendo variante Delta, y nos dar\u00e1 mayores libertades y oportunidades. <a href=\"https:\/\/t.co\/Ft9JAFajCh\">pic.twitter.com\/Ft9JAFajCh<\/a><\/p>\n<p>\u2014 Sebastian Pi\u00f1era (@sebastianpinera) <a href=\"https:\/\/twitter.com\/sebastianpinera\/status\/1423329151071756291?ref_src=twsrc%5Etfw\">August 5, 2021<\/a><\/p><\/blockquote><\/div>\n<p>La idea de una tercera dosis est\u00e1 apoyada por las grandes farmac\u00e9uticas que ven incrementar sus ingresos econ\u00f3micos a medida que crece la demanda de inmunizantes.<\/p>\n<p>&#8220;Creemos que un refuerzo probablemente ser\u00e1 necesario este oto\u00f1o (en el hemisferio norte), particularmente debido a la variante Delta&#8221;, se\u00f1al\u00f3 el laboratorio estadounidense Moderna a trav\u00e9s de un documento, el mismo d\u00eda en que report\u00f3 ganancias por 4.001 millones de d\u00f3lares hasta junio, en el primer beneficio neto semestral de su historia.<\/p>\n<p>Pfizer, que la semana pasada elev\u00f3 cerca de un 30% sus proyecciones de ingresos para este a\u00f1o, anunci\u00f3 tambi\u00e9n que una tercera inyecci\u00f3n administrada al menos 6 meses despu\u00e9s de la segunda &#8220;provoca t\u00edtulos neutralizantes contra la variante Delta, que es m\u00e1s de cinco veces mayor en personas m\u00e1s j\u00f3venes y m\u00e1s de 11 veces mayor en personas mayores que despu\u00e9s de dos dosis&#8221;. <\/p>\n","protected":false},"excerpt":{"rendered":"<p>Francia anunci\u00f3 que dar\u00e1 una tercera dosis. Francia anunci\u00f3 que administrar\u00e1 una tercera dosis de vacuna contra el coronavirus a grupos de riesgo y se suma as\u00ed a otros pa\u00edses ricos que avanzar\u00e1n con esta medida, respaldada por las grandes farmac\u00e9uticas y criticada por la Organizaci\u00f3n Mundial de la Salud (OMS) y \u00c1frica que exigen [&hellip;]<\/p>\n","protected":false},"author":1,"featured_media":12987,"comment_status":"closed","ping_status":"closed","sticky":false,"template":"","format":"standard","meta":[],"categories":[24],"tags":[],"_links":{"self":[{"href":"http:\/\/cordobadirecto.com\/index.php\/wp-json\/wp\/v2\/posts\/12986"}],"collection":[{"href":"http:\/\/cordobadirecto.com\/index.php\/wp-json\/wp\/v2\/posts"}],"about":[{"href":"http:\/\/cordobadirecto.com\/index.php\/wp-json\/wp\/v2\/types\/post"}],"author":[{"embeddable":true,"href":"http:\/\/cordobadirecto.com\/index.php\/wp-json\/wp\/v2\/users\/1"}],"replies":[{"embeddable":true,"href":"http:\/\/cordobadirecto.com\/index.php\/wp-json\/wp\/v2\/comments?post=12986"}],"version-history":[{"count":0,"href":"http:\/\/cordobadirecto.com\/index.php\/wp-json\/wp\/v2\/posts\/12986\/revisions"}],"wp:featuredmedia":[{"embeddable":true,"href":"http:\/\/cordobadirecto.com\/index.php\/wp-json\/wp\/v2\/media\/12987"}],"wp:attachment":[{"href":"http:\/\/cordobadirecto.com\/index.php\/wp-json\/wp\/v2\/media?parent=12986"}],"wp:term":[{"taxonomy":"category","embeddable":true,"href":"http:\/\/cordobadirecto.com\/index.php\/wp-json\/wp\/v2\/categories?post=12986"},{"taxonomy":"post_tag","embeddable":true,"href":"http:\/\/cordobadirecto.com\/index.php\/wp-json\/wp\/v2\/tags?post=12986"}],"curies":[{"name":"wp","href":"https:\/\/api.w.org\/{rel}","templated":true}]}}