{"id":12991,"date":"2021-08-06T13:37:09","date_gmt":"2021-08-06T13:37:09","guid":{"rendered":"https:\/\/es.digitaltrends.com\/?p=845925"},"modified":"2021-08-06T13:37:09","modified_gmt":"2021-08-06T13:37:09","slug":"xiaomi-muestra-la-primera-imagen-de-la-nueva-mi-pad-5","status":"publish","type":"post","link":"http:\/\/cordobadirecto.com\/index.php\/2021\/08\/06\/xiaomi-muestra-la-primera-imagen-de-la-nueva-mi-pad-5\/","title":{"rendered":"Xiaomi muestra la primera imagen de la nueva Mi Pad 5"},"content":{"rendered":"<p>Xiaomi se est\u00e1 tomando muy en serio esto de encabezar los r\u00e1nkings mundiales y pasar por delante de empresas como Samsung o Apple. Tanto es as\u00ed que la empresa tiene preparado un dispositivo que quiere competir cara a cara nada menos que con el iPad Pro de los de Cupertino. Se trata de la nueva tableta Mi Pad 5, un dispositivo del que la empresa ha mostrado la primera foto oficial en la <a href=\"https:\/\/www.xda-developers.com\/xiaomi-mi-pad-5-launch-date\/\" target=\"_blank\" rel=\"noopener\">red social Weibo<\/a> y de la que se han filtrado algunas especificaciones.<\/p>\n<p>Como podemos ver en la imagen la tableta contar\u00e1 con un l\u00e1piz \u00f3ptico que seg\u00fan algunos rumores, se llamar\u00eda Xiaomi Smart Pen. Adem\u00e1s los &nbsp;rumores apuntan a que llegar\u00e1 con una pantalla de 10.9 pulgadas con tasa de actualizaci\u00f3n de 120 Hz y y un procesador Snapdragon 860. Se espera que adem\u00e1s exista un segundo modelo que llegar\u00eda con el procesador Snapdragon 870.<\/p>\n<figure class=\"aligncenter\"><img src=\"http:\/\/cordobadirecto.com\/wp-content\/uploads\/2021\/08\/xiaomi-muestra-la-primera-imagen-de-la-nueva-mi-pad-5.gif\" data-dt-lazy-src=\"https:\/\/icdn.dtcn.com\/image\/digitaltrends_es\/xiaomi-mi-pad-5-launch-announcement-360x480.jpg\" onerror=\"dti_load_error(this)\" class=\" wp-image-845927 size-full dt-lazy-load dt-lazy-pending\" alt><\/figure>\n<p>Algunas filtraciones han mostrado tambi\u00e9n <a href=\"https:\/\/www.xda-developers.com\/xiaomi-tablet-keyboard-cover-leak\/\" target=\"_blank\" rel=\"noopener\">un teclado muy similar<\/a> al Magic Keyboard del iPad y se espera que la tableta tenga una c\u00e1mara dual en la parte trasera, un lector de huellas ubicado en el lateral derecho y una bater\u00eda de 8,720 mAh. Xiaomi ha tardado casi tres a\u00f1os en renovar sus tabletas, por lo que adem\u00e1s de la expectaci\u00f3n generada por el parecido de este dispositivo con el iPad Pro, hay muchas ganas de conocer todas las innovaciones que la empresa ha implementado entre generaciones.<\/p>\n<p>El lanzamiento de la tableta se espera para el 10 de agosto, mismo d\u00eda en el que la empresa tambi\u00e9n presentar\u00e1 en sociedad su esperado tel\u00e9fono insignia, <a href=\"https:\/\/es.digitaltrends.com\/noticias\/xiaomi-mi-mix-4-incluira-lente-liquida-confirma-compania-weibo\/\">el Xiaomi Mi Mix 4.<\/a><\/p>\n<h4 class=\"h-editors-recs-title\"> Recomendaciones del editor\t<\/h4>\n<p> <span id=\"publisher-md\" itemprop=\"publisher\" itemscope itemtype=\"https:\/\/schema.org\/Organization\"> <span itemprop=\"url\" itemtype=\"https:\/\/schema.org\/Url\" content=\"https:\/\/es.digitaltrends.com\"> <span itemprop=\"logo\" itemscope itemtype=\"https:\/\/schema.org\/ImageObject\"> <meta itemprop=\"url\" content=\"https:\/\/cdn.dtcn.com\/dt\/dt-logo-small.png\"> <meta itemprop=\"width\" content=\"0\"> <meta itemprop=\"height\" content=\"0\"> <\/span> <meta itemprop=\"name\" content=\"Digital Trends Espa\u00f1ol\"> <\/span> <span itemprop=\"image\" itemscope itemtype=\"https:\/\/schema.org\/ImageObject\"> <meta itemprop=\"url\" content=\"https:\/\/icdn.dtcn.com\/image\/digitaltrends_es\/teclado-9.jpg\"> <\/span> <\/span><\/p>\n","protected":false},"excerpt":{"rendered":"<p>Xiaomi se est\u00e1 tomando muy en serio esto de encabezar los r\u00e1nkings mundiales y pasar por delante de empresas como Samsung o Apple. Tanto es as\u00ed que la empresa tiene preparado un dispositivo que quiere competir cara a cara nada menos que con el iPad Pro de los de Cupertino. Se trata de la nueva [&hellip;]<\/p>\n","protected":false},"author":1,"featured_media":12992,"comment_status":"closed","ping_status":"closed","sticky":false,"template":"","format":"standard","meta":[],"categories":[26],"tags":[],"_links":{"self":[{"href":"http:\/\/cordobadirecto.com\/index.php\/wp-json\/wp\/v2\/posts\/12991"}],"collection":[{"href":"http:\/\/cordobadirecto.com\/index.php\/wp-json\/wp\/v2\/posts"}],"about":[{"href":"http:\/\/cordobadirecto.com\/index.php\/wp-json\/wp\/v2\/types\/post"}],"author":[{"embeddable":true,"href":"http:\/\/cordobadirecto.com\/index.php\/wp-json\/wp\/v2\/users\/1"}],"replies":[{"embeddable":true,"href":"http:\/\/cordobadirecto.com\/index.php\/wp-json\/wp\/v2\/comments?post=12991"}],"version-history":[{"count":0,"href":"http:\/\/cordobadirecto.com\/index.php\/wp-json\/wp\/v2\/posts\/12991\/revisions"}],"wp:featuredmedia":[{"embeddable":true,"href":"http:\/\/cordobadirecto.com\/index.php\/wp-json\/wp\/v2\/media\/12992"}],"wp:attachment":[{"href":"http:\/\/cordobadirecto.com\/index.php\/wp-json\/wp\/v2\/media?parent=12991"}],"wp:term":[{"taxonomy":"category","embeddable":true,"href":"http:\/\/cordobadirecto.com\/index.php\/wp-json\/wp\/v2\/categories?post=12991"},{"taxonomy":"post_tag","embeddable":true,"href":"http:\/\/cordobadirecto.com\/index.php\/wp-json\/wp\/v2\/tags?post=12991"}],"curies":[{"name":"wp","href":"https:\/\/api.w.org\/{rel}","templated":true}]}}