{"id":13042,"date":"2021-08-05T21:13:00","date_gmt":"2021-08-05T21:13:00","guid":{"rendered":"https:\/\/lmdiario.com.ar\/contenido\/301221\/talleres-hizo-oficial-la-llegada-de-rodrigo-villagra"},"modified":"2021-08-05T21:13:00","modified_gmt":"2021-08-05T21:13:00","slug":"talleres-hizo-oficial-la-llegada-de-rodrigo-villagra","status":"publish","type":"post","link":"http:\/\/cordobadirecto.com\/index.php\/2021\/08\/05\/talleres-hizo-oficial-la-llegada-de-rodrigo-villagra\/","title":{"rendered":"Talleres hizo oficial la llegada de Rodrigo Villagra"},"content":{"rendered":"<div><img src=\"http:\/\/cordobadirecto.com\/wp-content\/uploads\/2021\/08\/talleres-hizo-oficial-la-llegada-de-rodrigo-villagra.jpg\" class=\"ff-og-image-inserted\"><\/div>\n<p>Despu\u00e9s de muchas conversaciones y aspectos por pulir, <strong>Talleres <\/strong>hizo oficial el arribo del volante <strong>Rodrigo Villagra<\/strong>, procedente de <strong>Rosario Central<\/strong>.<\/p>\n<p>La operaci\u00f3n tuvo una inversi\u00f3n de 1.200.000 d\u00f3lares por el 65 por ciento de sus derechos econ\u00f3micos. Naci\u00f3 futbol\u00edsticamente en 9 de Julio de Morteros, tiene 20 a\u00f1os y de hecho disput\u00f3 con el club rosarino tanto el torneo local como la Copa Sudamericana.<\/p>\n<p>De esta forma Villagra se suma a las caras &nbsp;nuevas del plantel junto al juvenil Federico Torres y el delantero H\u00e9ctor F\u00e9rtoli. En principio podr\u00eda formar parte de la delegaci\u00f3n que comanda el DT <strong>Alexander Medina<\/strong> para visitar el s\u00e1bado a Banfield.<\/p>\n","protected":false},"excerpt":{"rendered":"<p>Despu\u00e9s de muchas conversaciones y aspectos por pulir, Talleres hizo oficial el arribo del volante Rodrigo Villagra, procedente de Rosario Central. La operaci\u00f3n tuvo una inversi\u00f3n de 1.200.000 d\u00f3lares por el 65 por ciento de sus derechos econ\u00f3micos. Naci\u00f3 futbol\u00edsticamente en 9 de Julio de Morteros, tiene 20 a\u00f1os y de hecho disput\u00f3 con el [&hellip;]<\/p>\n","protected":false},"author":1,"featured_media":13043,"comment_status":"open","ping_status":"closed","sticky":false,"template":"","format":"standard","meta":[],"categories":[21],"tags":[],"_links":{"self":[{"href":"http:\/\/cordobadirecto.com\/index.php\/wp-json\/wp\/v2\/posts\/13042"}],"collection":[{"href":"http:\/\/cordobadirecto.com\/index.php\/wp-json\/wp\/v2\/posts"}],"about":[{"href":"http:\/\/cordobadirecto.com\/index.php\/wp-json\/wp\/v2\/types\/post"}],"author":[{"embeddable":true,"href":"http:\/\/cordobadirecto.com\/index.php\/wp-json\/wp\/v2\/users\/1"}],"replies":[{"embeddable":true,"href":"http:\/\/cordobadirecto.com\/index.php\/wp-json\/wp\/v2\/comments?post=13042"}],"version-history":[{"count":0,"href":"http:\/\/cordobadirecto.com\/index.php\/wp-json\/wp\/v2\/posts\/13042\/revisions"}],"wp:featuredmedia":[{"embeddable":true,"href":"http:\/\/cordobadirecto.com\/index.php\/wp-json\/wp\/v2\/media\/13043"}],"wp:attachment":[{"href":"http:\/\/cordobadirecto.com\/index.php\/wp-json\/wp\/v2\/media?parent=13042"}],"wp:term":[{"taxonomy":"category","embeddable":true,"href":"http:\/\/cordobadirecto.com\/index.php\/wp-json\/wp\/v2\/categories?post=13042"},{"taxonomy":"post_tag","embeddable":true,"href":"http:\/\/cordobadirecto.com\/index.php\/wp-json\/wp\/v2\/tags?post=13042"}],"curies":[{"name":"wp","href":"https:\/\/api.w.org\/{rel}","templated":true}]}}