{"id":13044,"date":"2021-08-06T20:35:55","date_gmt":"2021-08-06T20:35:55","guid":{"rendered":"http:\/\/cordobadirecto.com\/index.php\/2021\/08\/06\/la-conmebol-pidio-por-el-publico-de-river-pero-se-lo-negaron\/"},"modified":"2021-08-06T20:35:55","modified_gmt":"2021-08-06T20:35:55","slug":"la-conmebol-pidio-por-el-publico-de-river-pero-se-lo-negaron","status":"publish","type":"post","link":"http:\/\/cordobadirecto.com\/index.php\/2021\/08\/06\/la-conmebol-pidio-por-el-publico-de-river-pero-se-lo-negaron\/","title":{"rendered":"La Conmebol pidi\u00f3 por el p\u00fablico de River pero se lo negaron"},"content":{"rendered":"<div class=\"image\" id=\"image\" readability=\"9\"> <img src=\"http:\/\/cordobadirecto.com\/wp-content\/uploads\/2021\/08\/la-conmebol-pidio-por-el-publico-de-river-pero-se-lo-negaron.jpg\" alt=\"River enfrentar\u00e1 al Mineiro por los cuartos de final de la Copa Libertadores el mi\u00e9rcoles 11 de agosto, a las 21.30 en N\u00fa\u00f1ez.\" title=\"River enfrentar\u00e1 al Mineiro por los cuartos de final de la Copa Libertadores el mi\u00e9rcoles 11 de agosto, a las 21.30 en N\u00fa\u00f1ez.\"><\/p>\n<p>River enfrentar\u00e1 al Mineiro por los cuartos de final de la Copa Libertadores el mi\u00e9rcoles 11 de agosto, a las 21.30 en N\u00fa\u00f1ez.<\/p>\n<\/div>\n<p>El club atl\u00e9tico River Plate le pidi\u00f3 a la Conmebol una intermediaci\u00f3n ante las autoridades del Ministerio de Turismo y Deporte de la Naci\u00f3n, para el partido ante Mineiro pero las tratativas recibieron la negativa de las autoridades.<\/p>\n<p>El jefe de Gabinete, Santiago Cafiero, comunic\u00f3 que por ahora el p\u00fablico no vuelve a las canchas: &#8220;No hay una comunicaci\u00f3n formal de River. S\u00e9 que circula, pero reci\u00e9n pensamos el regreso del p\u00fablico a los eventos masivos en una segunda etapa&#8221;<\/p>\n<p>La Conmebol, que desde el mes pasado inici\u00f3 gestiones ante diversas federaciones para el regreso de los hinchas a los estadios sudamericanos, autoriz\u00f3 que el partido de Mineiro ante River en Brasil tenga la presencia de simpatizantes locales.<\/p>\n<blockquote readability=\"8\">\n<p>La carta firmada por el presidente del club, Rodolfo D\u00b4Onofrio, mostraba las intenciones de River de habilitar el estadio para un treinta por ciento de espectadores<span class=\"comilla\">\u201d<\/span><\/p>\n<\/blockquote>\n<p>Por esa raz\u00f3n, le comunic\u00f3 a River para que tenga las mismas posibilidades y la respuesta del club argentino fue el pedido de gestiones oficiales, en una nota oficial a la que T\u00e9lam tuvo acceso fechada en horas de la ma\u00f1ana.<\/p>\n<p>La carta firmada por el presidente del club, Rodolfo D\u00b4Onofrio, mostraba las intenciones de River de habilitar el estadio para un treinta por ciento de espectadores a la espera de las habilitaciones y los permisos correspondientes.<\/p>\n<p>Sin embargo, el pedido de River a la Conmebol no tuvo efecto pues a las pocas horas, las autoridades del gobierno nacional desestimaron la posibilidad hasta tanto el plan de vacunaci\u00f3n avance.<\/p>\n<p>River enfrentar\u00e1 al Mineiro por los cuartos de final de la Copa Libertadores el mi\u00e9rcoles 11 de agosto, a las 21.30 en N\u00fa\u00f1ez, mientras que la revancha se jugar\u00e1 en el estadio Mineirao de Belo Horizonte el 18 de agosto a la misma hora. <\/p>\n","protected":false},"excerpt":{"rendered":"<p>River enfrentar\u00e1 al Mineiro por los cuartos de final de la Copa Libertadores el mi\u00e9rcoles 11 de agosto, a las 21.30 en N\u00fa\u00f1ez. El club atl\u00e9tico River Plate le pidi\u00f3 a la Conmebol una intermediaci\u00f3n ante las autoridades del Ministerio de Turismo y Deporte de la Naci\u00f3n, para el partido ante Mineiro pero las tratativas [&hellip;]<\/p>\n","protected":false},"author":1,"featured_media":13045,"comment_status":"closed","ping_status":"closed","sticky":false,"template":"","format":"standard","meta":[],"categories":[21],"tags":[],"_links":{"self":[{"href":"http:\/\/cordobadirecto.com\/index.php\/wp-json\/wp\/v2\/posts\/13044"}],"collection":[{"href":"http:\/\/cordobadirecto.com\/index.php\/wp-json\/wp\/v2\/posts"}],"about":[{"href":"http:\/\/cordobadirecto.com\/index.php\/wp-json\/wp\/v2\/types\/post"}],"author":[{"embeddable":true,"href":"http:\/\/cordobadirecto.com\/index.php\/wp-json\/wp\/v2\/users\/1"}],"replies":[{"embeddable":true,"href":"http:\/\/cordobadirecto.com\/index.php\/wp-json\/wp\/v2\/comments?post=13044"}],"version-history":[{"count":0,"href":"http:\/\/cordobadirecto.com\/index.php\/wp-json\/wp\/v2\/posts\/13044\/revisions"}],"wp:featuredmedia":[{"embeddable":true,"href":"http:\/\/cordobadirecto.com\/index.php\/wp-json\/wp\/v2\/media\/13045"}],"wp:attachment":[{"href":"http:\/\/cordobadirecto.com\/index.php\/wp-json\/wp\/v2\/media?parent=13044"}],"wp:term":[{"taxonomy":"category","embeddable":true,"href":"http:\/\/cordobadirecto.com\/index.php\/wp-json\/wp\/v2\/categories?post=13044"},{"taxonomy":"post_tag","embeddable":true,"href":"http:\/\/cordobadirecto.com\/index.php\/wp-json\/wp\/v2\/tags?post=13044"}],"curies":[{"name":"wp","href":"https:\/\/api.w.org\/{rel}","templated":true}]}}