{"id":13096,"date":"2021-08-07T14:12:20","date_gmt":"2021-08-07T14:12:20","guid":{"rendered":"https:\/\/www.bbc.com\/mundo\/deportes-58123239"},"modified":"2021-08-07T14:12:20","modified_gmt":"2021-08-07T14:12:20","slug":"olimpicos-de-tokio-como-terminan-los-paises-de-america-latina-en-tokyo-2020","status":"publish","type":"post","link":"http:\/\/cordobadirecto.com\/index.php\/2021\/08\/07\/olimpicos-de-tokio-como-terminan-los-paises-de-america-latina-en-tokyo-2020\/","title":{"rendered":"Ol\u00edmpicos de Tokio: c\u00f3mo terminan los pa\u00edses de Am\u00e9rica Latina en Tokyo 2020"},"content":{"rendered":"<div dir=\"ltr\" class=\"e1j2237y5 bbc-q4ibpr e57qer20\">\n<div class=\"bbc-1atl7vu e1c9i7u14\">\n<ul role=\"list\" class=\"bbc-cdrraw e1c9i7u12\">\n<li role=\"listitem\" class=\"bbc-1a3w4ok e1c9i7u11\">Redacci\u00f3n <\/li>\n<li role=\"listitem\" class=\"bbc-1p92jtu e1c9i7u10\">BBC News Mundo<\/li>\n<\/ul>\n<\/div>\n<\/div>\n<div dir=\"ltr\" class=\"e1j2237y6 bbc-q4ibpr e57qer20\"><time datetime=\"2021-08-06\" class=\"bbc-14xtggo e4zesg50\">6 agosto 2021<\/time><\/p>\n<p><time datetime=\"2021-08-07\" class=\"bbc-14xtggo e4zesg50\">Actualizado 5 horas<\/time><\/p>\n<\/div>\n<div dir=\"ltr\" class=\"bbc-1ka88fa e57qer20\">\n<figure class=\"bbc-1qdcvv9 e6bmn90\">\n<div dir=\"ltr\" class=\"bbc-172p16q e57qer20\">\n<div dir=\"ltr\" class=\"bbc-189y18v e57qer20\" readability=\"6.5\">\n<div data-e2e=\"image-placeholder\" class=\"bbc-1k5hvrj e1whu0\" readability=\"8\"><img srcset=\"http:\/\/cordobadirecto.com\/wp-content\/uploads\/2021\/08\/olimpicos-de-tokio-como-terminan-los-paises-de-america-latina-en-tokyo-2020-10.jpg 240w, http:\/\/cordobadirecto.com\/wp-content\/uploads\/2021\/08\/olimpicos-de-tokio-como-terminan-los-paises-de-america-latina-en-tokyo-2020-11.jpg 320w, http:\/\/cordobadirecto.com\/wp-content\/uploads\/2021\/08\/olimpicos-de-tokio-como-terminan-los-paises-de-america-latina-en-tokyo-2020-12.jpg 480w, http:\/\/cordobadirecto.com\/wp-content\/uploads\/2021\/08\/olimpicos-de-tokio-como-terminan-los-paises-de-america-latina-en-tokyo-2020-13.jpg 624w, http:\/\/cordobadirecto.com\/wp-content\/uploads\/2021\/08\/olimpicos-de-tokio-como-terminan-los-paises-de-america-latina-en-tokyo-2020-14.jpg 800w\" alt=\"Diversos deportistas de Am\u00e9rica Latina\" src=\"http:\/\/cordobadirecto.com\/wp-content\/uploads\/2021\/08\/olimpicos-de-tokio-como-terminan-los-paises-de-america-latina-en-tokyo-2020.jpg\" width=\"976\" class=\"bbc-fat2bc e1enwo3v0\"><\/p>\n<p role=\"text\" class=\"bbc-1s1cxbv etq3yw90\"><span class=\"bbc-1gnhmg2 e1yt7oin0\">Fuente de la imagen, <\/span><span lang=\"en-GB\">Reuters\/EPA\/Getty<\/span><\/p>\n<\/div>\n<\/div>\n<\/div>\n<\/figure>\n<\/div>\n<div dir=\"ltr\" class=\"bbc-19j92fr e57qer20\" readability=\"7\">\n<p dir=\"ltr\" class=\"bbc-bm53ic e1cc2ql70\"><b>Brasil y Cuba han dado la cara por Am\u00e9rica Latina en los Juegos Ol\u00edmpicos una vez m\u00e1s.<\/b><\/p>\n<\/div>\n<div dir=\"ltr\" class=\"bbc-19j92fr e57qer20\" readability=\"9\">\n<p dir=\"ltr\" class=\"bbc-bm53ic e1cc2ql70\">Ambas naciones -hist\u00f3ricamente las m\u00e1s ganadoras de la regi\u00f3n- son las que m\u00e1s medallas han ganado en Tokyo 2020, cuyas competencias finalizan este domingo.<\/p>\n<\/div>\n<div dir=\"ltr\" class=\"bbc-19j92fr e57qer20\" readability=\"8\">\n<p dir=\"ltr\" class=\"bbc-bm53ic e1cc2ql70\">Pero tambi\u00e9n hay sorpresas: <b>Ecuador <\/b>y <b>Rep\u00fablica Dominicana<\/b> han mejorado notablemente su desempe\u00f1o en Tokio respecto a los Juegos Ol\u00edmpicos pasados.<\/p>\n<\/div>\n<div dir=\"ltr\" class=\"bbc-19j92fr e57qer20\" readability=\"8\">\n<p dir=\"ltr\" class=\"bbc-bm53ic e1cc2ql70\">Aqu\u00ed repasamos lo ocurrido hasta este viernes en Tokyo 2020 y c\u00f3mo se compara respecto a R\u00edo 2016.<\/p>\n<\/div>\n<p><h2 id=\"Brasil-a-la-cabeza\" tabindex=\"-1\" class=\"bbc-l3e97o e14hemmw0\">Brasil: a la cabeza<\/h2>\n<\/p>\n<div dir=\"ltr\" class=\"bbc-19j92fr e57qer20\" readability=\"9\">\n<p dir=\"ltr\" class=\"bbc-bm53ic e1cc2ql70\">Despu\u00e9s de haber obtenido 19 medallas en casa hace cuatro a\u00f1os, Brasil lo ha vuelto a conseguir en Tokyo 2020.<\/p>\n<\/div>\n<div dir=\"ltr\" class=\"bbc-19j92fr e57qer20\" readability=\"11\">\n<p dir=\"ltr\" class=\"bbc-bm53ic e1cc2ql70\">El <b>equipo de vela<\/b> femenino,<b> Italo Ferreira<\/b> en el surf,<b> Ana Marcela Cunha<\/b> en el nado de aguas abiertas y <b>Rebeca Andrade <\/b>en la gimnasia art\u00edstica se van como campeones. Tambi\u00e9n la<b> selecci\u00f3n de f\u00fatbol<\/b> masculino y el boxeador <b>Herbert Sousa<\/b>.<\/p>\n<\/div>\n<div dir=\"ltr\" class=\"bbc-19j92fr e57qer20\" readability=\"8\">\n<p dir=\"ltr\" class=\"bbc-bm53ic e1cc2ql70\">Con esos \u00faltimos triunfos, liderada el medallero de Am\u00e9rica Latina.<\/p>\n<\/div>\n<div dir=\"ltr\" class=\"bbc-19j92fr e57qer20\">\n<p dir=\"ltr\" class=\"bbc-bm53ic e1cc2ql70\"><b>Tokyo 2020<\/b><\/p>\n<\/div>\n<div dir=\"ltr\" class=\"bbc-19j92fr e57qer20\">\n<div class=\"bbc-1fobf8d e1gggypo0\">\n<ul dir=\"ltr\" role=\"list\" class=\"bbc-1n23t93 e1drcs2w1\">\n<li role=\"listitem\" class=\"bbc-acwcvw e1drcs2w0\">Oro: 7<\/li>\n<li role=\"listitem\" class=\"bbc-acwcvw e1drcs2w0\">Plata: 4<\/li>\n<li role=\"listitem\" class=\"bbc-acwcvw e1drcs2w0\">Bronce: 8 <\/li>\n<\/ul>\n<\/div>\n<\/div>\n<div dir=\"ltr\" class=\"bbc-19j92fr e57qer20\">\n<div class=\"bbc-1fobf8d e1gggypo0\">\n<ul dir=\"ltr\" role=\"list\" class=\"bbc-1n23t93 e1drcs2w1\">\n<li role=\"listitem\" class=\"bbc-acwcvw e1drcs2w0\">Oro: 7<\/li>\n<li role=\"listitem\" class=\"bbc-acwcvw e1drcs2w0\">Plata: 6<\/li>\n<li role=\"listitem\" class=\"bbc-acwcvw e1drcs2w0\">Bronce: 6 <\/li>\n<\/ul>\n<\/div>\n<\/div>\n<div dir=\"ltr\" class=\"bbc-1ka88fa e57qer20\">\n<figure class=\"bbc-1qdcvv9 e6bmn90\">\n<div dir=\"ltr\" class=\"bbc-172p16q e57qer20\">\n<div dir=\"ltr\" class=\"bbc-189y18v e57qer20\" readability=\"6.5\">\n<div data-e2e=\"image-placeholder\" class=\"bbc-1k5hvrj e1whu0\" readability=\"8\"><noscript><img srcset=\"http:\/\/cordobadirecto.com\/wp-content\/uploads\/2021\/08\/olimpicos-de-tokio-como-terminan-los-paises-de-america-latina-en-tokyo-2020-15.jpg 240w, http:\/\/cordobadirecto.com\/wp-content\/uploads\/2021\/08\/olimpicos-de-tokio-como-terminan-los-paises-de-america-latina-en-tokyo-2020-16.jpg 320w, http:\/\/cordobadirecto.com\/wp-content\/uploads\/2021\/08\/olimpicos-de-tokio-como-terminan-los-paises-de-america-latina-en-tokyo-2020-17.jpg 480w, http:\/\/cordobadirecto.com\/wp-content\/uploads\/2021\/08\/olimpicos-de-tokio-como-terminan-los-paises-de-america-latina-en-tokyo-2020-18.jpg 624w, http:\/\/cordobadirecto.com\/wp-content\/uploads\/2021\/08\/olimpicos-de-tokio-como-terminan-los-paises-de-america-latina-en-tokyo-2020-19.jpg 800w\" alt=\"Ana Marcela Cunha\" src=\"http:\/\/cordobadirecto.com\/wp-content\/uploads\/2021\/08\/olimpicos-de-tokio-como-terminan-los-paises-de-america-latina-en-tokyo-2020-1.jpg\" width=\"976\" class=\"bbc-fat2bc e1enwo3v0\"><\/noscript><\/p>\n<p role=\"text\" class=\"bbc-1s1cxbv etq3yw90\"><span class=\"bbc-1gnhmg2 e1yt7oin0\">Fuente de la imagen, <\/span><span lang=\"en-GB\">Reuters<\/span><\/p>\n<\/div>\n<\/div>\n<div dir=\"ltr\" class=\"bbc-3edg7g e57qer20\" readability=\"6\"><figcaption dir=\"ltr\" class=\"bbc-1t9zlwf eede9f50\" readability=\"2\"><span class=\"bbc-1gnhmg2 e1yt7oin0\">Pie de foto, <\/span><\/p>\n<p>Ana Marcela Cunha fue la mejor nadadora en aguas abiertas de Tokyo 2020.<\/p>\n<\/figcaption><\/div>\n<\/div>\n<\/figure>\n<\/div>\n<p><h2 id=\"Cuba-en-la-pelea\" tabindex=\"-1\" class=\"bbc-l3e97o e14hemmw0\">Cuba: en la pelea<\/h2>\n<\/p>\n<div dir=\"ltr\" class=\"bbc-19j92fr e57qer20\" readability=\"9\">\n<p dir=\"ltr\" class=\"bbc-bm53ic e1cc2ql70\">La delegaci\u00f3n cubana tiene <b>tres campeones ol\u00edmpicos de boxeo<\/b>, uno de los deportes en los que el pa\u00eds hist\u00f3ricamente ha sido una potencia.<\/p>\n<\/div>\n<div dir=\"ltr\" class=\"bbc-19j92fr e57qer20\" readability=\"11\">\n<p dir=\"ltr\" class=\"bbc-bm53ic e1cc2ql70\">Pero tambi\u00e9n la lucha grecorromana le aport\u00f3 otros dos oros. Uno fue el de Mija\u00edn L\u00f3pez, quien ha ganado cuatro preseas doradas en Juegos Ol\u00edmpicos, consagr\u00e1ndose como uno de los mejores luchadores de todos los tiempos.<\/p>\n<\/div>\n<div dir=\"ltr\" class=\"bbc-19j92fr e57qer20\">\n<p dir=\"ltr\" class=\"bbc-bm53ic e1cc2ql70\"><b>Tokyo 2020<\/b><\/p>\n<\/div>\n<div dir=\"ltr\" class=\"bbc-19j92fr e57qer20\">\n<div class=\"bbc-1fobf8d e1gggypo0\">\n<ul dir=\"ltr\" role=\"list\" class=\"bbc-1n23t93 e1drcs2w1\">\n<li role=\"listitem\" class=\"bbc-acwcvw e1drcs2w0\">Oro: 6<\/li>\n<li role=\"listitem\" class=\"bbc-acwcvw e1drcs2w0\">Plata: 3<\/li>\n<li role=\"listitem\" class=\"bbc-acwcvw e1drcs2w0\">Bronce: 5 <\/li>\n<\/ul>\n<\/div>\n<\/div>\n<div dir=\"ltr\" class=\"bbc-19j92fr e57qer20\">\n<div class=\"bbc-1fobf8d e1gggypo0\">\n<ul dir=\"ltr\" role=\"list\" class=\"bbc-1n23t93 e1drcs2w1\">\n<li role=\"listitem\" class=\"bbc-acwcvw e1drcs2w0\">Oro: 5<\/li>\n<li role=\"listitem\" class=\"bbc-acwcvw e1drcs2w0\">Plata: 2<\/li>\n<li role=\"listitem\" class=\"bbc-acwcvw e1drcs2w0\">Bronce: 4<\/li>\n<\/ul>\n<\/div>\n<\/div>\n<div dir=\"ltr\" class=\"bbc-1ka88fa e57qer20\">\n<figure class=\"bbc-1qdcvv9 e6bmn90\">\n<div dir=\"ltr\" class=\"bbc-172p16q e57qer20\">\n<div dir=\"ltr\" class=\"bbc-189y18v e57qer20\">\n<div data-e2e=\"image-placeholder\" class=\"bbc-1k5hvrj e1whu0\"><noscript><img srcset=\"http:\/\/cordobadirecto.com\/wp-content\/uploads\/2021\/08\/olimpicos-de-tokio-como-terminan-los-paises-de-america-latina-en-tokyo-2020-20.jpg 240w, http:\/\/cordobadirecto.com\/wp-content\/uploads\/2021\/08\/olimpicos-de-tokio-como-terminan-los-paises-de-america-latina-en-tokyo-2020-21.jpg 320w, http:\/\/cordobadirecto.com\/wp-content\/uploads\/2021\/08\/olimpicos-de-tokio-como-terminan-los-paises-de-america-latina-en-tokyo-2020-22.jpg 480w, http:\/\/cordobadirecto.com\/wp-content\/uploads\/2021\/08\/olimpicos-de-tokio-como-terminan-los-paises-de-america-latina-en-tokyo-2020-23.jpg 624w, http:\/\/cordobadirecto.com\/wp-content\/uploads\/2021\/08\/olimpicos-de-tokio-como-terminan-los-paises-de-america-latina-en-tokyo-2020-24.jpg 800w\" alt=\"Mijja\u00edn L\u00f3pez\" src=\"http:\/\/cordobadirecto.com\/wp-content\/uploads\/2021\/08\/olimpicos-de-tokio-como-terminan-los-paises-de-america-latina-en-tokyo-2020-2.jpg\" width=\"976\" class=\"bbc-fat2bc e1enwo3v0\"><\/noscript><\/p>\n<p role=\"text\" class=\"bbc-1s1cxbv etq3yw90\"><span class=\"bbc-1gnhmg2 e1yt7oin0\">Fuente de la imagen, <\/span><span lang=\"en-GB\">EPA<\/span><\/p>\n<\/div>\n<\/div>\n<div dir=\"ltr\" class=\"bbc-3edg7g e57qer20\" readability=\"6\"><figcaption dir=\"ltr\" class=\"bbc-1t9zlwf eede9f50\" readability=\"2\"><span class=\"bbc-1gnhmg2 e1yt7oin0\">Pie de foto, <\/span><\/p>\n<p>Mijja\u00edn L\u00f3pez gan\u00f3 su cuarto oro en Juegos Ol\u00edmpicos.<\/p>\n<\/figcaption><\/div>\n<\/div>\n<\/figure>\n<\/div>\n<p><h2 id=\"Ecuador-el-sue\u00f1o-dorado\" tabindex=\"-1\" class=\"bbc-l3e97o e14hemmw0\">Ecuador: el sue\u00f1o dorado<\/h2>\n<\/p>\n<div dir=\"ltr\" class=\"bbc-19j92fr e57qer20\" readability=\"7\">\n<p dir=\"ltr\" class=\"bbc-bm53ic e1cc2ql70\">Los atletas ecuatorianos han tenido en Tokyo 2020 el mejor resultado en unos Juegos Ol\u00edmpicos.<\/p>\n<\/div>\n<div dir=\"ltr\" class=\"bbc-19j92fr e57qer20\" readability=\"10\">\n<p dir=\"ltr\" class=\"bbc-bm53ic e1cc2ql70\"><b>Neisi Dajomes<\/b> y <b>Tamara Salazar<\/b> se colgaron el oro y la plata en halterofilia, respectivamente, mientras que<b> Richard Carapaz<\/b> es campe\u00f3n en ciclismo de ruta.<\/p>\n<\/div>\n<div dir=\"ltr\" class=\"bbc-19j92fr e57qer20\" readability=\"8\">\n<p dir=\"ltr\" class=\"bbc-bm53ic e1cc2ql70\">En R\u00edo 2016, los atletas ecuatorianos se fueron con las manos vac\u00edas.<\/p>\n<\/div>\n<div dir=\"ltr\" class=\"bbc-19j92fr e57qer20\">\n<p dir=\"ltr\" class=\"bbc-bm53ic e1cc2ql70\"><b>Tokyo 2020<\/b><\/p>\n<\/div>\n<div dir=\"ltr\" class=\"bbc-19j92fr e57qer20\">\n<div class=\"bbc-1fobf8d e1gggypo0\">\n<ul dir=\"ltr\" role=\"list\" class=\"bbc-1n23t93 e1drcs2w1\">\n<li role=\"listitem\" class=\"bbc-acwcvw e1drcs2w0\">Oro: 2<\/li>\n<li role=\"listitem\" class=\"bbc-acwcvw e1drcs2w0\">Plata: 1<\/li>\n<li role=\"listitem\" class=\"bbc-acwcvw e1drcs2w0\">Bronce: 0 <\/li>\n<\/ul>\n<\/div>\n<\/div>\n<div dir=\"ltr\" class=\"bbc-19j92fr e57qer20\">\n<div class=\"bbc-1fobf8d e1gggypo0\">\n<ul dir=\"ltr\" role=\"list\" class=\"bbc-1n23t93 e1drcs2w1\">\n<li role=\"listitem\" class=\"bbc-acwcvw e1drcs2w0\">Oro: 0<\/li>\n<li role=\"listitem\" class=\"bbc-acwcvw e1drcs2w0\">Plata: 0<\/li>\n<li role=\"listitem\" class=\"bbc-acwcvw e1drcs2w0\">Bronce: 0<\/li>\n<\/ul>\n<\/div>\n<\/div>\n<div dir=\"ltr\" class=\"bbc-1ka88fa e57qer20\">\n<figure class=\"bbc-1qdcvv9 e6bmn90\">\n<div dir=\"ltr\" class=\"bbc-172p16q e57qer20\">\n<div dir=\"ltr\" class=\"bbc-189y18v e57qer20\">\n<div data-e2e=\"image-placeholder\" class=\"bbc-1k5hvrj e1whu0\"><noscript><img srcset=\"http:\/\/cordobadirecto.com\/wp-content\/uploads\/2021\/08\/olimpicos-de-tokio-como-terminan-los-paises-de-america-latina-en-tokyo-2020-25.jpg 240w, http:\/\/cordobadirecto.com\/wp-content\/uploads\/2021\/08\/olimpicos-de-tokio-como-terminan-los-paises-de-america-latina-en-tokyo-2020-26.jpg 320w, http:\/\/cordobadirecto.com\/wp-content\/uploads\/2021\/08\/olimpicos-de-tokio-como-terminan-los-paises-de-america-latina-en-tokyo-2020-27.jpg 480w, http:\/\/cordobadirecto.com\/wp-content\/uploads\/2021\/08\/olimpicos-de-tokio-como-terminan-los-paises-de-america-latina-en-tokyo-2020-28.jpg 624w, http:\/\/cordobadirecto.com\/wp-content\/uploads\/2021\/08\/olimpicos-de-tokio-como-terminan-los-paises-de-america-latina-en-tokyo-2020-29.jpg 800w\" alt=\"Neisi Dajomes\" src=\"http:\/\/cordobadirecto.com\/wp-content\/uploads\/2021\/08\/olimpicos-de-tokio-como-terminan-los-paises-de-america-latina-en-tokyo-2020-3.jpg\" width=\"976\" class=\"bbc-fat2bc e1enwo3v0\"><\/noscript><\/p>\n<p role=\"text\" class=\"bbc-1s1cxbv etq3yw90\"><span class=\"bbc-1gnhmg2 e1yt7oin0\">Fuente de la imagen, <\/span><span lang=\"en-GB\">EPA<\/span><\/p>\n<\/div>\n<\/div>\n<div dir=\"ltr\" class=\"bbc-3edg7g e57qer20\" readability=\"6\"><figcaption dir=\"ltr\" class=\"bbc-1t9zlwf eede9f50\" readability=\"2\"><span class=\"bbc-1gnhmg2 e1yt7oin0\">Pie de foto, <\/span><\/p>\n<p>Neisi Dajomes se convirti\u00f3 en campeona ol\u00edmpica de halterofilia en la categor\u00eda de 76 kg.<\/p>\n<\/figcaption><\/div>\n<\/div>\n<\/figure>\n<\/div>\n<p><h2 id=\"Dominicana-se-cubre-de-plata\" tabindex=\"-1\" class=\"bbc-l3e97o e14hemmw0\">Dominicana: se cubre de plata<\/h2>\n<\/p>\n<div dir=\"ltr\" class=\"bbc-19j92fr e57qer20\" readability=\"7\">\n<p dir=\"ltr\" class=\"bbc-bm53ic e1cc2ql70\">Los dominicanos han tenido una destacada participaci\u00f3n en Tokyo 2020.<\/p>\n<\/div>\n<div dir=\"ltr\" class=\"bbc-19j92fr e57qer20\" readability=\"10\">\n<p dir=\"ltr\" class=\"bbc-bm53ic e1cc2ql70\">El equipo de relevos 4&#215;400 m mixtos vol\u00f3 en la pista de atletismo y se qued\u00f3 con el segundo lugar. <b>Marileidy Paulino<\/b> en particular se colg\u00f3 dos medallas, pues finaliz\u00f3 segunda en su prueba individual de los 400 m planos.<\/p>\n<\/div>\n<div dir=\"ltr\" class=\"bbc-19j92fr e57qer20\" readability=\"9\">\n<p dir=\"ltr\" class=\"bbc-bm53ic e1cc2ql70\">En la halterofilia, Zacar\u00edas Bonnat (plata) y Crismery Santana (bronce) tambi\u00e9n subieron al podio. El b\u00e9isbol le dio el bronce a los dominicanos tambi\u00e9n.<\/p>\n<\/div>\n<div dir=\"ltr\" class=\"bbc-19j92fr e57qer20\">\n<p dir=\"ltr\" class=\"bbc-bm53ic e1cc2ql70\"><b>Tokyo 2020<\/b><\/p>\n<\/div>\n<div dir=\"ltr\" class=\"bbc-19j92fr e57qer20\">\n<div class=\"bbc-1fobf8d e1gggypo0\">\n<ul dir=\"ltr\" role=\"list\" class=\"bbc-1n23t93 e1drcs2w1\">\n<li role=\"listitem\" class=\"bbc-acwcvw e1drcs2w0\">Oro: 0<\/li>\n<li role=\"listitem\" class=\"bbc-acwcvw e1drcs2w0\">Plata: 3<\/li>\n<li role=\"listitem\" class=\"bbc-acwcvw e1drcs2w0\">Bronce: 2 <\/li>\n<\/ul>\n<\/div>\n<\/div>\n<div dir=\"ltr\" class=\"bbc-19j92fr e57qer20\">\n<div class=\"bbc-1fobf8d e1gggypo0\">\n<ul dir=\"ltr\" role=\"list\" class=\"bbc-1n23t93 e1drcs2w1\">\n<li role=\"listitem\" class=\"bbc-acwcvw e1drcs2w0\">Oro: 0<\/li>\n<li role=\"listitem\" class=\"bbc-acwcvw e1drcs2w0\">Plata: 0<\/li>\n<li role=\"listitem\" class=\"bbc-acwcvw e1drcs2w0\">Bronce: 1<\/li>\n<\/ul>\n<\/div>\n<\/div>\n<div dir=\"ltr\" class=\"bbc-1ka88fa e57qer20\">\n<figure class=\"bbc-1qdcvv9 e6bmn90\">\n<div dir=\"ltr\" class=\"bbc-172p16q e57qer20\">\n<div dir=\"ltr\" class=\"bbc-189y18v e57qer20\" readability=\"6.5\">\n<div data-e2e=\"image-placeholder\" class=\"bbc-1k5hvrj e1whu0\" readability=\"8\"><noscript><img srcset=\"http:\/\/cordobadirecto.com\/wp-content\/uploads\/2021\/08\/olimpicos-de-tokio-como-terminan-los-paises-de-america-latina-en-tokyo-2020-30.jpg 240w, http:\/\/cordobadirecto.com\/wp-content\/uploads\/2021\/08\/olimpicos-de-tokio-como-terminan-los-paises-de-america-latina-en-tokyo-2020-31.jpg 320w, http:\/\/cordobadirecto.com\/wp-content\/uploads\/2021\/08\/olimpicos-de-tokio-como-terminan-los-paises-de-america-latina-en-tokyo-2020-32.jpg 480w, http:\/\/cordobadirecto.com\/wp-content\/uploads\/2021\/08\/olimpicos-de-tokio-como-terminan-los-paises-de-america-latina-en-tokyo-2020-33.jpg 624w, http:\/\/cordobadirecto.com\/wp-content\/uploads\/2021\/08\/olimpicos-de-tokio-como-terminan-los-paises-de-america-latina-en-tokyo-2020-34.jpg 800w\" alt=\"Marileidy Paulino\" src=\"http:\/\/cordobadirecto.com\/wp-content\/uploads\/2021\/08\/olimpicos-de-tokio-como-terminan-los-paises-de-america-latina-en-tokyo-2020-4.jpg\" width=\"976\" class=\"bbc-fat2bc e1enwo3v0\"><\/noscript><\/p>\n<p role=\"text\" class=\"bbc-1s1cxbv etq3yw90\"><span class=\"bbc-1gnhmg2 e1yt7oin0\">Fuente de la imagen, <\/span><span lang=\"en-GB\">Reuters<\/span><\/p>\n<\/div>\n<\/div>\n<div dir=\"ltr\" class=\"bbc-3edg7g e57qer20\" readability=\"7\"><figcaption dir=\"ltr\" class=\"bbc-1t9zlwf eede9f50\" readability=\"4\"><span class=\"bbc-1gnhmg2 e1yt7oin0\">Pie de foto, <\/span><\/p>\n<p>Marileidy Paulino particip\u00f3 con el equipo de relevos y de manera individual, ganando dos medallas de plata.<\/p>\n<\/figcaption><\/div>\n<\/div>\n<\/figure>\n<\/div>\n<p><h2 id=\"Venezuela-de-la-mano-de-Yulimar-Rojas\" tabindex=\"-1\" class=\"bbc-l3e97o e14hemmw0\">Venezuela: de la mano de Yulimar Rojas<\/h2>\n<\/p>\n<div dir=\"ltr\" class=\"bbc-19j92fr e57qer20\" readability=\"9\">\n<p dir=\"ltr\" class=\"bbc-bm53ic e1cc2ql70\">Imponiendo un nuevo r\u00e9cord mundial, <b>Yulimar Rojas<\/b> gan\u00f3 el oro en el triple salto femenino y llev\u00f3 a Venezuela a escalar en el medallero de Tokyo 2020.<\/p>\n<\/div>\n<div dir=\"ltr\" class=\"bbc-19j92fr e57qer20\" readability=\"8\">\n<p dir=\"ltr\" class=\"bbc-bm53ic e1cc2ql70\">La naci\u00f3n sudamericana sum\u00f3 otras dos medallas de plata en halterofilia con<b> Julio Mayora<\/b> y<b> Keydomar Vallenilla<\/b>. Una plateada m\u00e1s cay\u00f3 en el ciclismo BMX.<\/p>\n<\/div>\n<div dir=\"ltr\" class=\"bbc-19j92fr e57qer20\">\n<p dir=\"ltr\" class=\"bbc-bm53ic e1cc2ql70\"><b>Tokyo 2020<\/b><\/p>\n<\/div>\n<div dir=\"ltr\" class=\"bbc-19j92fr e57qer20\">\n<div class=\"bbc-1fobf8d e1gggypo0\">\n<ul dir=\"ltr\" role=\"list\" class=\"bbc-1n23t93 e1drcs2w1\">\n<li role=\"listitem\" class=\"bbc-acwcvw e1drcs2w0\">Oro: 1<\/li>\n<li role=\"listitem\" class=\"bbc-acwcvw e1drcs2w0\">Plata: 3<\/li>\n<li role=\"listitem\" class=\"bbc-acwcvw e1drcs2w0\">Bronce: 0<\/li>\n<\/ul>\n<\/div>\n<\/div>\n<div dir=\"ltr\" class=\"bbc-19j92fr e57qer20\">\n<div class=\"bbc-1fobf8d e1gggypo0\">\n<ul dir=\"ltr\" role=\"list\" class=\"bbc-1n23t93 e1drcs2w1\">\n<li role=\"listitem\" class=\"bbc-acwcvw e1drcs2w0\">Oro: 0<\/li>\n<li role=\"listitem\" class=\"bbc-acwcvw e1drcs2w0\">Plata: 2<\/li>\n<li role=\"listitem\" class=\"bbc-acwcvw e1drcs2w0\">Bronce: 1<\/li>\n<\/ul>\n<\/div>\n<\/div>\n<div dir=\"ltr\" class=\"bbc-1ka88fa e57qer20\">\n<figure class=\"bbc-1qdcvv9 e6bmn90\">\n<div dir=\"ltr\" class=\"bbc-172p16q e57qer20\">\n<div dir=\"ltr\" class=\"bbc-189y18v e57qer20\" readability=\"6.5\">\n<div data-e2e=\"image-placeholder\" class=\"bbc-1k5hvrj e1whu0\" readability=\"8\"><noscript><img srcset=\"http:\/\/cordobadirecto.com\/wp-content\/uploads\/2021\/08\/olimpicos-de-tokio-como-terminan-los-paises-de-america-latina-en-tokyo-2020-35.jpg 240w, http:\/\/cordobadirecto.com\/wp-content\/uploads\/2021\/08\/olimpicos-de-tokio-como-terminan-los-paises-de-america-latina-en-tokyo-2020-36.jpg 320w, http:\/\/cordobadirecto.com\/wp-content\/uploads\/2021\/08\/olimpicos-de-tokio-como-terminan-los-paises-de-america-latina-en-tokyo-2020-37.jpg 480w, http:\/\/cordobadirecto.com\/wp-content\/uploads\/2021\/08\/olimpicos-de-tokio-como-terminan-los-paises-de-america-latina-en-tokyo-2020-38.jpg 624w, http:\/\/cordobadirecto.com\/wp-content\/uploads\/2021\/08\/olimpicos-de-tokio-como-terminan-los-paises-de-america-latina-en-tokyo-2020-39.jpg 800w\" alt=\"Yulimar Rojas\" src=\"http:\/\/cordobadirecto.com\/wp-content\/uploads\/2021\/08\/olimpicos-de-tokio-como-terminan-los-paises-de-america-latina-en-tokyo-2020-5.jpg\" width=\"976\" class=\"bbc-fat2bc e1enwo3v0\"><\/noscript><\/p>\n<p role=\"text\" class=\"bbc-1s1cxbv etq3yw90\"><span class=\"bbc-1gnhmg2 e1yt7oin0\">Fuente de la imagen, <\/span><span lang=\"en-GB\">Reuters<\/span><\/p>\n<\/div>\n<\/div>\n<div dir=\"ltr\" class=\"bbc-3edg7g e57qer20\" readability=\"6.5\"><figcaption dir=\"ltr\" class=\"bbc-1t9zlwf eede9f50\" readability=\"3\"><span class=\"bbc-1gnhmg2 e1yt7oin0\">Pie de foto, <\/span><\/p>\n<p>Yulimar Rojas impuso un nuevo r\u00e9cord mundial al ganar el oro en el triple salto femenino de Tokyo 2020.<\/p>\n<\/figcaption><\/div>\n<\/div>\n<\/figure>\n<\/div>\n<p><h2 id=\"Colombia-gana-la-plata-pierde-los-oros\" tabindex=\"-1\" class=\"bbc-l3e97o e14hemmw0\">Colombia: gana la plata, pierde los oros<\/h2>\n<\/p>\n<div dir=\"ltr\" class=\"bbc-19j92fr e57qer20\" readability=\"8\">\n<p dir=\"ltr\" class=\"bbc-bm53ic e1cc2ql70\">Los de R\u00edo 2016 fueron unos buenos Juegos Ol\u00edmpicos para Colombia, pues se llevaron tres oros.<\/p>\n<\/div>\n<div dir=\"ltr\" class=\"bbc-19j92fr e57qer20\" readability=\"10\">\n<p dir=\"ltr\" class=\"bbc-bm53ic e1cc2ql70\">En Tokio solo han sumado<b> cuatro platas:<\/b> Anthony Zambrano (atletismo), Mariana Paj\u00f3n (BMX), Sandra Arenas (marcha) y Luis Mosquera (halterofilia).<\/p>\n<\/div>\n<div dir=\"ltr\" class=\"bbc-19j92fr e57qer20\" readability=\"8\">\n<p dir=\"ltr\" class=\"bbc-bm53ic e1cc2ql70\">Carlos Ram\u00edrez estuvo cerca de unirse al club plateado, pero al final gan\u00f3 el bronce en BMX.<\/p>\n<\/div>\n<div dir=\"ltr\" class=\"bbc-19j92fr e57qer20\">\n<p dir=\"ltr\" class=\"bbc-bm53ic e1cc2ql70\"><b>Tokyo 2020<\/b><\/p>\n<\/div>\n<div dir=\"ltr\" class=\"bbc-19j92fr e57qer20\">\n<div class=\"bbc-1fobf8d e1gggypo0\">\n<ul dir=\"ltr\" role=\"list\" class=\"bbc-1n23t93 e1drcs2w1\">\n<li role=\"listitem\" class=\"bbc-acwcvw e1drcs2w0\">Oro: 0<\/li>\n<li role=\"listitem\" class=\"bbc-acwcvw e1drcs2w0\">Plata: 4<\/li>\n<li role=\"listitem\" class=\"bbc-acwcvw e1drcs2w0\">Bronce: 1 <\/li>\n<\/ul>\n<\/div>\n<\/div>\n<div dir=\"ltr\" class=\"bbc-19j92fr e57qer20\">\n<div class=\"bbc-1fobf8d e1gggypo0\">\n<ul dir=\"ltr\" role=\"list\" class=\"bbc-1n23t93 e1drcs2w1\">\n<li role=\"listitem\" class=\"bbc-acwcvw e1drcs2w0\">Oro: 3<\/li>\n<li role=\"listitem\" class=\"bbc-acwcvw e1drcs2w0\">Plata: 2<\/li>\n<li role=\"listitem\" class=\"bbc-acwcvw e1drcs2w0\">Bronce: 3<\/li>\n<\/ul>\n<\/div>\n<\/div>\n<div dir=\"ltr\" class=\"bbc-1ka88fa e57qer20\">\n<figure class=\"bbc-1qdcvv9 e6bmn90\">\n<div dir=\"ltr\" class=\"bbc-172p16q e57qer20\">\n<div dir=\"ltr\" class=\"bbc-189y18v e57qer20\">\n<div data-e2e=\"image-placeholder\" class=\"bbc-1k5hvrj e1whu0\"><noscript><img srcset=\"http:\/\/cordobadirecto.com\/wp-content\/uploads\/2021\/08\/olimpicos-de-tokio-como-terminan-los-paises-de-america-latina-en-tokyo-2020-40.jpg 240w, http:\/\/cordobadirecto.com\/wp-content\/uploads\/2021\/08\/olimpicos-de-tokio-como-terminan-los-paises-de-america-latina-en-tokyo-2020-41.jpg 320w, http:\/\/cordobadirecto.com\/wp-content\/uploads\/2021\/08\/olimpicos-de-tokio-como-terminan-los-paises-de-america-latina-en-tokyo-2020-42.jpg 480w, http:\/\/cordobadirecto.com\/wp-content\/uploads\/2021\/08\/olimpicos-de-tokio-como-terminan-los-paises-de-america-latina-en-tokyo-2020-43.jpg 624w, http:\/\/cordobadirecto.com\/wp-content\/uploads\/2021\/08\/olimpicos-de-tokio-como-terminan-los-paises-de-america-latina-en-tokyo-2020-44.jpg 800w\" alt=\"Mariana Paj\u00f3n\" src=\"http:\/\/cordobadirecto.com\/wp-content\/uploads\/2021\/08\/olimpicos-de-tokio-como-terminan-los-paises-de-america-latina-en-tokyo-2020-6.jpg\" width=\"976\" class=\"bbc-fat2bc e1enwo3v0\"><\/noscript><\/div>\n<\/div>\n<div dir=\"ltr\" class=\"bbc-3edg7g e57qer20\" readability=\"7\"><figcaption dir=\"ltr\" class=\"bbc-1t9zlwf eede9f50\" readability=\"4\"><span class=\"bbc-1gnhmg2 e1yt7oin0\">Pie de foto, <\/span><\/p>\n<p>&#8220;Es plata, pero vale como oro y m\u00e1s&#8221;, le dijo Mariana Paj\u00f3n a BBC Mundo.<\/p>\n<\/figcaption><\/div>\n<\/div>\n<\/figure>\n<\/div>\n<p><h2 id=\"M\u00e9xico-ya-casi\" tabindex=\"-1\" class=\"bbc-l3e97o e14hemmw0\">M\u00e9xico: &#8220;ya casi&#8221;<\/h2>\n<\/p>\n<div dir=\"ltr\" class=\"bbc-19j92fr e57qer20\" readability=\"7\">\n<p dir=\"ltr\" class=\"bbc-bm53ic e1cc2ql70\">Los Juegos de Tokyo 2020 no han sido los mejores para M\u00e9xico.<\/p>\n<\/div>\n<div dir=\"ltr\" class=\"bbc-19j92fr e57qer20\" readability=\"10\">\n<p dir=\"ltr\" class=\"bbc-bm53ic e1cc2ql70\">Si bien el pa\u00eds tiene cuatro medallas, todas de bronce,<b>s<\/b><b>us deportistas se <\/b><b>ha quedado en el cuarto lugar<\/b><b>en siete competencias<\/b>.<\/p>\n<\/div>\n<div dir=\"ltr\" class=\"bbc-19j92fr e57qer20\" readability=\"8\">\n<p dir=\"ltr\" class=\"bbc-bm53ic e1cc2ql70\">El equipo de f\u00fatbol masculino se gan\u00f3 los aplausos al vencer al anfitri\u00f3n Jap\u00f3n por 3-1 y colgarse el bronce.<\/p>\n<\/div>\n<div dir=\"ltr\" class=\"bbc-19j92fr e57qer20\">\n<p dir=\"ltr\" class=\"bbc-bm53ic e1cc2ql70\"><b>Tokyo 2020<\/b><\/p>\n<\/div>\n<div dir=\"ltr\" class=\"bbc-19j92fr e57qer20\">\n<div class=\"bbc-1fobf8d e1gggypo0\">\n<ul dir=\"ltr\" role=\"list\" class=\"bbc-1n23t93 e1drcs2w1\">\n<li role=\"listitem\" class=\"bbc-acwcvw e1drcs2w0\">Oro: 0<\/li>\n<li role=\"listitem\" class=\"bbc-acwcvw e1drcs2w0\">Plata: 0<\/li>\n<li role=\"listitem\" class=\"bbc-acwcvw e1drcs2w0\">Bronce: 4 <\/li>\n<\/ul>\n<\/div>\n<\/div>\n<div dir=\"ltr\" class=\"bbc-19j92fr e57qer20\">\n<div class=\"bbc-1fobf8d e1gggypo0\">\n<ul dir=\"ltr\" role=\"list\" class=\"bbc-1n23t93 e1drcs2w1\">\n<li role=\"listitem\" class=\"bbc-acwcvw e1drcs2w0\">Oro: 0<\/li>\n<li role=\"listitem\" class=\"bbc-acwcvw e1drcs2w0\">Plata: 3<\/li>\n<li role=\"listitem\" class=\"bbc-acwcvw e1drcs2w0\">Bronce: 2<\/li>\n<\/ul>\n<\/div>\n<\/div>\n<div dir=\"ltr\" class=\"bbc-1ka88fa e57qer20\">\n<figure class=\"bbc-1qdcvv9 e6bmn90\">\n<div dir=\"ltr\" class=\"bbc-172p16q e57qer20\">\n<div dir=\"ltr\" class=\"bbc-189y18v e57qer20\">\n<div data-e2e=\"image-placeholder\" class=\"bbc-1k5hvrj e1whu0\"><noscript><img srcset=\"http:\/\/cordobadirecto.com\/wp-content\/uploads\/2021\/08\/olimpicos-de-tokio-como-terminan-los-paises-de-america-latina-en-tokyo-2020-45.jpg 240w, http:\/\/cordobadirecto.com\/wp-content\/uploads\/2021\/08\/olimpicos-de-tokio-como-terminan-los-paises-de-america-latina-en-tokyo-2020-46.jpg 320w, http:\/\/cordobadirecto.com\/wp-content\/uploads\/2021\/08\/olimpicos-de-tokio-como-terminan-los-paises-de-america-latina-en-tokyo-2020-47.jpg 480w, http:\/\/cordobadirecto.com\/wp-content\/uploads\/2021\/08\/olimpicos-de-tokio-como-terminan-los-paises-de-america-latina-en-tokyo-2020-48.jpg 624w, http:\/\/cordobadirecto.com\/wp-content\/uploads\/2021\/08\/olimpicos-de-tokio-como-terminan-los-paises-de-america-latina-en-tokyo-2020-49.jpg 800w\" alt=\"Gabriela Agundez Garc\u00eda y Alejandra Orozco Loza\" src=\"http:\/\/cordobadirecto.com\/wp-content\/uploads\/2021\/08\/olimpicos-de-tokio-como-terminan-los-paises-de-america-latina-en-tokyo-2020-7.jpg\" width=\"976\" class=\"bbc-fat2bc e1enwo3v0\"><\/noscript><\/p>\n<p role=\"text\" class=\"bbc-1s1cxbv etq3yw90\"><span class=\"bbc-1gnhmg2 e1yt7oin0\">Fuente de la imagen, <\/span><span lang=\"en-GB\">EPA<\/span><\/p>\n<\/div>\n<\/div>\n<div dir=\"ltr\" class=\"bbc-3edg7g e57qer20\" readability=\"6.5\"><figcaption dir=\"ltr\" class=\"bbc-1t9zlwf eede9f50\" readability=\"3\"><span class=\"bbc-1gnhmg2 e1yt7oin0\">Pie de foto, <\/span><\/p>\n<p>Gabriela Agundez y Alejandra Orozco ganaron bronce en los saltos sincronizados de la plataforma de 10 m.<\/p>\n<\/figcaption><\/div>\n<\/div>\n<\/figure>\n<\/div>\n<p><h2 id=\"Argentina-pierde-los-oros\" tabindex=\"-1\" class=\"bbc-l3e97o e14hemmw0\">Argentina: pierde los oros<\/h2>\n<\/p>\n<div dir=\"ltr\" class=\"bbc-19j92fr e57qer20\" readability=\"7\">\n<p dir=\"ltr\" class=\"bbc-bm53ic e1cc2ql70\">Los deportes por equipo le dieron a Argentina dos medallas en Tokyo 2020.<\/p>\n<\/div>\n<div dir=\"ltr\" class=\"bbc-19j92fr e57qer20\" readability=\"10\">\n<p dir=\"ltr\" class=\"bbc-bm53ic e1cc2ql70\">El conjunto de <b>hockey <\/b>se qued\u00f3 con el segundo lugar en la final femenina, mientras que los &#8220;Pumas&#8221; se llevaron el bronce en <b>el rugby 7<\/b>y el equipo de <b>voleibol <\/b>masculino venci\u00f3 a Brasil y se llev\u00f3 el bronce.<\/p>\n<\/div>\n<div dir=\"ltr\" class=\"bbc-19j92fr e57qer20\" readability=\"10\">\n<p dir=\"ltr\" class=\"bbc-bm53ic e1cc2ql70\">En R\u00edo 2016, los argentinos lograron tres campeonatos ol\u00edmpicos (judo, hockey masculino y vela) que no pudieron refrendar en Tokyo 2020.<\/p>\n<\/div>\n<div dir=\"ltr\" class=\"bbc-19j92fr e57qer20\">\n<p dir=\"ltr\" class=\"bbc-bm53ic e1cc2ql70\"><b>Tokyo 2020<\/b><\/p>\n<\/div>\n<div dir=\"ltr\" class=\"bbc-19j92fr e57qer20\">\n<div class=\"bbc-1fobf8d e1gggypo0\">\n<ul dir=\"ltr\" role=\"list\" class=\"bbc-1n23t93 e1drcs2w1\">\n<li role=\"listitem\" class=\"bbc-acwcvw e1drcs2w0\">Oro: 0<\/li>\n<li role=\"listitem\" class=\"bbc-acwcvw e1drcs2w0\">Plata: 1<\/li>\n<li role=\"listitem\" class=\"bbc-acwcvw e1drcs2w0\">Bronce: 2<\/li>\n<\/ul>\n<\/div>\n<\/div>\n<div dir=\"ltr\" class=\"bbc-19j92fr e57qer20\">\n<div class=\"bbc-1fobf8d e1gggypo0\">\n<ul dir=\"ltr\" role=\"list\" class=\"bbc-1n23t93 e1drcs2w1\">\n<li role=\"listitem\" class=\"bbc-acwcvw e1drcs2w0\">Oro: 3<\/li>\n<li role=\"listitem\" class=\"bbc-acwcvw e1drcs2w0\">Plata: 1<\/li>\n<li role=\"listitem\" class=\"bbc-acwcvw e1drcs2w0\">Bronce: 0<\/li>\n<\/ul>\n<\/div>\n<\/div>\n<div dir=\"ltr\" class=\"bbc-1ka88fa e57qer20\">\n<figure class=\"bbc-1qdcvv9 e6bmn90\">\n<div dir=\"ltr\" class=\"bbc-172p16q e57qer20\">\n<div dir=\"ltr\" class=\"bbc-189y18v e57qer20\" readability=\"6.5\">\n<div data-e2e=\"image-placeholder\" class=\"bbc-1k5hvrj e1whu0\" readability=\"8\"><noscript><img srcset=\"http:\/\/cordobadirecto.com\/wp-content\/uploads\/2021\/08\/olimpicos-de-tokio-como-terminan-los-paises-de-america-latina-en-tokyo-2020-50.jpg 240w, http:\/\/cordobadirecto.com\/wp-content\/uploads\/2021\/08\/olimpicos-de-tokio-como-terminan-los-paises-de-america-latina-en-tokyo-2020-51.jpg 320w, http:\/\/cordobadirecto.com\/wp-content\/uploads\/2021\/08\/olimpicos-de-tokio-como-terminan-los-paises-de-america-latina-en-tokyo-2020-52.jpg 480w, http:\/\/cordobadirecto.com\/wp-content\/uploads\/2021\/08\/olimpicos-de-tokio-como-terminan-los-paises-de-america-latina-en-tokyo-2020-53.jpg 624w, http:\/\/cordobadirecto.com\/wp-content\/uploads\/2021\/08\/olimpicos-de-tokio-como-terminan-los-paises-de-america-latina-en-tokyo-2020-54.jpg 800w\" alt=\"El equipo de rugby 7 de Argentina\" src=\"http:\/\/cordobadirecto.com\/wp-content\/uploads\/2021\/08\/olimpicos-de-tokio-como-terminan-los-paises-de-america-latina-en-tokyo-2020-8.jpg\" width=\"976\" class=\"bbc-fat2bc e1enwo3v0\"><\/noscript><\/p>\n<p role=\"text\" class=\"bbc-1s1cxbv etq3yw90\"><span class=\"bbc-1gnhmg2 e1yt7oin0\">Fuente de la imagen, <\/span><span lang=\"en-GB\">Reuters<\/span><\/p>\n<\/div>\n<\/div>\n<div dir=\"ltr\" class=\"bbc-3edg7g e57qer20\" readability=\"6\"><figcaption dir=\"ltr\" class=\"bbc-1t9zlwf eede9f50\" readability=\"2\"><span class=\"bbc-1gnhmg2 e1yt7oin0\">Pie de foto, <\/span><\/p>\n<p>El equipo de Argentina de rugby 7 se qued\u00f3 con la plata.<\/p>\n<\/figcaption><\/div>\n<\/div>\n<\/figure>\n<\/div>\n<p><h2 id=\"Puerto-Rico-repite-un-oro\" tabindex=\"-1\" class=\"bbc-l3e97o e14hemmw0\">Puerto Rico: repite un oro<\/h2>\n<\/p>\n<div dir=\"ltr\" class=\"bbc-19j92fr e57qer20\" readability=\"9\">\n<p dir=\"ltr\" class=\"bbc-bm53ic e1cc2ql70\">Los puertorrique\u00f1os est\u00e1n concluyendo su participaci\u00f3n en Tokyo 2020 con una medalla de oro, lo conseguido en R\u00edo 2016.<\/p>\n<\/div>\n<div dir=\"ltr\" class=\"bbc-19j92fr e57qer20\" readability=\"8\">\n<p dir=\"ltr\" class=\"bbc-bm53ic e1cc2ql70\"><b>Jasmine Camacho-Quinn<\/b> fue la ganadora de la prueba de 100 m con vallas con un nuevo r\u00e9cord ol\u00edmpico.<\/p>\n<\/div>\n<div dir=\"ltr\" class=\"bbc-19j92fr e57qer20\" readability=\"8\">\n<p dir=\"ltr\" class=\"bbc-bm53ic e1cc2ql70\">Hace cuatro a\u00f1os, la tenista M\u00f3nica Puig fue la campeona del tenis individual.<\/p>\n<\/div>\n<div dir=\"ltr\" class=\"bbc-19j92fr e57qer20\">\n<p dir=\"ltr\" class=\"bbc-bm53ic e1cc2ql70\"><b>Tokyo 2020<\/b><\/p>\n<\/div>\n<div dir=\"ltr\" class=\"bbc-19j92fr e57qer20\">\n<div class=\"bbc-1fobf8d e1gggypo0\">\n<ul dir=\"ltr\" role=\"list\" class=\"bbc-1n23t93 e1drcs2w1\">\n<li role=\"listitem\" class=\"bbc-acwcvw e1drcs2w0\">Oro: 1<\/li>\n<li role=\"listitem\" class=\"bbc-acwcvw e1drcs2w0\">Plata: 0<\/li>\n<li role=\"listitem\" class=\"bbc-acwcvw e1drcs2w0\">Bronce: 0 <\/li>\n<\/ul>\n<\/div>\n<\/div>\n<div dir=\"ltr\" class=\"bbc-19j92fr e57qer20\">\n<div class=\"bbc-1fobf8d e1gggypo0\">\n<ul dir=\"ltr\" role=\"list\" class=\"bbc-1n23t93 e1drcs2w1\">\n<li role=\"listitem\" class=\"bbc-acwcvw e1drcs2w0\">Oro: 1<\/li>\n<li role=\"listitem\" class=\"bbc-acwcvw e1drcs2w0\">Plata: 0<\/li>\n<li role=\"listitem\" class=\"bbc-acwcvw e1drcs2w0\">Bronce: 0<\/li>\n<\/ul>\n<\/div>\n<\/div>\n<div dir=\"ltr\" class=\"bbc-1ka88fa e57qer20\">\n<figure class=\"bbc-1qdcvv9 e6bmn90\">\n<div dir=\"ltr\" class=\"bbc-172p16q e57qer20\">\n<div dir=\"ltr\" class=\"bbc-189y18v e57qer20\">\n<div data-e2e=\"image-placeholder\" class=\"bbc-1k5hvrj e1whu0\"><noscript><img srcset=\"http:\/\/cordobadirecto.com\/wp-content\/uploads\/2021\/08\/olimpicos-de-tokio-como-terminan-los-paises-de-america-latina-en-tokyo-2020-55.jpg 240w, http:\/\/cordobadirecto.com\/wp-content\/uploads\/2021\/08\/olimpicos-de-tokio-como-terminan-los-paises-de-america-latina-en-tokyo-2020-56.jpg 320w, http:\/\/cordobadirecto.com\/wp-content\/uploads\/2021\/08\/olimpicos-de-tokio-como-terminan-los-paises-de-america-latina-en-tokyo-2020-57.jpg 480w, http:\/\/cordobadirecto.com\/wp-content\/uploads\/2021\/08\/olimpicos-de-tokio-como-terminan-los-paises-de-america-latina-en-tokyo-2020-58.jpg 624w, http:\/\/cordobadirecto.com\/wp-content\/uploads\/2021\/08\/olimpicos-de-tokio-como-terminan-los-paises-de-america-latina-en-tokyo-2020-59.jpg 800w\" alt=\"Jasmine Camacho-Quinn\" src=\"http:\/\/cordobadirecto.com\/wp-content\/uploads\/2021\/08\/olimpicos-de-tokio-como-terminan-los-paises-de-america-latina-en-tokyo-2020-9.jpg\" width=\"976\" class=\"bbc-fat2bc e1enwo3v0\"><\/noscript><\/p>\n<p role=\"text\" class=\"bbc-1s1cxbv etq3yw90\"><span class=\"bbc-1gnhmg2 e1yt7oin0\">Fuente de la imagen, <\/span><span lang=\"en-GB\">EPA<\/span><\/p>\n<\/div>\n<\/div>\n<div dir=\"ltr\" class=\"bbc-3edg7g e57qer20\" readability=\"6\"><figcaption dir=\"ltr\" class=\"bbc-1t9zlwf eede9f50\" readability=\"2\"><span class=\"bbc-1gnhmg2 e1yt7oin0\">Pie de foto, <\/span><\/p>\n<p>Jasmine Camacho-Quinn fue la campeona de la carrera de 100 m con vallas.<\/p>\n<\/figcaption><\/div>\n<\/div>\n<\/figure>\n<\/div>\n<p><h2 id=\"11-con-las-manos-vac\u00edas\" tabindex=\"-1\" class=\"bbc-l3e97o e14hemmw0\">11 con las manos vac\u00edas<\/h2>\n<\/p>\n<div dir=\"ltr\" class=\"bbc-19j92fr e57qer20\" readability=\"16\">\n<p dir=\"ltr\" class=\"bbc-bm53ic e1cc2ql70\">Las naciones latinoamericanas que no han ganado ninguna medalla en Tokyo 2020 son 11: <b>Bolivia, Chile, Costa Rica, El Salvador, Guatemala, Honduras, Nicaragua, Panam\u00e1, Per\u00fa y Uruguay<\/b><b>.<\/b><\/p>\n<\/div>\n<div dir=\"ltr\" class=\"bbc-19j92fr e57qer20\" readability=\"7\">\n<p dir=\"ltr\" class=\"bbc-bm53ic e1cc2ql70\">Esos mismos pa\u00edses se fueron con las manos vac\u00edas en R\u00edo 2016.<\/p>\n<\/div>\n<div dir=\"ltr\" class=\"bbc-1ka88fa e57qer20\">\n<figure class=\"bbc-1qdcvv9 e6bmn90\">\n<div dir=\"ltr\" class=\"bbc-172p16q e57qer20\">\n<div dir=\"ltr\" class=\"bbc-189y18v e57qer20\">\n<div data-e2e=\"image-placeholder\" class=\"bbc-aimv5 e1whu0\"><noscript><img srcset=\"http:\/\/cordobadirecto.com\/wp-content\/uploads\/2021\/08\/olimpicos-de-tokio-como-terminan-los-paises-de-america-latina-en-tokyo-2020.png 240w, http:\/\/cordobadirecto.com\/wp-content\/uploads\/2021\/08\/olimpicos-de-tokio-como-terminan-los-paises-de-america-latina-en-tokyo-2020.png 320w, http:\/\/cordobadirecto.com\/wp-content\/uploads\/2021\/08\/olimpicos-de-tokio-como-terminan-los-paises-de-america-latina-en-tokyo-2020.png 480w, http:\/\/cordobadirecto.com\/wp-content\/uploads\/2021\/08\/olimpicos-de-tokio-como-terminan-los-paises-de-america-latina-en-tokyo-2020.png 624w, http:\/\/cordobadirecto.com\/wp-content\/uploads\/2021\/08\/olimpicos-de-tokio-como-terminan-los-paises-de-america-latina-en-tokyo-2020.png 629w\" alt=\"Logo de BBC Mundo en Tokio\" src=\"http:\/\/cordobadirecto.com\/wp-content\/uploads\/2021\/08\/olimpicos-de-tokio-como-terminan-los-paises-de-america-latina-en-tokyo-2020.png\" width=\"629\" class=\"bbc-fat2bc e1enwo3v0\"><\/noscript><\/div>\n<\/div>\n<\/div>\n<\/figure>\n<\/div>\n<div dir=\"ltr\" class=\"bbc-19j92fr e57qer20\" readability=\"8\">\n<p dir=\"ltr\" class=\"bbc-bm53ic e1cc2ql70\"><i class=\"bbc-h1y5j7 ewc4zcb0\">Ahora puedes recibir notificaciones de BBC Mundo. Descarga la nueva versi\u00f3n de nuestra app y act\u00edvalas para no perderte nuestro mejor contenido.<\/i><\/p>\n<\/div>\n","protected":false},"excerpt":{"rendered":"<p>Redacci\u00f3n BBC News Mundo 6 agosto 2021 Actualizado 5 horas Fuente de la imagen, Reuters\/EPA\/Getty Brasil y Cuba han dado la cara por Am\u00e9rica Latina en los Juegos Ol\u00edmpicos una vez m\u00e1s. Ambas naciones -hist\u00f3ricamente las m\u00e1s ganadoras de la regi\u00f3n- son las que m\u00e1s medallas han ganado en Tokyo 2020, cuyas competencias finalizan este [&hellip;]<\/p>\n","protected":false},"author":1,"featured_media":13097,"comment_status":"closed","ping_status":"closed","sticky":false,"template":"","format":"standard","meta":[],"categories":[24],"tags":[],"_links":{"self":[{"href":"http:\/\/cordobadirecto.com\/index.php\/wp-json\/wp\/v2\/posts\/13096"}],"collection":[{"href":"http:\/\/cordobadirecto.com\/index.php\/wp-json\/wp\/v2\/posts"}],"about":[{"href":"http:\/\/cordobadirecto.com\/index.php\/wp-json\/wp\/v2\/types\/post"}],"author":[{"embeddable":true,"href":"http:\/\/cordobadirecto.com\/index.php\/wp-json\/wp\/v2\/users\/1"}],"replies":[{"embeddable":true,"href":"http:\/\/cordobadirecto.com\/index.php\/wp-json\/wp\/v2\/comments?post=13096"}],"version-history":[{"count":0,"href":"http:\/\/cordobadirecto.com\/index.php\/wp-json\/wp\/v2\/posts\/13096\/revisions"}],"wp:featuredmedia":[{"embeddable":true,"href":"http:\/\/cordobadirecto.com\/index.php\/wp-json\/wp\/v2\/media\/13097"}],"wp:attachment":[{"href":"http:\/\/cordobadirecto.com\/index.php\/wp-json\/wp\/v2\/media?parent=13096"}],"wp:term":[{"taxonomy":"category","embeddable":true,"href":"http:\/\/cordobadirecto.com\/index.php\/wp-json\/wp\/v2\/categories?post=13096"},{"taxonomy":"post_tag","embeddable":true,"href":"http:\/\/cordobadirecto.com\/index.php\/wp-json\/wp\/v2\/tags?post=13096"}],"curies":[{"name":"wp","href":"https:\/\/api.w.org\/{rel}","templated":true}]}}