{"id":13205,"date":"2021-08-06T22:51:13","date_gmt":"2021-08-06T22:51:13","guid":{"rendered":"http:\/\/cordobadirecto.com\/index.php\/2021\/08\/06\/para-los-empresarios-el-anuncio-de-fernandez-es-mas-politico-que-efectivo\/"},"modified":"2021-08-06T22:51:13","modified_gmt":"2021-08-06T22:51:13","slug":"para-los-empresarios-el-anuncio-de-fernandez-es-mas-politico-que-efectivo","status":"publish","type":"post","link":"http:\/\/cordobadirecto.com\/index.php\/2021\/08\/06\/para-los-empresarios-el-anuncio-de-fernandez-es-mas-politico-que-efectivo\/","title":{"rendered":"Para los empresarios, el anuncio de Fern\u00e1ndez es m\u00e1s pol\u00edtico que efectivo"},"content":{"rendered":"<p>Manuel Tagle, presidente de la Bolsa de Comercio de <b>C\u00f3rdoba<\/b>, consider\u00f3 \u201crazonables\u201d las decisiones, pero como Viale le apunt\u00f3 a la carencia de&nbsp;&#8230; <\/p>\n","protected":false},"excerpt":{"rendered":"<p>Manuel Tagle, presidente de la Bolsa de Comercio de C\u00f3rdoba, consider\u00f3 \u201crazonables\u201d las decisiones, pero como Viale le apunt\u00f3 a la carencia de&nbsp;&#8230;<\/p>\n","protected":false},"author":1,"featured_media":0,"comment_status":"closed","ping_status":"closed","sticky":false,"template":"","format":"standard","meta":[],"categories":[40],"tags":[],"_links":{"self":[{"href":"http:\/\/cordobadirecto.com\/index.php\/wp-json\/wp\/v2\/posts\/13205"}],"collection":[{"href":"http:\/\/cordobadirecto.com\/index.php\/wp-json\/wp\/v2\/posts"}],"about":[{"href":"http:\/\/cordobadirecto.com\/index.php\/wp-json\/wp\/v2\/types\/post"}],"author":[{"embeddable":true,"href":"http:\/\/cordobadirecto.com\/index.php\/wp-json\/wp\/v2\/users\/1"}],"replies":[{"embeddable":true,"href":"http:\/\/cordobadirecto.com\/index.php\/wp-json\/wp\/v2\/comments?post=13205"}],"version-history":[{"count":0,"href":"http:\/\/cordobadirecto.com\/index.php\/wp-json\/wp\/v2\/posts\/13205\/revisions"}],"wp:attachment":[{"href":"http:\/\/cordobadirecto.com\/index.php\/wp-json\/wp\/v2\/media?parent=13205"}],"wp:term":[{"taxonomy":"category","embeddable":true,"href":"http:\/\/cordobadirecto.com\/index.php\/wp-json\/wp\/v2\/categories?post=13205"},{"taxonomy":"post_tag","embeddable":true,"href":"http:\/\/cordobadirecto.com\/index.php\/wp-json\/wp\/v2\/tags?post=13205"}],"curies":[{"name":"wp","href":"https:\/\/api.w.org\/{rel}","templated":true}]}}