{"id":13221,"date":"2021-08-06T19:10:29","date_gmt":"2021-08-06T19:10:29","guid":{"rendered":"https:\/\/www.cordoba.gob.ar\/?p=11791"},"modified":"2021-08-06T19:10:29","modified_gmt":"2021-08-06T19:10:29","slug":"servidores-urbanos-se-capacitan-en-albanileria","status":"publish","type":"post","link":"http:\/\/cordobadirecto.com\/index.php\/2021\/08\/06\/servidores-urbanos-se-capacitan-en-albanileria\/","title":{"rendered":"Servidores urbanos se capacitan en alba\u00f1iler\u00eda"},"content":{"rendered":"<div><img src=\"http:\/\/cordobadirecto.com\/wp-content\/uploads\/2021\/08\/servidores-urbanos-se-capacitan-en-albanileria.jpg\" class=\"ff-og-image-inserted\"><\/div>\n<p>Los servidores urbanos avanzan en materia de&nbsp; capacitaciones, a los que se les&nbsp; brindan adem\u00e1s, herramientas de contenci\u00f3n e inserci\u00f3n social para favorecer sus ingresos econ\u00f3micos y posibilidades dentro del&nbsp; mercado laboral formal e informal .<\/p>\n<p>En ese marco, se lleva adelante la \u201cCapacitaci\u00f3n en Alba\u00f1iler\u00eda Tradicional,&nbsp; M\u00f3dulo: Reparaciones de cord\u00f3n cuneta\u201d, en articulaci\u00f3n con UOCRA y a trav\u00e9s de la Subsecretar\u00eda de Promoci\u00f3n del Empleo.<\/p>\n<p>La presente capacitaci\u00f3n est\u00e1 orientada principalmente a oficios en los cuales los participantes encuentren un impulso a su econom\u00eda familiar. De esta manera,&nbsp; se brindan herramientas para que las cooperativas de nuestra ciudad puedan contar con mano de obra capacitada, d\u00e1ndoles la oportunidad a sus integrantes de fortalecer sus ingresos en su actividad privada y a la vez lograr que la intervenci\u00f3n de los servidores urbanos en la ciudad, sea&nbsp; cada vez de mayor y mejor calidad.<\/p>\n<p>La presente formaci\u00f3n est\u00e1 a cargo de Francisco Trigo, miembro del equipo especializado de UOCRA quien brinda la capacitaci\u00f3n en alba\u00f1iler\u00eda orientada a la reparaci\u00f3n y armado de cord\u00f3n cuneta,&nbsp; abordando&nbsp; una completa lista&nbsp; de temas relacionados a los proyectos a realizarse bajo la supervisi\u00f3n de la Direcci\u00f3n General de Intervenci\u00f3n Social.<\/p>\n<p>La capacitaci\u00f3n consiste en la presentaci\u00f3n de herramientas e insumos, sistemas de medici\u00f3n decimal y necesarios para ejecuci\u00f3n, higiene y seguridad en obra, proceso de armado de hormig\u00f3n y excavaci\u00f3n en profundidad.<\/p>\n<p>Dentro de los temas relevantes&nbsp; se abordan aquellos&nbsp; referidos al armado y reparaci\u00f3n de cord\u00f3n cuneta ,&nbsp; construcci\u00f3n en general,&nbsp; armado de estructuras, y&nbsp; excavaciones necesarias para cimientos o zanjas entre otros.<\/p>\n<p>Uno de los temas sobresalientes son los referidos a higiene y seguridad tanto en lo corporal&nbsp; como as\u00ed tambi\u00e9n en todas aquellas maniobras permitidas en el uso de&nbsp; herramientas y&nbsp; maniobras de prevenci\u00f3n en casos de desperfectos mec\u00e1nicos.<\/p>\n<p>Es fundamental cada uno de los conceptos e instrumentos brindados en materia de seguridad durante el dictado de este m\u00f3dulo, tanto durante los momentos te\u00f3ricos como as\u00ed tambi\u00e9n en las posibilidades de realizaci\u00f3n de pr\u00e1cticas supervisadas en campo.<\/p>\n<p>Esta capacitaci\u00f3n se dicta a un total de 48 participantes pertenecientes a las diferentes cooperativas de la ciudad con su consecuente impacto en el ejido municipal.<\/p>\n","protected":false},"excerpt":{"rendered":"<p>Los servidores urbanos avanzan en materia de&nbsp; capacitaciones, a los que se les&nbsp; brindan adem\u00e1s, herramientas de contenci\u00f3n e inserci\u00f3n social para favorecer sus ingresos econ\u00f3micos y posibilidades dentro del&nbsp; mercado laboral formal e informal . En ese marco, se lleva adelante la \u201cCapacitaci\u00f3n en Alba\u00f1iler\u00eda Tradicional,&nbsp; M\u00f3dulo: Reparaciones de cord\u00f3n cuneta\u201d, en articulaci\u00f3n con [&hellip;]<\/p>\n","protected":false},"author":1,"featured_media":13222,"comment_status":"closed","ping_status":"closed","sticky":false,"template":"","format":"standard","meta":[],"categories":[44],"tags":[],"_links":{"self":[{"href":"http:\/\/cordobadirecto.com\/index.php\/wp-json\/wp\/v2\/posts\/13221"}],"collection":[{"href":"http:\/\/cordobadirecto.com\/index.php\/wp-json\/wp\/v2\/posts"}],"about":[{"href":"http:\/\/cordobadirecto.com\/index.php\/wp-json\/wp\/v2\/types\/post"}],"author":[{"embeddable":true,"href":"http:\/\/cordobadirecto.com\/index.php\/wp-json\/wp\/v2\/users\/1"}],"replies":[{"embeddable":true,"href":"http:\/\/cordobadirecto.com\/index.php\/wp-json\/wp\/v2\/comments?post=13221"}],"version-history":[{"count":0,"href":"http:\/\/cordobadirecto.com\/index.php\/wp-json\/wp\/v2\/posts\/13221\/revisions"}],"wp:featuredmedia":[{"embeddable":true,"href":"http:\/\/cordobadirecto.com\/index.php\/wp-json\/wp\/v2\/media\/13222"}],"wp:attachment":[{"href":"http:\/\/cordobadirecto.com\/index.php\/wp-json\/wp\/v2\/media?parent=13221"}],"wp:term":[{"taxonomy":"category","embeddable":true,"href":"http:\/\/cordobadirecto.com\/index.php\/wp-json\/wp\/v2\/categories?post=13221"},{"taxonomy":"post_tag","embeddable":true,"href":"http:\/\/cordobadirecto.com\/index.php\/wp-json\/wp\/v2\/tags?post=13221"}],"curies":[{"name":"wp","href":"https:\/\/api.w.org\/{rel}","templated":true}]}}