{"id":1331,"date":"2021-02-10T15:32:53","date_gmt":"2021-02-10T15:32:53","guid":{"rendered":"https:\/\/puntoapunto.com.ar\/?p=272789"},"modified":"2021-02-10T15:32:53","modified_gmt":"2021-02-10T15:32:53","slug":"retenciones-y-las-internas-de-la-ucr-en-la-bandera-de-largada-del-2021-electoral","status":"publish","type":"post","link":"http:\/\/cordobadirecto.com\/index.php\/2021\/02\/10\/retenciones-y-las-internas-de-la-ucr-en-la-bandera-de-largada-del-2021-electoral\/","title":{"rendered":"Retenciones y las internas de la UCR, en la bandera de largada del 2021 electoral"},"content":{"rendered":"<p><!-- image --><\/p>\n<div class=\"td-post-featured-image\"><a href=\"http:\/\/cordobadirecto.com\/wp-content\/uploads\/2021\/02\/retenciones-y-las-internas-de-la-ucr-en-la-bandera-de-largada-del-2021-electoral.jpg\" data-caption><img loading=\"lazy\" width=\"696\" height=\"464\" class=\"entry-thumb td-modal-image\" src=\"http:\/\/cordobadirecto.com\/wp-content\/uploads\/2021\/02\/retenciones-y-las-internas-de-la-ucr-en-la-bandera-de-largada-del-2021-electoral.jpg\" srcset=\"http:\/\/cordobadirecto.com\/wp-content\/uploads\/2021\/02\/retenciones-y-las-internas-de-la-ucr-en-la-bandera-de-largada-del-2021-electoral.jpg 1200w, http:\/\/cordobadirecto.com\/wp-content\/uploads\/2021\/02\/retenciones-y-las-internas-de-la-ucr-en-la-bandera-de-largada-del-2021-electoral-1.jpg 300w, http:\/\/cordobadirecto.com\/wp-content\/uploads\/2021\/02\/retenciones-y-las-internas-de-la-ucr-en-la-bandera-de-largada-del-2021-electoral-2.jpg 1024w, http:\/\/cordobadirecto.com\/wp-content\/uploads\/2021\/02\/retenciones-y-las-internas-de-la-ucr-en-la-bandera-de-largada-del-2021-electoral-3.jpg 768w\" sizes=\"(max-width: 696px) 100vw, 696px\" alt title=\"Schiaretti - Calvo\"><\/a><\/div>\n<p> <!-- content --><\/p>\n<div class=\"td-a-rec td-a-rec-id-content_top tdi_78_2a8 td_block_template_10\">\n<div class=\"g g-34\">\n<div class=\"g-single a-210\"><!-- Error, Ad is not available at this time due to schedule\/geolocation restrictions! --><br \/>\n<br \/><a class=\"gofollow\" data-track=\"MjEwLDM0LDEsNjA=\" href=\"http:\/\/www.grupocanter.com.ar\/landing\/pap\/?utm_source=Punto%20a%20Punto&amp;utm_medium=Banner&amp;utm_campaign=Departamentos&amp;utm_term=Banner%20Pie%20de%20Nota\"><img src=\"http:\/\/cordobadirecto.com\/wp-content\/uploads\/2021\/02\/retenciones-y-las-internas-de-la-ucr-en-la-bandera-de-largada-del-2021-electoral.gif\"><\/a>\n<\/div>\n<\/div>\n<\/div>\n<p>La frase de la vicejefa de Gabinete de la Naci\u00f3n, Cecilia Todesca, la semana pasada cuando no descartaba la chance de insistir con las retenciones al campo por parte del Gobierno nacional, cobraron fuerza con la entrevista a P\u00e1gina 12 que brind\u00f3 el propio presidente Alberto Fern\u00e1ndez. En la misma, el mandatario nacional dispar\u00f3: \u201cpreferir\u00eda no hacerlo, pero si el campo no entiende voy a subir las retenciones o establecer cupos\u201d.<\/p>\n<p>Consumada la advertencia del l\u00edder del Ejecutivo nacional, el campo reaccion\u00f3 y quedo al aguardo de una reuni\u00f3n que se concretar\u00e1 hoy por la tarde entre todos los actores de la Mesa de Enlace con el Gobierno; y no tomar\u00e1 medidas hasta ver qu\u00e9 conclusi\u00f3n sacan del c\u00f3nclave. Atentos siempre, a lo que piden las bases, que amagan con continuar en esta tensi\u00f3n que proponen algunos actores del oficialismo y ellos replican.<\/p>\n<p>Con este escenario, en C\u00f3rdoba aprovecharon desde El Panal para extender la fase de distanciamiento con Naci\u00f3n que ya tuvo algunos cap\u00edtulos en los pocos d\u00edas que lleva el 2021. A comienzos de enero, cuando el gobernador Juan Schiaretti se puso en contacto con otros mandatarios provinciales ante el inminente anuncio del Gobierno nacional de aplicar el toque de queda sanitario ante el aumento de casos de coronavirus.<\/p>\n<h4>\u201cNo podemos matar el verano\u201d<\/h4>\n<p>En aquella ocasi\u00f3n, la preocupaci\u00f3n de hoteleros, sumado al malestar de caba\u00f1eros y gastron\u00f3micos, fueron suficientes para que Schiaretti le ganara de mano a la Naci\u00f3n al confirmar que en C\u00f3rdoba no habr\u00eda marcha atr\u00e1s. \u201cNo podemos matar el verano\u201d, dijo un funcionario provincial, aunque se sum\u00f3 a la preocupaci\u00f3n general por los cuidados. Primera distancia 2021.<\/p>\n<p>Hace d\u00edas, con la apertura de sesiones ordinarias en la Unicameral, Schiaretti ratific\u00f3 la marca registrada del modelo de Gesti\u00f3n C\u00f3rdoba con el que transitar\u00e1 la primera buena parte del a\u00f1o; y ratificando que, si hay un acercamiento electoral con el Frente de Todos -hoy poco probable-, no ser\u00e1 entrando bajo el paraguas de Alberto F., Cristina Fern\u00e1ndez de Kirchner y compa\u00f1\u00eda.<\/p>\n<p>El tercer episodio de la saga se produjo esta semana cuando Naci\u00f3n apunt\u00f3 al socio hist\u00f3rico de estas dos d\u00e9cadas del cordobesismo: el campo. La advertencia de Fern\u00e1ndez encontr\u00f3 un rechazo pleno del schiarettismo que encontr\u00f3 la voz indicada para ponerle cuerpo al pensamiento de los despachos principales del Panal, el diputado nacional Carlos Guti\u00e9rrez.<\/p>\n<p>El schiarettista paladar negro lidera el bloque de cuatro parlamentarios que responden al gobernador en la C\u00e1mara baja, fue el ministro de Agricultura de Schiaretti en el conflicto del 2008 y en alg\u00fan momento puede volver a esa cartera donde dej\u00f3 buenas relaciones. Combo perfecto para encarnar el discurso de una sociedad que est\u00e1 tratando de reestablecer relaciones despu\u00e9s de un complejo 2020 con cap\u00edtulos varios. Entre ellos, Vicentin.<\/p>\n<h4><strong>La interna UCR<\/strong><\/h4>\n<p>Al&nbsp;<em>revival<\/em>&nbsp;2008 del campo y el kirchnerismo, el otro ingrediente que se anota en la largada del a\u00f1o electoral es la interna radical. Con un escenario que parece polarizado en C\u00f3rdoba entre Ram\u00f3n Mestre y Rodrigo de Loredo, los terceros en discordia amagan con meterse en la discusi\u00f3n. Y all\u00ed se suman nombres, a nivel provincial como el de Polo Gait y Fernando Montoya; pero tambi\u00e9n en el plano de la Ciudad. A esta altura, la&nbsp;<em>madre de todas las batallas&nbsp;<\/em>para el radicalismo.<\/p>\n<p>En Capital, el mestrismo acord\u00f3 con Negri y el resto de los socios, la candidatura de Diego Mestre, para liberar la provincia a quien proponga el diputado. Y los nombres que suenan van desde el riocuartense Juan Jure al intendente de General Cabrera, Marcos Carasso.<\/p>\n<p>En tanto, y retornando a la Ciudad, a Sumar amaga con acoplarse otro jugador que no estaba en los planes: Miguel Nicol\u00e1s. El veterano dirigente, de pasado confrontativo con De Loredo, hoy est\u00e1 cerca del acuerdo con el concejal y pondr\u00eda a los rivales del mestrismo con dos candidatos de peso al Comit\u00e9 Capital: Nicol\u00e1s y Javier Bee Sellares, a quien este acercamiento del edil capitalino con el exlegislador no lo convence.<\/p>\n<p>Sin embargo, no todo se define ac\u00e1.&nbsp; A nivel nacional, varios interlocutores le hicieron saber de la situaci\u00f3n al presidente de la UCR Nacional, Alfredo Cornejo, con lo que no se descarta su incidencia.<\/p>\n<p>No tags for this post. <\/p>\n","protected":false},"excerpt":{"rendered":"<p>La frase de la vicejefa de Gabinete de la Naci\u00f3n, Cecilia Todesca, la semana pasada cuando no descartaba la chance de insistir con las retenciones al campo por parte del Gobierno nacional, cobraron fuerza con la entrevista a P\u00e1gina 12 que brind\u00f3 el propio presidente Alberto Fern\u00e1ndez. En la misma, el mandatario nacional dispar\u00f3: \u201cpreferir\u00eda [&hellip;]<\/p>\n","protected":false},"author":1,"featured_media":1332,"comment_status":"closed","ping_status":"closed","sticky":false,"template":"","format":"standard","meta":[],"categories":[25],"tags":[],"_links":{"self":[{"href":"http:\/\/cordobadirecto.com\/index.php\/wp-json\/wp\/v2\/posts\/1331"}],"collection":[{"href":"http:\/\/cordobadirecto.com\/index.php\/wp-json\/wp\/v2\/posts"}],"about":[{"href":"http:\/\/cordobadirecto.com\/index.php\/wp-json\/wp\/v2\/types\/post"}],"author":[{"embeddable":true,"href":"http:\/\/cordobadirecto.com\/index.php\/wp-json\/wp\/v2\/users\/1"}],"replies":[{"embeddable":true,"href":"http:\/\/cordobadirecto.com\/index.php\/wp-json\/wp\/v2\/comments?post=1331"}],"version-history":[{"count":0,"href":"http:\/\/cordobadirecto.com\/index.php\/wp-json\/wp\/v2\/posts\/1331\/revisions"}],"wp:featuredmedia":[{"embeddable":true,"href":"http:\/\/cordobadirecto.com\/index.php\/wp-json\/wp\/v2\/media\/1332"}],"wp:attachment":[{"href":"http:\/\/cordobadirecto.com\/index.php\/wp-json\/wp\/v2\/media?parent=1331"}],"wp:term":[{"taxonomy":"category","embeddable":true,"href":"http:\/\/cordobadirecto.com\/index.php\/wp-json\/wp\/v2\/categories?post=1331"},{"taxonomy":"post_tag","embeddable":true,"href":"http:\/\/cordobadirecto.com\/index.php\/wp-json\/wp\/v2\/tags?post=1331"}],"curies":[{"name":"wp","href":"https:\/\/api.w.org\/{rel}","templated":true}]}}