{"id":13332,"date":"2021-08-05T19:56:54","date_gmt":"2021-08-05T19:56:54","guid":{"rendered":"https:\/\/notepeines.com.ar\/?p=2518"},"modified":"2021-08-05T19:56:54","modified_gmt":"2021-08-05T19:56:54","slug":"charly-garcia-en-cordoba-pormenores-de-una-visita-poco-documentada-en-1977","status":"publish","type":"post","link":"http:\/\/cordobadirecto.com\/index.php\/2021\/08\/05\/charly-garcia-en-cordoba-pormenores-de-una-visita-poco-documentada-en-1977\/","title":{"rendered":"Charly Garc\u00eda en C\u00f3rdoba: pormenores de una visita poco documentada en 1977"},"content":{"rendered":"<div><img src=\"http:\/\/cordobadirecto.com\/wp-content\/uploads\/2021\/08\/charly-garcia-en-cordoba-pormenores-de-una-visita-poco-documentada-en-1977.jpg\" class=\"ff-og-image-inserted\"><\/div>\n<p>Para Leer<\/p>\n<p>Charly Garc\u00eda en C\u00f3rdoba: pormenores de una visita poco documentada en 1977<\/p>\n<p><em>Junto a La M\u00e1quina de hacer p\u00e1jaros lleg\u00f3 a la provincia para hacer \u00abLa gira de los pueblos\u00bb. Una imperdible entrevista de Patricia Perea, \u00abPeperina\u00bb, recuperada por el periodista Diego Quiroga. sirve para la reconstrucci\u00f3n.<\/em><\/p>\n<p>Se trata de un paso que la historia pareci\u00f3 olvidar. Carlos Alberto Garc\u00eda Moreno hasta vivi\u00f3 un esc\u00e1ndalo en la provincia de C\u00f3rdoba que tiene poca difusi\u00f3n pese al paso de los a\u00f1os y la documentaci\u00f3n existente.<\/p>\n<p><a href=\"https:\/\/www.facebook.com\/diego.quiroga.7568596\/posts\/1025094854963048\">El periodista <strong>Diego Quiroga<\/strong> volvi\u00f3 a traerla a colaci\u00f3n<\/a> en el segmento \u00abSay no more\u00bb que el programa radial <em>Mir\u00e1 Quien Habla<\/em>, de FM 102.3 lleva adelante todas las semanas camino a los 70 a\u00f1os del artista.<\/p>\n<p>Es que, comandando <em>La M\u00e1quina de hacer p\u00e1jaros<\/em>, \u2018Charly\u2019 se present\u00f3 en el este del territorio, en San Francisco. Por ese show por el que la banda nunca lleg\u00f3 a cobrar.<\/p>\n<p>As\u00ed lo certifica el propio Garc\u00eda en una entrevista que le realiz\u00f3 Patricia Perea \u00aben alg\u00fan momento de agosto\u00bb de 1977, en medio de \u00abLa gira de los pueblos\u00bb de la banda. Esa grabaci\u00f3n fue recuperada. Y ella, que con el tiempo se ganar\u00eda el apodo de \u2018Peperina\u2019, le otorg\u00f3 el material a Quiroga.<\/p>\n<p>En la recreaci\u00f3n, que tuvo lugar en la emisora de los Servicios de Radio y Televisi\u00f3n en los primeros d\u00edas de este agosto, tambi\u00e9n se pudo escuchar a un joven Charly (ten\u00eda 25 a\u00f1os) hablando sobre la paternidad.<\/p>\n<figure class=\"wp-block-embed is-type-rich is-provider-soundcloud wp-block-embed-soundcloud\"><figcaption>Alg\u00fan n\u00facleo de canciones de ese show tambi\u00e9n se pueden escuchar.<\/figcaption><\/figure>\n<figure class=\"wp-block-embed is-type-video is-provider-youtube wp-block-embed-youtube wp-embed-aspect-16-9 wp-has-aspect-ratio\">\n<p>\n<iframe loading=\"lazy\" title=\"In\u00e9dito: La m\u00e1quina de hacer p\u00e1jaros - C\u00f3rdoba 1977 - (3 AUDIOS)\" width=\"500\" height=\"281\" src=\"https:\/\/www.youtube.com\/embed\/UWNoSzxQ1fs?feature=oembed\" frameborder=\"0\" allow=\"accelerometer; autoplay; clipboard-write; encrypted-media; gyroscope; picture-in-picture\" allowfullscreen>[embedded content]<\/iframe>\n<\/p>\n<\/figure>\n","protected":false},"excerpt":{"rendered":"<p>Para Leer Charly Garc\u00eda en C\u00f3rdoba: pormenores de una visita poco documentada en 1977 Junto a La M\u00e1quina de hacer p\u00e1jaros lleg\u00f3 a la provincia para hacer \u00abLa gira de los pueblos\u00bb. Una imperdible entrevista de Patricia Perea, \u00abPeperina\u00bb, recuperada por el periodista Diego Quiroga. sirve para la reconstrucci\u00f3n. Se trata de un paso que [&hellip;]<\/p>\n","protected":false},"author":1,"featured_media":13333,"comment_status":"open","ping_status":"closed","sticky":false,"template":"","format":"standard","meta":[],"categories":[19],"tags":[],"_links":{"self":[{"href":"http:\/\/cordobadirecto.com\/index.php\/wp-json\/wp\/v2\/posts\/13332"}],"collection":[{"href":"http:\/\/cordobadirecto.com\/index.php\/wp-json\/wp\/v2\/posts"}],"about":[{"href":"http:\/\/cordobadirecto.com\/index.php\/wp-json\/wp\/v2\/types\/post"}],"author":[{"embeddable":true,"href":"http:\/\/cordobadirecto.com\/index.php\/wp-json\/wp\/v2\/users\/1"}],"replies":[{"embeddable":true,"href":"http:\/\/cordobadirecto.com\/index.php\/wp-json\/wp\/v2\/comments?post=13332"}],"version-history":[{"count":0,"href":"http:\/\/cordobadirecto.com\/index.php\/wp-json\/wp\/v2\/posts\/13332\/revisions"}],"wp:featuredmedia":[{"embeddable":true,"href":"http:\/\/cordobadirecto.com\/index.php\/wp-json\/wp\/v2\/media\/13333"}],"wp:attachment":[{"href":"http:\/\/cordobadirecto.com\/index.php\/wp-json\/wp\/v2\/media?parent=13332"}],"wp:term":[{"taxonomy":"category","embeddable":true,"href":"http:\/\/cordobadirecto.com\/index.php\/wp-json\/wp\/v2\/categories?post=13332"},{"taxonomy":"post_tag","embeddable":true,"href":"http:\/\/cordobadirecto.com\/index.php\/wp-json\/wp\/v2\/tags?post=13332"}],"curies":[{"name":"wp","href":"https:\/\/api.w.org\/{rel}","templated":true}]}}