{"id":13340,"date":"2021-08-06T00:03:00","date_gmt":"2021-08-06T00:03:00","guid":{"rendered":"https:\/\/lmdiario.com.ar\/contenido\/301197\/parque-estancia-la-quinta-un-espacio-recreativo-cultural-e-historico-en-pleno-ce"},"modified":"2021-08-06T00:03:00","modified_gmt":"2021-08-06T00:03:00","slug":"parque-estancia-la-quinta-un-espacio-recreativo-cultural-e-historico-en-carlos-paz","status":"publish","type":"post","link":"http:\/\/cordobadirecto.com\/index.php\/2021\/08\/06\/parque-estancia-la-quinta-un-espacio-recreativo-cultural-e-historico-en-carlos-paz\/","title":{"rendered":"Parque Estancia La Quinta: un espacio recreativo, cultural e hist\u00f3rico en Carlos Paz"},"content":{"rendered":"<p><a href=\"https:\/\/lmdiario.com.ar\/tema\/5313\/edicion-impresa\" target=\"_self\" rel=\"noopener\"><img loading=\"lazy\" alt=\"chapa_ed_impresa_01 \" class=\"img-responsive lazyload\" data-src=\"http:\/\/cordobadirecto.com\/wp-content\/uploads\/2021\/08\/parque-estancia-la-quinta-un-espacio-recreativo-cultural-e-historico-en-carlos-paz.png\" height=\"22\" src=\"data:,\" title=\"Ed. Impresa_01\" width=\"140\"><\/a> &nbsp;<br \/><span><strong><em><\/em><\/strong><\/span><\/p>\n<p><span><strong><em>Especial para La Nueva Ma\u00f1ana<\/em><\/strong><\/span><\/p>\n<p><strong>Villa Carlos Paz<\/strong> es una de las principales ciudades tur\u00edsticas de la provincia. Cuenta con un conjunto de atractivos especialmente dise\u00f1ados para convocar a miles de turistas cada temporada.&nbsp;<\/p>\n<p>Es tambi\u00e9n, uno de los destinos que m\u00e1s difusi\u00f3n encuentra en medios locales y nacionales. Por eso, en esta oportunidad opt\u00e9 por buscar entre las propuestas menos conocidas para acercarles otra opci\u00f3n para descubrir y recorrer en \u201cla Villa\u201d.<\/p>\n<h3>La historia de la Estancia La Quinta<\/h3>\n<p><img loading=\"lazy\" alt=\"La quinta00003\" class=\"img-responsive lazyload\" data-src=\"http:\/\/cordobadirecto.com\/wp-content\/uploads\/2021\/08\/parque-estancia-la-quinta-un-espacio-recreativo-cultural-e-historico-en-carlos-paz.jpg\" data-srcset=\"\/download\/multimedia.normal.97c6a74665bdac3f.4c61207175696e746130303030335f6e6f726d616c2e4a5047.JPG 1000w, \/download\/multimedia.miniatura.83f932b1996bf024.4c61207175696e746130303030335f6d696e6961747572612e4a5047.JPG 400w\" height=\"667\" src=\"data:,\" width=\"1000\"><\/p>\n<p>A unas diez cuadras del \u00e1rea comercial se encuentra el legado jesuita m\u00e1s importante de la ciudad: el Parque <strong>Estancia La Quinta<\/strong>.&nbsp;<\/p>\n<p>Este espacio fue declarado Patrimonio Hist\u00f3rico, Cultural, Natural y legado jesuita y su existencia data del a\u00f1o 1906 cuando do\u00f1a Eugenia Gasta\u00f1aga don\u00f3 a la Compa\u00f1\u00eda de Jes\u00fas unas 400 hect\u00e1reas de tierra que, en ese entonces, recibi\u00f3 el nombre de Estancia La Quinta del Ni\u00f1o Dios.&nbsp;<\/p>\n<p>En un primer tiempo, este lugar fue destinado a retiros espirituales y en 1918 es el jesuita Antonio Font quien se propone desarrollar una unidad econ\u00f3mica y religiosa similar a las de las estancias de la \u00e9poca.<\/p>\n<p>Con el paso de los a\u00f1os, los encargados de la Estancia fueron vendiendo partes de las tierras hasta quedarse con solo cinco hect\u00e1reas, que son las que tiene actualmente.&nbsp;<\/p>\n<p>Hoy, el Parque es propiedad de la Municipalidad de Carlos Paz y fue refuncionalizado para brindar un paseo gratuito que tiene espacios de recreaci\u00f3n, y tambi\u00e9n un museo y una sala de exposiciones.<\/p>\n<h3>El recorrido<\/h3>\n<p><img loading=\"lazy\" alt=\"La quinta00008\" class=\"img-responsive lazyload\" data-src=\"http:\/\/cordobadirecto.com\/wp-content\/uploads\/2021\/08\/parque-estancia-la-quinta-un-espacio-recreativo-cultural-e-historico-en-carlos-paz-1.jpg\" data-srcset=\"\/download\/multimedia.normal.80c4e4902e18bc35.4c61207175696e746130303030385f6e6f726d616c2e4a5047.JPG 1000w, \/download\/multimedia.miniatura.9524dcbc9dcf2009.4c61207175696e746130303030385f6d696e6961747572612e4a5047.JPG 400w\" height=\"667\" src=\"data:,\" width=\"1000\"><\/p>\n<p>Ubicado a las m\u00e1rgenes del R\u00edo San Antonio, este predio cuenta con un recorrido sencillo establecido por senderos bien delimitados que invitan a caminar entre \u00e1rboles centenarios plantados por los jesuitas. La mayor\u00eda son especies ex\u00f3ticas como cipreses, cedros, pinos, eucaliptus y olmos. Pero tambi\u00e9n hay una zona de \u00e1rboles aut\u00f3ctonos como molles, algarrobos, espinillos, cha\u00f1ares y talas.<\/p>\n<p>El sendero que sale de la entrada me gu\u00eda hacia el arroyo Padre Ortells que, en tiempos pasados, alimentaba el reservorio de agua de los jesuitas y que hoy mantiene un t\u00edmido caudal que desemboca en el R\u00edo San Antonio.&nbsp;<br \/>Sobre este curso de agua se instalaron dos puentecitos que ampl\u00edan el recorrido por el predio y llevan hacia otro port\u00f3n de ingreso por la calle Asunci\u00f3n.&nbsp;<\/p>\n<p>En este sector tambi\u00e9n hay una zona con distintos juegos para que los m\u00e1s chicos se entretengan y un \u00e1rea con diversos aparatos para hacer gimnasia.&nbsp;<\/p>\n<p>Volviendo por el mismo sendero se puede bajar al r\u00edo o seguir hacia el lado derecho del recorrido que lleva directo al incipiente \u201cBosque de la Poes\u00eda\u201d, una linda iniciativa de poetas locales que plantaron especies nativas acompa\u00f1adas, cada una, de un breve texto po\u00e9tico. Se pueden leer escritos de Juana Soria, Roxana Carrizo, Pedro Solans, Roxana Ferreyra, Facundo Cabral, entre otros. Hasta hay una poes\u00eda llamada \u201cCovid 19\u201d, del escritor Frede Peralta, que busca dejar retratada sus sensaciones acerca de la pandemia que estamos atravesando.<\/p>\n<p>Ya en este sector fluye otro arroyito llamado Huahua Mayu que tambi\u00e9n desemboca en el R\u00edo San Antonio y brinda ese sonido tan caracter\u00edstico y tan relajante que invita a quedarse cerca.<\/p>\n<h3>Patrimonio arqueol\u00f3gico<\/h3>\n<p>En esta zona adem\u00e1s se accede a la antigua cantera donde se extra\u00eda la roca gran\u00edtica para la construcci\u00f3n de los edificios de la estancia. Junto a ella est\u00e1 el sitio arqueol\u00f3gico que registra, a\u00fan hoy, la presencia de tres morteros y cuatro conanas que eran utilizados por los comechingones para \u201cla molienda de granos y frutos silvestres como el ma\u00edz, la quinoa o algarroba\u201d, seg\u00fan detalla el cartel de entrada. Es inevitable ponerse, por un ratito, en el rol de arque\u00f3loga para ir descubriendo cada uno de estos restos ancestrales.<\/p>\n<p>Para seguir con la tem\u00e1tica y conocer m\u00e1s sobre la historia, es recomendable visitar el Museo Arqueol\u00f3gico Numba Charava que posee unas 600 piezas arqueol\u00f3gicas que fueron rescatadas en las m\u00e1rgenes de lago San Roque desde el a\u00f1o 1949. Son fundamentalmente herramientas y adornos que usaban los pueblos originarios que habitaron la zona.<\/p>\n<p>Otro de los lugares para visitar es la Sala Font donde se exhibe una l\u00ednea cronol\u00f3gica sobre la fundaci\u00f3n de Villa Carlos Paz, con sus principales hitos hist\u00f3ricos. Pero adem\u00e1s, la joya del lugar es el caparaz\u00f3n de un Glyptodonte (animal que vivi\u00f3 en la \u00e9poca del Pleistoceno, similar a un quirquincho) que fue hallado en el a\u00f1o 2005 en la vivienda de un vecino del barrio Playas de Oro cuando estaba haciendo un pozo en su terreno.<\/p>\n<p>Parque Estancia La Quinta es un lugar sencillo, acogedor y tranquilo, pensado para ofrecerse como espacio de esparcimiento, pero tambi\u00e9n para aprender sobre la historia local.&nbsp;<\/p>\n<p>&nbsp;<strong>M\u00e1s Info:<\/strong><\/p>\n<p><a href=\"https:\/\/www.instagram.com\/villacarlospazoficial\/\" rel=\"noopener\" target=\"_blank\">Parque Estancia La Quinta<\/a>&nbsp;<\/p>\n<p>WhatsApp: 3541 528822<\/p>\n<table>\n<tbody>\n<tr>\n<td><a href=\"https:\/\/lmdiario.com.ar\/categoria\/52\/ed-impresa\" target=\"_self\" rel=\"noopener\"><img loading=\"lazy\" alt=\"LNM - Edici\u00f3n Impresa\" caption=\"false\" class=\"img-responsive lazyload\" data-src=\"http:\/\/cordobadirecto.com\/wp-content\/uploads\/2021\/08\/parque-estancia-la-quinta-un-espacio-recreativo-cultural-e-historico-en-carlos-paz-2.jpg\" height=\"262\" src=\"data:,\" title=\"Edici\u00f3n Impresa\" width=\"200\"><\/a><\/td>\n<\/tr>\n<\/tbody>\n<\/table>\n<hr>\n<p><strong><em>Segu\u00ed el desarrollo de esta noticia y otras m\u00e1s&nbsp;<br \/>en la edici\u00f3n impresa de La Nueva Ma\u00f1ana<\/em><\/strong>&nbsp;<br \/><span><em>[&nbsp;<span>Todos los <\/span><\/em><\/span><span><em><span>viernes en tu kiosco&nbsp;<\/span>]<\/em><\/span><\/p>\n<hr>\n","protected":false},"excerpt":{"rendered":"<p>&nbsp; Especial para La Nueva Ma\u00f1ana Villa Carlos Paz es una de las principales ciudades tur\u00edsticas de la provincia. Cuenta con un conjunto de atractivos especialmente dise\u00f1ados para convocar a miles de turistas cada temporada.&nbsp; Es tambi\u00e9n, uno de los destinos que m\u00e1s difusi\u00f3n encuentra en medios locales y nacionales. Por eso, en esta oportunidad [&hellip;]<\/p>\n","protected":false},"author":1,"featured_media":13341,"comment_status":"closed","ping_status":"closed","sticky":false,"template":"","format":"standard","meta":[],"categories":[22],"tags":[],"_links":{"self":[{"href":"http:\/\/cordobadirecto.com\/index.php\/wp-json\/wp\/v2\/posts\/13340"}],"collection":[{"href":"http:\/\/cordobadirecto.com\/index.php\/wp-json\/wp\/v2\/posts"}],"about":[{"href":"http:\/\/cordobadirecto.com\/index.php\/wp-json\/wp\/v2\/types\/post"}],"author":[{"embeddable":true,"href":"http:\/\/cordobadirecto.com\/index.php\/wp-json\/wp\/v2\/users\/1"}],"replies":[{"embeddable":true,"href":"http:\/\/cordobadirecto.com\/index.php\/wp-json\/wp\/v2\/comments?post=13340"}],"version-history":[{"count":0,"href":"http:\/\/cordobadirecto.com\/index.php\/wp-json\/wp\/v2\/posts\/13340\/revisions"}],"wp:featuredmedia":[{"embeddable":true,"href":"http:\/\/cordobadirecto.com\/index.php\/wp-json\/wp\/v2\/media\/13341"}],"wp:attachment":[{"href":"http:\/\/cordobadirecto.com\/index.php\/wp-json\/wp\/v2\/media?parent=13340"}],"wp:term":[{"taxonomy":"category","embeddable":true,"href":"http:\/\/cordobadirecto.com\/index.php\/wp-json\/wp\/v2\/categories?post=13340"},{"taxonomy":"post_tag","embeddable":true,"href":"http:\/\/cordobadirecto.com\/index.php\/wp-json\/wp\/v2\/tags?post=13340"}],"curies":[{"name":"wp","href":"https:\/\/api.w.org\/{rel}","templated":true}]}}