{"id":13342,"date":"2021-08-05T19:42:49","date_gmt":"2021-08-05T19:42:49","guid":{"rendered":"https:\/\/es.digitaltrends.com\/?p=845661"},"modified":"2021-08-05T19:42:49","modified_gmt":"2021-08-05T19:42:49","slug":"south-park-suma-temporadas-y-14-peliculas-nuevas","status":"publish","type":"post","link":"http:\/\/cordobadirecto.com\/index.php\/2021\/08\/05\/south-park-suma-temporadas-y-14-peliculas-nuevas\/","title":{"rendered":"South Park suma temporadas y 14 pel\u00edculas nuevas"},"content":{"rendered":"<p>Hace un tiempo, Comedy Central hab\u00eda renovado <em><a href=\"https:\/\/es.digitaltrends.com\/tendencias\/series-antiguas-televisores-diminutos\/\">South Park<\/a><\/em> hasta la temporada 25. Ahora, la compa\u00f1\u00eda confirma cinco adicionales. De esta forma, la serie llegar\u00e1, por lo menos, hasta la temporada 30.<\/p>\n<p>La primera de estas temporadas confirmadas ser\u00e1 estrenada en alg\u00fan momento del pr\u00f3ximo a\u00f1o. En tanto, las otras saldr\u00e1n de manera sucesiva hasta 2027.<\/p>\n<p>Esta no es la \u00fanica buena noticia para los fan\u00e1ticos de la serie. ViacomCBS firm\u00f3 un contrato con los creadores Trey Parker y Matt Stone para que ambos puedan crear nuevas propiedades intelectuales, que incluyen 14 pel\u00edculas de <em>South Park<\/em> que ser\u00e1n estrenadas en exclusiva en la plataforma Paramount+.<\/p>\n<figure class=\"aligncenter\"><img src=\"http:\/\/cordobadirecto.com\/wp-content\/uploads\/2021\/08\/south-park-suma-temporadas-y-14-peliculas-nuevas.gif\" data-dt-lazy-src=\"https:\/\/icdn.dtcn.com\/image\/digitaltrends_es\/1366_2000-1-43-720x720.jpg\" onerror=\"dti_load_error(this)\" class=\" size-large wp-image-845665 dt-lazy-load dt-lazy-pending\" alt=\"South Park suma m\u00e1s temporadas y 14 pel\u00edculas nuevas\"><\/figure>\n<p>\u201cMatt y Trey son dos creativos de primera clase que, de forma brillante, usan su ofensivo sentido del humor para abordar las absurdeces de nuestra cultura, y estamos emocionados de expandir y profundizar en nuestra relaci\u00f3n con ellos para ayudar a impulsar Paramount+ y Comedy Central\u201d, explica Chris McCarthy, presidente ejecutivo de MTV Entertainment.<\/p>\n<p>\u201cHacer una franquicia con contenido popular como <em>South Park<\/em> y desarrollar nuevas propiedades intelectuales con el tremendo talento de Matt y Trey es la clave de nuestra estrategia para que Paramount+ contin\u00fae creciendo\u201d.<\/p>\n<p>Por ahora no se han dado a conocer mayores detalles sobre este plan, ni los contenidos que ser\u00e1n abordados en las distintas cintas. Lo que s\u00ed se sabe es que las dos primeras pel\u00edculas se estrenar\u00e1n en la plataforma a finales de este a\u00f1o.<\/p>\n<p>\u201cNo podemos esperar para volver a hacer episodios tradicionales de <em>South Park<\/em>, pero ahora tambi\u00e9n podemos probar nuevos formatos. Es genial tener compa\u00f1eros que siempre apuestan por nosotros\u201d, explican Parker y Stone en un comunicado.<\/p>\n<h4 class=\"h-editors-recs-title\"> Recomendaciones del editor\t<\/h4>\n<p> <span id=\"publisher-md\" itemprop=\"publisher\" itemscope itemtype=\"https:\/\/schema.org\/Organization\"> <span itemprop=\"url\" itemtype=\"https:\/\/schema.org\/Url\" content=\"https:\/\/es.digitaltrends.com\"> <span itemprop=\"logo\" itemscope itemtype=\"https:\/\/schema.org\/ImageObject\"> <meta itemprop=\"url\" content=\"https:\/\/cdn.dtcn.com\/dt\/dt-logo-small.png\"> <meta itemprop=\"width\" content=\"0\"> <meta itemprop=\"height\" content=\"0\"> <\/span> <meta itemprop=\"name\" content=\"Digital Trends Espa\u00f1ol\"> <\/span> <span itemprop=\"image\" itemscope itemtype=\"https:\/\/schema.org\/ImageObject\"> <meta itemprop=\"url\" content=\"https:\/\/icdn.dtcn.com\/image\/digitaltrends_es\/1366_2000-1-43.jpg\"> <\/span> <\/span><\/p>\n","protected":false},"excerpt":{"rendered":"<p>Hace un tiempo, Comedy Central hab\u00eda renovado South Park hasta la temporada 25. Ahora, la compa\u00f1\u00eda confirma cinco adicionales. De esta forma, la serie llegar\u00e1, por lo menos, hasta la temporada 30. La primera de estas temporadas confirmadas ser\u00e1 estrenada en alg\u00fan momento del pr\u00f3ximo a\u00f1o. En tanto, las otras saldr\u00e1n de manera sucesiva hasta [&hellip;]<\/p>\n","protected":false},"author":1,"featured_media":13343,"comment_status":"closed","ping_status":"closed","sticky":false,"template":"","format":"standard","meta":[],"categories":[18],"tags":[],"_links":{"self":[{"href":"http:\/\/cordobadirecto.com\/index.php\/wp-json\/wp\/v2\/posts\/13342"}],"collection":[{"href":"http:\/\/cordobadirecto.com\/index.php\/wp-json\/wp\/v2\/posts"}],"about":[{"href":"http:\/\/cordobadirecto.com\/index.php\/wp-json\/wp\/v2\/types\/post"}],"author":[{"embeddable":true,"href":"http:\/\/cordobadirecto.com\/index.php\/wp-json\/wp\/v2\/users\/1"}],"replies":[{"embeddable":true,"href":"http:\/\/cordobadirecto.com\/index.php\/wp-json\/wp\/v2\/comments?post=13342"}],"version-history":[{"count":0,"href":"http:\/\/cordobadirecto.com\/index.php\/wp-json\/wp\/v2\/posts\/13342\/revisions"}],"wp:featuredmedia":[{"embeddable":true,"href":"http:\/\/cordobadirecto.com\/index.php\/wp-json\/wp\/v2\/media\/13343"}],"wp:attachment":[{"href":"http:\/\/cordobadirecto.com\/index.php\/wp-json\/wp\/v2\/media?parent=13342"}],"wp:term":[{"taxonomy":"category","embeddable":true,"href":"http:\/\/cordobadirecto.com\/index.php\/wp-json\/wp\/v2\/categories?post=13342"},{"taxonomy":"post_tag","embeddable":true,"href":"http:\/\/cordobadirecto.com\/index.php\/wp-json\/wp\/v2\/tags?post=13342"}],"curies":[{"name":"wp","href":"https:\/\/api.w.org\/{rel}","templated":true}]}}