{"id":1342,"date":"2021-02-10T17:48:16","date_gmt":"2021-02-10T17:48:16","guid":{"rendered":"http:\/\/cordobadirecto.com\/index.php\/2021\/02\/10\/tras-la-primera-cumbre-con-sindicalistas-el-gobierno-critico-las-proyecciones-privadas-sobre-la-inflacion\/"},"modified":"2021-02-10T17:48:16","modified_gmt":"2021-02-10T17:48:16","slug":"tras-la-primera-cumbre-con-sindicalistas-el-gobierno-critico-las-proyecciones-privadas-sobre-la-inflacion","status":"publish","type":"post","link":"http:\/\/cordobadirecto.com\/index.php\/2021\/02\/10\/tras-la-primera-cumbre-con-sindicalistas-el-gobierno-critico-las-proyecciones-privadas-sobre-la-inflacion\/","title":{"rendered":"Tras la primera cumbre con sindicalistas, el Gobierno critic\u00f3 las proyecciones privadas sobre la inflaci\u00f3n"},"content":{"rendered":"<div><img src=\"http:\/\/cordobadirecto.com\/wp-content\/uploads\/2021\/02\/tras-la-primera-cumbre-con-sindicalistas-el-gobierno-critico-las-proyecciones-privadas-sobre-la-inflacion.jpg\" class=\"ff-og-image-inserted\"><\/div>\n<p>El Gobierno nacional mantuvo este mi\u00e9rcoles la primera cumbre con los referentes sindicales en el marco de las negociaciones para coordinar el sendero de los precios y de los salarios para fortalecer la lucha contra la inflaci\u00f3n.<\/p>\n<p>Al t\u00e9rmino del encuentro, el ministro de Trabajo, Claudio Moroni, se encarg\u00f3 de criticar las mediciones privadas que vaticinan que los precios acumular\u00e1n este a\u00f1o una carrera de hasta 50%, muy superior a la del 29% que la Casa Rosada plante\u00f3 en el Presupuesto.<\/p>\n<p>\u201cLas proyecciones de las consultoras siempre se han equivocado. Durante el Gobierno anterior proyectaron que la inflaci\u00f3n iba a ser m\u00e1s baja y fueron mucho m\u00e1s alta, y durante nuestro gobierno proyectan inflaciones m\u00e1s altas y resultan ser m\u00e1s bajas\u201d, dijo el funcionario nacional.<\/p>\n<div class=\"block-ad-node\">\n<div>\n<p> <span>Publicidad<\/span> <\/p>\n<\/div>\n<\/div>\n<p>Moroni dijo que \u201cno hay motivos para extrapolar una inflaci\u00f3n que tuvo que ver con algunas variaciones muy importantes de (alimentos) frescos y por lo que ha pasado con los precios internacionales de los alimentos para el resto del a\u00f1o\u201d.<\/p>\n<p>As\u00ed, rechaz\u00f3 la posibilidad de que el recalentamiento de los precios que se registr\u00f3 en los \u00faltimos meses del a\u00f1o pasado, y que tambi\u00e9n se prev\u00e9 impacte en enero, pueda determinar el rumbo en los pr\u00f3ximos meses.<\/p>\n<p class=\"TextoDestacado\">El titular de la cartera laboral aclar\u00f3 que las conversaciones que se iniciaron buscan definir \u201clos acuerdos pol\u00edticos necesarios para que el Presupuesto converja en la realidad\u201d.<\/p>\n<p>\u201cEsta es la primera reuni\u00f3n de una serie de reuniones. Queremos establecer una metodolog\u00eda para generar los acuerdos pol\u00edticos necesarios para que nuestro proyecto, que es el proyecto de Presupuesto que aprob\u00f3 el Congreso, converja con la realidad. O sea, que los actores sociales entiendan y podamos ir monitoreando las variables de manera tal que nuestro proyecto, que es el proyecto macroecon\u00f3mico aprobado por el Congreso, suceda en la realidad con acuerdo de los actores\u201d, remarc\u00f3.<\/p>\n<div class=\"ctaNewsNotaContainer\" readability=\"6.5\">\n<div class=\"newsletterTextContainer\" readability=\"33\">\n<p> S\u00cdNTESIS POL\u00cdTICA<\/p>\n<p> Informaci\u00f3n exclusiva y el mejor an\u00e1lisis, los lunes en tu correo.<\/p>\n<form method=\"post\" action-xhr=\"https:\/\/www.lavoz.com.ar\/newsletters\/sintesis-politica\/signup\" id=\"newsletter-signup\" class=\"newsletterForm\" target=\"_blank\" custom-validation-reporting=\"as-you-go\" on=\"submit:AMP.setState({formLoading:true});submit-success:AMP.setState({formSuccess:true})\">\n<div submit-success class=\"is-paddingless-l\" readability=\"6\"> <template type=\"amp-mustache\" readability=\"2\"><\/p>\n<p> <strong>\u00a1Gracias por suscribirte!<\/strong><\/p>\n<p> <\/template><\/div>\n<div submit-error class=\"is-paddingless-l\" readability=\"6.5\"> <template type=\"amp-mustache\" readability=\"3\"><\/p>\n<p> <strong>Ha ocurrido un error, por favor intente nuevamente m\u00e1s tarde.<\/strong><\/p>\n<p> <\/template><\/div>\n<\/form>\n<\/div>\n<\/div>\n<div>\n<p> <span>Publicidad<\/span> <\/p>\n<\/div>\n","protected":false},"excerpt":{"rendered":"<p>El Gobierno nacional mantuvo este mi\u00e9rcoles la primera cumbre con los referentes sindicales en el marco de las negociaciones para coordinar el sendero de los precios y de los salarios para fortalecer la lucha contra la inflaci\u00f3n. Al t\u00e9rmino del encuentro, el ministro de Trabajo, Claudio Moroni, se encarg\u00f3 de criticar las mediciones privadas que [&hellip;]<\/p>\n","protected":false},"author":1,"featured_media":1343,"comment_status":"closed","ping_status":"closed","sticky":false,"template":"","format":"standard","meta":[],"categories":[23],"tags":[],"_links":{"self":[{"href":"http:\/\/cordobadirecto.com\/index.php\/wp-json\/wp\/v2\/posts\/1342"}],"collection":[{"href":"http:\/\/cordobadirecto.com\/index.php\/wp-json\/wp\/v2\/posts"}],"about":[{"href":"http:\/\/cordobadirecto.com\/index.php\/wp-json\/wp\/v2\/types\/post"}],"author":[{"embeddable":true,"href":"http:\/\/cordobadirecto.com\/index.php\/wp-json\/wp\/v2\/users\/1"}],"replies":[{"embeddable":true,"href":"http:\/\/cordobadirecto.com\/index.php\/wp-json\/wp\/v2\/comments?post=1342"}],"version-history":[{"count":0,"href":"http:\/\/cordobadirecto.com\/index.php\/wp-json\/wp\/v2\/posts\/1342\/revisions"}],"wp:featuredmedia":[{"embeddable":true,"href":"http:\/\/cordobadirecto.com\/index.php\/wp-json\/wp\/v2\/media\/1343"}],"wp:attachment":[{"href":"http:\/\/cordobadirecto.com\/index.php\/wp-json\/wp\/v2\/media?parent=1342"}],"wp:term":[{"taxonomy":"category","embeddable":true,"href":"http:\/\/cordobadirecto.com\/index.php\/wp-json\/wp\/v2\/categories?post=1342"},{"taxonomy":"post_tag","embeddable":true,"href":"http:\/\/cordobadirecto.com\/index.php\/wp-json\/wp\/v2\/tags?post=1342"}],"curies":[{"name":"wp","href":"https:\/\/api.w.org\/{rel}","templated":true}]}}