{"id":13436,"date":"2021-08-09T20:38:11","date_gmt":"2021-08-09T20:38:11","guid":{"rendered":"http:\/\/cordobadirecto.com\/index.php\/2021\/08\/09\/la-comedia-te-quiero-hasta-la-luna-llega-al-metropolitan-con-una-puesta-renovada\/"},"modified":"2021-08-09T20:38:11","modified_gmt":"2021-08-09T20:38:11","slug":"la-comedia-te-quiero-hasta-la-luna-llega-al-metropolitan-con-una-puesta-renovada","status":"publish","type":"post","link":"http:\/\/cordobadirecto.com\/index.php\/2021\/08\/09\/la-comedia-te-quiero-hasta-la-luna-llega-al-metropolitan-con-una-puesta-renovada\/","title":{"rendered":"La comedia &#8220;Te quiero hasta la luna&#8221; llega al Metropolitan con una puesta renovada"},"content":{"rendered":"<div class=\"image\" id=\"image\" readability=\"7\"> <img src=\"http:\/\/cordobadirecto.com\/wp-content\/uploads\/2021\/08\/la-comedia-te-quiero-hasta-la-luna-llega-al-metropolitan-con-una-puesta-renovada.jpg\" alt=\" Alan Madanes y Carolina Kopelioff las figuras centrales de una comedia del off exitosa\" title=\" Alan Madanes y Carolina Kopelioff las figuras centrales de una comedia del off exitosa\"><\/p>\n<p> Alan Madanes y Carolina Kopelioff las figuras centrales de una comedia del off exitosa<\/p>\n<\/div>\n<p><strong>&#8220;Te quiero hasta la luna&#8221;<\/strong>, comedia rom\u00e1ntica que combina humor y canciones, llegar\u00e1 ma\u00f1ana al circuito teatral comercial para ofrecer funciones en el Metropolitan con una puesta renovada y nuevo elenco &#8211;<strong>Carolina Kopelioff y Alan Madanes<\/strong>-, luego de siete temporadas exitosas en diferentes salas del teatro independiente y representaciones en M\u00e9xico, Uruguay, Per\u00fa y Colombia.<\/p>\n<p>Los j\u00f3venes int\u00e9rpretes, due\u00f1os de una s\u00f3lida formaci\u00f3n, son los protagonistas de la pieza que relata el reencuentro de Julia y Pablo, quienes se conocieron a los siete a\u00f1os, fueron amigos, novios, y a los 25 a\u00f1os se separaron, pero ya hab\u00edan pagado su sue\u00f1o: un viaje a la luna.<\/p>\n<p>Los directores <strong>Fran Ruiz Barlett<\/strong> y <strong>Sof\u00eda Gonz\u00e1lez Gil<\/strong> -protagonistas originales de la obra-, y <strong>Mat\u00edas Puricelli<\/strong> -director de la comedia desde su estreno-, hablaron con T\u00e9lam acerca del significado que tiene para ellos este desembarco de esta obra estrenada en El M\u00e9todo Kair\u00f3s Teatro en la sala de avenida Corrientes 1343.<\/p>\n<p><strong>&#8220;Nos emociona porque sentimos que de alguna manera la obra contin\u00faa su recorrido, que sigue siendo largo y hermoso; despu\u00e9s de pasar por diferentes salas de teatro independiente y hacer una temporada de verano en Mar del Plata, creemos que es una bella oportunidad para que esta comedia que queremos tanto siga creciendo&#8221;<\/strong>, asegur\u00f3 Puricelli.<\/p>\n<p>Mientras que Gonz\u00e1lez Gil indic\u00f3 que <strong>&#8220;creemos tambi\u00e9n que despu\u00e9s de haber interpretado la obra durante siete a\u00f1os pudimos cerrar una etapa y despedirnos de una linda manera de estos personajes -continuaron-. Nos entusiasma la idea de que actores j\u00f3venes y talentosos como lo son Caro y Alan, tomen la posta y sigan haciendo crecer el material&#8221;<\/strong>.<\/p>\n<p>Las entradas para asistir a la obra, que tendr\u00e1 funciones los martes a las 21, pueden conseguirse a trav\u00e9s de Plateanet.<\/p>\n<p>Los nuevos protagonistas del premiado espect\u00e1culo se conocen desde hace a\u00f1os y son amigos; se desempe\u00f1an en televisi\u00f3n y teatro y tienen gran repercusi\u00f3n en las redes.<\/p>\n<blockquote readability=\"8\">\n<p>&#8220;Creo que el \u00e9xito est\u00e1 en que estos dos personajes son muy entra\u00f1ables, y uno habla mucho de que los personajes suelen ser motor para que el p\u00fablico se identifique cuando va a ver una obra de teatro.&#8221;<span class=\"comilla\">\u201d<\/span><\/p>\n<p><span>Alan Madanes<\/span><\/p>\n<\/blockquote>\n<p>Carolina viene de estelarizar <strong>&#8220;Soy Luna&#8221;<\/strong> durante tres temporadas, incluyendo giras mundiales; adem\u00e1s protagoniz\u00f3 <strong>&#8220;Alad\u00edn&#8221;<\/strong> en teatro y particip\u00f3 de varias series y pel\u00edculas en los \u00faltimos a\u00f1os, al igual que Alan, quien tambi\u00e9n trabaj\u00f3 junto a Carolina en <strong>&#8220;Juegos a la hora de la siesta&#8221;<\/strong> en el Paseo La Plaza.<\/p>\n<p><strong>T\u00e9lam: \u00bfQu\u00e9 les atrajo de esta comedia a la hora de aceptar trabajar en esta propuesta?<\/strong><\/p>\n<p>Carolina Kopelioff; \u00a1Todo! El libro es espectacular, los personajes, la puesta. Es una obra realmente muy hermosa, con una historia hermosa tambi\u00e9n. Y un gran desaf\u00edo para nosotros como actores ya que en el caso de ambos nunca hab\u00edamos hecho una obra de tan pocas personas, siempre fuimos parte de elencos m\u00e1s grandes y eso es un desaf\u00edo enorme. Y hacerlo bajo la direcci\u00f3n de los chicos es incre\u00edble. Estamos disfrutando y aprendiendo much\u00edsimo.<\/p>\n<p>Alan Madanes: Lo que me atrajo especialmente fue el tono con el cual est\u00e1 escrita la obra. Cuando le\u00ed el libro me di cuenta que el humor estaba mezclado entre la historia de amor de una manera muy suave, muy tierna y, a la vez, muy distinta a otras cosas que ya hab\u00eda le\u00eddo o interpretado. Es una comedia que tiene un tinte entre lo c\u00f3mico y lo lindo que tiene el amor, que est\u00e1 en la tecla justa y eso principalmente me pareci\u00f3 s\u00faper importante para encarar este proyecto. Adem\u00e1s, cuando me lleg\u00f3 la propuesta yo sab\u00eda que a Caro ya le hab\u00edan contado del proyecto y nos conocemos hace tiempo, somos amigos y entonces me entusiasm\u00f3 que sea ella mi compa\u00f1era porque al ser un elenco de dos personas es importante la otra persona con la que uno tiene que trabajar y eso me dej\u00f3 muy tranquilo. Tambi\u00e9n a los chicos (Puricelli, Ruiz Barlett, Gonz\u00e1lez Gil) los conoc\u00eda, sigo su trabajo hace un mont\u00f3n. Vi varias de sus obras como autores y tambi\u00e9n como actores y como actrices y eso tambi\u00e9n fue algo por lo cual me entusiasm\u00e9 y dije que s\u00ed.<\/p>\n<p><strong>T: \u00bfD\u00f3nde reside el secreto del \u00e9xito de &#8220;Te quiero hasta la luna&#8221;?<\/strong><\/p>\n<p>AM: Creo que el \u00e9xito est\u00e1 en que estos dos personajes son muy entra\u00f1ables, y uno habla mucho de que los personajes suelen ser motor para que el p\u00fablico se identifique cuando va a ver una obra de teatro. Los dos, con sus virtudes y sus defectos tienen algo que llega al p\u00fablico de una manera muy especial, entonces me parece que ah\u00ed est\u00e1 la clave por la cual la gente la vuelve a ver, porque hay algo en ellos que encanta, que maravilla.<\/p>\n<p><strong>T:\u00bfC\u00f3mo describir\u00edan a esta comedia y a los personajes que interpreta cada uno?<\/strong><\/p>\n<p>CK: Es una historia de amor. Un cuento de amor entre Pablo y Julia. Ellos se conocieron de muy chicos, fueron amigos, novios y a los 25 a\u00f1os se separan y se reencuentran en este viaje a la luna ya planeado por ellos.<\/p>\n<p>AM: Es un cuento de amor y estos dos personajes son el uno para el otro y tambi\u00e9n est\u00e1n muy distanciados, esa es un poco la magia de esta comedia. Mi personaje, Pablo, es muy estructurado, es la estructura en s\u00ed misma, es la organizaci\u00f3n, es un ser muy meticuloso siempre est\u00e1 contando datos espec\u00edficos, un tipo que tiene ciertas dificultades para expresar sentimientos para comunicar la parte humana. \u00c9l es muy pragm\u00e1tico, muy matem\u00e1tico. Julia es el revuelo, es la liviandad, el aire, todo lo que Pablo no tiene que es muy terrenal. Julia es un personaje s\u00faper vivo, emocional, espont\u00e1neo y eso hace que choquen pero que tambi\u00e9n se amen porque las diferencias tambi\u00e9n en cierta medida los unen much\u00edsimo porque se complementan perfecto.<\/p>\n<p><strong>T; \u00bfC\u00f3mo viven la experiencia de protagonizar esta obra que estuvo en cartel durante m\u00e1s de siete a\u00f1os y que ahora llegar\u00e1 al Metropolitan?<\/strong><\/p>\n<p>CK: Es un gran desaf\u00edo para ambos. Estamos realmente muy felices. Es una gran responsabilidad por supuesto, esta obra es un tesoro para todos los que la hacen y estamos muy agradecidos en que hayan confiado en nosotros para volver a hacerla.<\/p>\n<p>AM: Para nosotros es un orgullo que esta obra se estrene en calle Corrientes con nosotros en el elenco. Estoy muy feliz, me siento con una responsabilidad enorme pero a la vez tranquilo porque los directores se dedicaron a que estemos c\u00f3modos con el proyecto y los personajes. <\/p>\n","protected":false},"excerpt":{"rendered":"<p>Alan Madanes y Carolina Kopelioff las figuras centrales de una comedia del off exitosa &#8220;Te quiero hasta la luna&#8221;, comedia rom\u00e1ntica que combina humor y canciones, llegar\u00e1 ma\u00f1ana al circuito teatral comercial para ofrecer funciones en el Metropolitan con una puesta renovada y nuevo elenco &#8211;Carolina Kopelioff y Alan Madanes-, luego de siete temporadas exitosas [&hellip;]<\/p>\n","protected":false},"author":1,"featured_media":13437,"comment_status":"closed","ping_status":"closed","sticky":false,"template":"","format":"standard","meta":[],"categories":[20],"tags":[],"_links":{"self":[{"href":"http:\/\/cordobadirecto.com\/index.php\/wp-json\/wp\/v2\/posts\/13436"}],"collection":[{"href":"http:\/\/cordobadirecto.com\/index.php\/wp-json\/wp\/v2\/posts"}],"about":[{"href":"http:\/\/cordobadirecto.com\/index.php\/wp-json\/wp\/v2\/types\/post"}],"author":[{"embeddable":true,"href":"http:\/\/cordobadirecto.com\/index.php\/wp-json\/wp\/v2\/users\/1"}],"replies":[{"embeddable":true,"href":"http:\/\/cordobadirecto.com\/index.php\/wp-json\/wp\/v2\/comments?post=13436"}],"version-history":[{"count":0,"href":"http:\/\/cordobadirecto.com\/index.php\/wp-json\/wp\/v2\/posts\/13436\/revisions"}],"wp:featuredmedia":[{"embeddable":true,"href":"http:\/\/cordobadirecto.com\/index.php\/wp-json\/wp\/v2\/media\/13437"}],"wp:attachment":[{"href":"http:\/\/cordobadirecto.com\/index.php\/wp-json\/wp\/v2\/media?parent=13436"}],"wp:term":[{"taxonomy":"category","embeddable":true,"href":"http:\/\/cordobadirecto.com\/index.php\/wp-json\/wp\/v2\/categories?post=13436"},{"taxonomy":"post_tag","embeddable":true,"href":"http:\/\/cordobadirecto.com\/index.php\/wp-json\/wp\/v2\/tags?post=13436"}],"curies":[{"name":"wp","href":"https:\/\/api.w.org\/{rel}","templated":true}]}}