{"id":13438,"date":"2021-08-09T20:38:21","date_gmt":"2021-08-09T20:38:21","guid":{"rendered":"http:\/\/cordobadirecto.com\/index.php\/2021\/08\/09\/el-chamame-de-los-nunez-llega-desde-misiones-al-jardin-del-club-congo\/"},"modified":"2021-08-09T20:38:21","modified_gmt":"2021-08-09T20:38:21","slug":"el-chamame-de-los-nunez-llega-desde-misiones-al-jardin-del-club-congo","status":"publish","type":"post","link":"http:\/\/cordobadirecto.com\/index.php\/2021\/08\/09\/el-chamame-de-los-nunez-llega-desde-misiones-al-jardin-del-club-congo\/","title":{"rendered":"El chamam\u00e9 de Los N\u00fa\u00f1ez llega desde Misiones al jard\u00edn del Club Congo"},"content":{"rendered":"<div class=\"image\" id=\"image\" readability=\"8\"> <img src=\"http:\/\/cordobadirecto.com\/wp-content\/uploads\/2021\/08\/el-chamame-de-los-nunez-llega-desde-misiones-al-jardin-del-club-congo.jpg\" alt=\"Juan y Marcos N\u00fanez, abrazados al sonido de sus guitarras\" title=\"Juan y Marcos N\u00fanez, abrazados al sonido de sus guitarras\"><\/p>\n<p>Juan y Marcos N\u00fanez, abrazados al sonido de sus guitarras<\/p>\n<\/div>\n<p>Los hermanos misioneros <strong>Juan y Marcos N\u00fa\u00f1ez<\/strong>, reconocidos artistas chamameceros, volver\u00e1n a la escena musical porte\u00f1a el pr\u00f3ximo jueves para presentarse en formato de cuarteto en el espacio palermitano de Club Cultural Congo.<\/p>\n<p>A bandone\u00f3n (Juan) y guitarra (Marcos), <strong>Los N\u00fa\u00f1ez<\/strong> sumar\u00e1n a <strong>Diego Vel\u00e1zquez<\/strong> en bajo y <strong>Fernando Sol\u00eds<\/strong> en percusi\u00f3n para tocar desde las 19 en el jard\u00edn del espacio sito en Honduras 5329.<\/p>\n<p><strong>\u201cEstamos contentos de poder volver a tocar en Buenos Aires y de hacerlo en un lugar que nos apoya para compartir la m\u00fasica que hacemos y all\u00ed reencontrar a compa\u00f1eros como Juan Pablo Navarro con quien grabaremos algunas cosas\u201d<\/strong>, destaca Marcos N\u00fa\u00f1ez en charla telef\u00f3nica con T\u00e9lam desde la ciudad de Posadas.<\/p>\n<p>Afincados en su provincia, Los N\u00fa\u00f1ez tienen un largo recorrido ya que tocan juntos desde ni\u00f1os y ya adultos y conformados como d\u00fao, giraron por <strong>China, Nueva Zelanda, Alemania, Inglaterra, B\u00e9lgica, Francia, Portugal, Espa\u00f1a, Austria, Eslovenia, Holanda, Noruega y Gales.<\/strong><\/p>\n<p>En ese tr\u00e1nsito compartieron con referentes del g\u00e9nero como <strong>Julio Lorman, Ram\u00f3n Ayala, Horacio Castillo, Rudi y Nini Flores, Jorge Suligoy y Chango Spasiuk<\/strong> y publicaros dos discos (ambos con el percusionista mendocino Chacho Ruiz Gui\u00f1az\u00fa: \u201cTierra de agua\u201d, de 2007; y \u201cChamam\u00e9\u201d, de 2011).<\/p>\n<blockquote readability=\"10\">\n<p>&#8220;Nosotros tocamos muchos a\u00f1os junto al Chango Spasiuk y eso nos tuvo lejos de Misiones y un momento necesitamos volver para empaparnos de lo que es nuestra cultura, conectarnos con el monte, la chacra, la gente y la familia.&#8221;<span class=\"comilla\">\u201d<\/span><\/p>\n<p><span>Marcos N\u00fa\u00f1ez<\/span><\/p>\n<\/blockquote>\n<p>De cara a este regreso a los escenarios de Buenos Aires, el guitarrista, de 40 a\u00f1os, adelant\u00f3: <strong>\u201cvamos a hacer un repaso de varios temas de nuestro repertorio y tambi\u00e9n vamos a tocar algunas canciones que compusimos en este \u00faltimo tiempo y que integrar\u00e1n nuestro tercer disco\u201d.<\/strong><\/p>\n<p><strong>T\u00e9lam: \u00bfC\u00f3mo se perfila ese cancionero de un pr\u00f3ximo \u00e1lbum?<\/strong><\/p>\n<p>Marcos N\u00fa\u00f1ez: En el estudio que armamos en pandemia vamos llevando una tem\u00e1tica de composiciones en las que sin olvidarnos de las ra\u00edces y tambi\u00e9n de los grandes creadores, agregamos cosas propias y nuevas en un proceso que lleva su tiempo pero que apunta a poder decir lo que queremos decir. Sentimos que es un momento propicio para eso.<\/p>\n<p><strong>T: \u00bfEn alg\u00fan momento fue m\u00e1s dif\u00edcil incluir obra nueva o con otros matices?<\/strong><\/p>\n<p>MN: En un comienzo recibimos algunas cr\u00edticas de los sectores m\u00e1s tradicionalistas, pero en general la gente es muy abierta y esa apertura ya es parte del sonido popular. De hecho hay una nueva camada impresionante de talentos que aparecen en toda la regi\u00f3n litorale\u00f1a y que aportan esa novedad.<\/p>\n<p><strong>T: \u00bfEl hecho de que artistas como ustedes decidan vivir en su lugar de origen es un aporte a ese panorama?<\/strong><\/p>\n<p>MN: Nosotros tocamos muchos a\u00f1os junto al Chango y eso nos tuvo lejos de Misiones y un momento necesitamos volver para empaparnos de lo que es nuestra cultura, conectarnos con el monte, la chacra, la gente y la familia. Y desde ac\u00e1 sentimos que podemos llevar adelante la carrera sin necesidad de vivir en Buenos Aires. Adem\u00e1s estamos trabajando en el Centro del Conocimiento donde damos clases y armamos como una orquesta de g\u00e9neros populares y de alg\u00fan modo sentimos que as\u00ed vamos pasando la posta. Para cualquier cultura es importante tener referentes vivos que le den continuidad al legado.<\/p>\n<p><strong>T: \u00bfQu\u00e9 m\u00e1s hacen en Posadas a\u00fan en este contexto de pandemia?<\/strong><\/p>\n<p>MN: Por suerte en Misiones la apertura es pr\u00e1cticamente total y nuestra idea es seguir tocando, aprovechando que contamos con nuestro propio espacio, La pe\u00f1a de los N\u00fa\u00f1ez. <\/p>\n","protected":false},"excerpt":{"rendered":"<p>Juan y Marcos N\u00fanez, abrazados al sonido de sus guitarras Los hermanos misioneros Juan y Marcos N\u00fa\u00f1ez, reconocidos artistas chamameceros, volver\u00e1n a la escena musical porte\u00f1a el pr\u00f3ximo jueves para presentarse en formato de cuarteto en el espacio palermitano de Club Cultural Congo. A bandone\u00f3n (Juan) y guitarra (Marcos), Los N\u00fa\u00f1ez sumar\u00e1n a Diego Vel\u00e1zquez [&hellip;]<\/p>\n","protected":false},"author":1,"featured_media":13439,"comment_status":"closed","ping_status":"closed","sticky":false,"template":"","format":"standard","meta":[],"categories":[20],"tags":[],"_links":{"self":[{"href":"http:\/\/cordobadirecto.com\/index.php\/wp-json\/wp\/v2\/posts\/13438"}],"collection":[{"href":"http:\/\/cordobadirecto.com\/index.php\/wp-json\/wp\/v2\/posts"}],"about":[{"href":"http:\/\/cordobadirecto.com\/index.php\/wp-json\/wp\/v2\/types\/post"}],"author":[{"embeddable":true,"href":"http:\/\/cordobadirecto.com\/index.php\/wp-json\/wp\/v2\/users\/1"}],"replies":[{"embeddable":true,"href":"http:\/\/cordobadirecto.com\/index.php\/wp-json\/wp\/v2\/comments?post=13438"}],"version-history":[{"count":0,"href":"http:\/\/cordobadirecto.com\/index.php\/wp-json\/wp\/v2\/posts\/13438\/revisions"}],"wp:featuredmedia":[{"embeddable":true,"href":"http:\/\/cordobadirecto.com\/index.php\/wp-json\/wp\/v2\/media\/13439"}],"wp:attachment":[{"href":"http:\/\/cordobadirecto.com\/index.php\/wp-json\/wp\/v2\/media?parent=13438"}],"wp:term":[{"taxonomy":"category","embeddable":true,"href":"http:\/\/cordobadirecto.com\/index.php\/wp-json\/wp\/v2\/categories?post=13438"},{"taxonomy":"post_tag","embeddable":true,"href":"http:\/\/cordobadirecto.com\/index.php\/wp-json\/wp\/v2\/tags?post=13438"}],"curies":[{"name":"wp","href":"https:\/\/api.w.org\/{rel}","templated":true}]}}