{"id":13449,"date":"2021-08-09T20:54:46","date_gmt":"2021-08-09T20:54:46","guid":{"rendered":"https:\/\/cordoba.gob.ar\/?p=11913"},"modified":"2021-08-09T20:54:46","modified_gmt":"2021-08-09T20:54:46","slug":"mas-de-800-metros-cuadrados-de-arte-se-plasmaron-sobre-costanera-sur","status":"publish","type":"post","link":"http:\/\/cordobadirecto.com\/index.php\/2021\/08\/09\/mas-de-800-metros-cuadrados-de-arte-se-plasmaron-sobre-costanera-sur\/","title":{"rendered":"M\u00e1s de 800 metros cuadrados de arte se plasmaron sobre Costanera Sur"},"content":{"rendered":"<ul>\n<li><strong>Realizadas en los barrios San Vicente y M\u00fcller, estas intervenciones art\u00edsticas se enmarcan en el plan integral de recuperaci\u00f3n y puesta en valor del espacio p\u00fablico que lleva adelante el municipio.<\/strong><\/li>\n<\/ul>\n<hr>\n<p>En el marco del programa \u201cArte de Nuestra Gente\u201d, que lleva adelante la Municipalidad de C\u00f3rdoba, a trav\u00e9s de la Subsecretar\u00eda de Cultura, se pintaron dos murales de gran formato sobre Costanera Sur atravesando los barrios San Vicente y M\u00fcller.<\/p>\n<p>El artista Mario V\u00e9lez fue el encargado de pintar un mural de gran formato que completa 800 m2 de arte urbano, y al mismo tiempo el colectivo \u201cLa Leonardo Favio\u201d llev\u00f3 a cabo la realizaci\u00f3n de otro mural contiguo de 30 m2 cuya tem\u00e1tica est\u00e1 vinculada al respeto por la diversidad sexual.<\/p>\n<p>Ambas intervenciones art\u00edsticas se suman a las distintas tareas realizadas en la zona por \u00e1reas operativas de la Municipalidad, con el fin de generar espacios que mejoren la calidad de vida para la comunidad.<\/p>\n<p>De este modo, se llevaron a cabo trabajos de limpieza y acondicionamiento en los m\u00e1rgenes del r\u00edo y la Costanera, colocaci\u00f3n de luminarias, erradicaci\u00f3n de micro basurales, parquizaci\u00f3n e instalaci\u00f3n de mobiliario urbano.<\/p>\n<p><em>\u201cEsto forma parte de la transformaci\u00f3n que estamos haciendo en toda nuestra Costanera. D\u00f3nde hab\u00eda basura y abandono hoy los vecinos encuentran arte, un lugar para recorrer, disfrutar y volver a apropiarse de los espacios p\u00fablicos\u201d<\/em>, destac\u00f3 el Secretario de Gobierno, Miguel Siciliano.<\/p>\n<p>Todas las acciones se concretaron de manera conjunta entre la Secretar\u00eda de Gobierno, a trav\u00e9s de la Subsecretar\u00eda de Cultura, la Unidad Ejecutora Costanera (UEC), la Secretar\u00eda de Gesti\u00f3n Ambiental y Sostenibilidad, la Secretar\u00eda de Pol\u00edticas Sociales, Inclusi\u00f3n y Convivencia, contando con la participaci\u00f3n del CPC San Vicente.<\/p>\n<p class=\"wpex-roembed wpex-clr\"><a data-flickr-embed=\"true\" href=\"https:\/\/www.flickr.com\/photos\/158498840@N03\/albums\/72157719663128791\" title=\"M\u00e1s de 800 metros cuadrados de arte en Costanera Sur by Municipalidad de C\u00f3rdoba, on Flickr\"><img loading=\"lazy\" src=\"http:\/\/cordobadirecto.com\/wp-content\/uploads\/2021\/08\/mas-de-800-metros-cuadrados-de-arte-se-plasmaron-sobre-costanera-sur.jpg\" width=\"800\" height=\"600\" alt=\"M\u00e1s de 800 metros cuadrados de arte en Costanera Sur\"><\/a><\/p>\n<hr>\n","protected":false},"excerpt":{"rendered":"<p>Realizadas en los barrios San Vicente y M\u00fcller, estas intervenciones art\u00edsticas se enmarcan en el plan integral de recuperaci\u00f3n y puesta en valor del espacio p\u00fablico que lleva adelante el municipio. En el marco del programa \u201cArte de Nuestra Gente\u201d, que lleva adelante la Municipalidad de C\u00f3rdoba, a trav\u00e9s de la Subsecretar\u00eda de Cultura, se [&hellip;]<\/p>\n","protected":false},"author":1,"featured_media":13450,"comment_status":"closed","ping_status":"closed","sticky":false,"template":"","format":"standard","meta":[],"categories":[44],"tags":[],"_links":{"self":[{"href":"http:\/\/cordobadirecto.com\/index.php\/wp-json\/wp\/v2\/posts\/13449"}],"collection":[{"href":"http:\/\/cordobadirecto.com\/index.php\/wp-json\/wp\/v2\/posts"}],"about":[{"href":"http:\/\/cordobadirecto.com\/index.php\/wp-json\/wp\/v2\/types\/post"}],"author":[{"embeddable":true,"href":"http:\/\/cordobadirecto.com\/index.php\/wp-json\/wp\/v2\/users\/1"}],"replies":[{"embeddable":true,"href":"http:\/\/cordobadirecto.com\/index.php\/wp-json\/wp\/v2\/comments?post=13449"}],"version-history":[{"count":0,"href":"http:\/\/cordobadirecto.com\/index.php\/wp-json\/wp\/v2\/posts\/13449\/revisions"}],"wp:featuredmedia":[{"embeddable":true,"href":"http:\/\/cordobadirecto.com\/index.php\/wp-json\/wp\/v2\/media\/13450"}],"wp:attachment":[{"href":"http:\/\/cordobadirecto.com\/index.php\/wp-json\/wp\/v2\/media?parent=13449"}],"wp:term":[{"taxonomy":"category","embeddable":true,"href":"http:\/\/cordobadirecto.com\/index.php\/wp-json\/wp\/v2\/categories?post=13449"},{"taxonomy":"post_tag","embeddable":true,"href":"http:\/\/cordobadirecto.com\/index.php\/wp-json\/wp\/v2\/tags?post=13449"}],"curies":[{"name":"wp","href":"https:\/\/api.w.org\/{rel}","templated":true}]}}