{"id":13455,"date":"2021-08-09T20:50:00","date_gmt":"2021-08-09T20:50:00","guid":{"rendered":"http:\/\/cordobadirecto.com\/index.php\/2021\/08\/09\/el-pentagono-ordeno-la-vacunacion-obligatoria-para-todos-los-militares\/"},"modified":"2021-08-09T20:50:00","modified_gmt":"2021-08-09T20:50:00","slug":"el-pentagono-ordeno-la-vacunacion-obligatoria-para-todos-los-militares","status":"publish","type":"post","link":"http:\/\/cordobadirecto.com\/index.php\/2021\/08\/09\/el-pentagono-ordeno-la-vacunacion-obligatoria-para-todos-los-militares\/","title":{"rendered":"El Pent\u00e1gono orden\u00f3 la vacunaci\u00f3n obligatoria para todos los militares"},"content":{"rendered":"<div class=\"image\" id=\"image\" readability=\"10\"> <img src=\"http:\/\/cordobadirecto.com\/wp-content\/uploads\/2021\/08\/el-pentagono-ordeno-la-vacunacion-obligatoria-para-todos-los-militares.jpg\" alt=\"El secretario de Defensa, Lloyd Austin, quiere imponer la inoculaci\u00f3n obligatoria entre los militares\" title=\"El secretario de Defensa, Lloyd Austin, quiere imponer la inoculaci\u00f3n obligatoria entre los militares\"><\/p>\n<p>El secretario de Defensa, Lloyd Austin, quiere imponer la inoculaci\u00f3n obligatoria entre los militares<\/p>\n<\/div>\n<p>Estados Unidos orden\u00f3 a todos los miembros de sus Fuerzas Armadas que se vacunen contra el coronavirus a partir de mediados de septiembre, inform\u00f3 este lunes el secretario de Defensa, Lloyd Austin, quien fue inmediatamente respaldado por el presidente Joe Biden.<\/p>\n<p><strong>Austin dijo en una nota que impondr\u00e1 la inoculaci\u00f3n en todos los servicios antes del 15 de septiembre, o incluso antes si el f\u00e1rmaco de Pfizer u otros obtienen la aprobaci\u00f3n total<\/strong> de la Administraci\u00f3n de Alimentos y Medicamentos (FDA).<\/p>\n<p>Simult\u00e1neamente, Biden expres\u00f3 en un comunicado que apoya &#8220;firmemente&#8221; la medida al sentenciar que &#8220;esas vacunas salvan vidas&#8221;.<\/p>\n<p>Seg\u00fan precis\u00f3 Austin, antes de que se dicte la orden de vacunaci\u00f3n los militares <strong>&#8220;tambi\u00e9n vigilar\u00edan de cerca las tasas de infecci\u00f3n, que ahora est\u00e1n aumentando debido a la variante delta, y el impacto que estas tasas podr\u00edan tener en nuestra preparaci\u00f3n.&#8221;<\/strong><\/p>\n<div class=\"image\" id=\"image\" readability=\"9\"> <img src=\"http:\/\/cordobadirecto.com\/wp-content\/uploads\/2021\/08\/el-pentagono-ordeno-la-vacunacion-obligatoria-para-todos-los-militares-1.jpg\" alt=\"Hasta ahora la vacunaci\u00f3n no fue obligatoria entre los militares, porque la FDA solo aprob\u00f3 los inmunizantes de emergencia\" title=\"Hasta ahora la vacunaci\u00f3n no fue obligatoria entre los militares, porque la FDA solo aprob\u00f3 los inmunizantes de emergencia\"><\/p>\n<p>Hasta ahora la vacunaci\u00f3n no fue obligatoria entre los militares, porque la FDA solo aprob\u00f3 los inmunizantes de emergencia<\/p>\n<\/div>\n<p><br open><br \/>\n<strong>&#8220;No dudar\u00e9 en actuar antes o recomendar un rumbo diferente al presidente si siento la necesidad de hacerlo&#8221;<\/strong>, remarc\u00f3 Austin, citado por la agencia de noticias AFP.<\/p>\n<p>Debido a que las vacunas solo han tenido aprobaci\u00f3n de emergencia, los mandos militares hasta ahora no hab\u00edan obligado a las tropas a inyectarse.<\/p>\n<p>M\u00e1s de la mitad de los 2,5 millones de soldados en servicio activo y de la Guardia Nacional federal -fuerza de reservistas- han sido inmunizados, seg\u00fan las estad\u00edsticas del Pent\u00e1gono.<\/p>\n<p>Eso gener\u00f3 tranquilidad en el Gobierno dem\u00f3crata, preocupado por la posibilidad de que el virus afecte la preparaci\u00f3n militar. <\/p>\n","protected":false},"excerpt":{"rendered":"<p>El secretario de Defensa, Lloyd Austin, quiere imponer la inoculaci\u00f3n obligatoria entre los militares Estados Unidos orden\u00f3 a todos los miembros de sus Fuerzas Armadas que se vacunen contra el coronavirus a partir de mediados de septiembre, inform\u00f3 este lunes el secretario de Defensa, Lloyd Austin, quien fue inmediatamente respaldado por el presidente Joe Biden. [&hellip;]<\/p>\n","protected":false},"author":1,"featured_media":13456,"comment_status":"closed","ping_status":"closed","sticky":false,"template":"","format":"standard","meta":[],"categories":[24],"tags":[],"_links":{"self":[{"href":"http:\/\/cordobadirecto.com\/index.php\/wp-json\/wp\/v2\/posts\/13455"}],"collection":[{"href":"http:\/\/cordobadirecto.com\/index.php\/wp-json\/wp\/v2\/posts"}],"about":[{"href":"http:\/\/cordobadirecto.com\/index.php\/wp-json\/wp\/v2\/types\/post"}],"author":[{"embeddable":true,"href":"http:\/\/cordobadirecto.com\/index.php\/wp-json\/wp\/v2\/users\/1"}],"replies":[{"embeddable":true,"href":"http:\/\/cordobadirecto.com\/index.php\/wp-json\/wp\/v2\/comments?post=13455"}],"version-history":[{"count":0,"href":"http:\/\/cordobadirecto.com\/index.php\/wp-json\/wp\/v2\/posts\/13455\/revisions"}],"wp:featuredmedia":[{"embeddable":true,"href":"http:\/\/cordobadirecto.com\/index.php\/wp-json\/wp\/v2\/media\/13456"}],"wp:attachment":[{"href":"http:\/\/cordobadirecto.com\/index.php\/wp-json\/wp\/v2\/media?parent=13455"}],"wp:term":[{"taxonomy":"category","embeddable":true,"href":"http:\/\/cordobadirecto.com\/index.php\/wp-json\/wp\/v2\/categories?post=13455"},{"taxonomy":"post_tag","embeddable":true,"href":"http:\/\/cordobadirecto.com\/index.php\/wp-json\/wp\/v2\/tags?post=13455"}],"curies":[{"name":"wp","href":"https:\/\/api.w.org\/{rel}","templated":true}]}}