{"id":1351,"date":"2021-02-10T20:37:28","date_gmt":"2021-02-10T20:37:28","guid":{"rendered":"https:\/\/cordoba.gob.ar\/?p=6217"},"modified":"2021-02-10T20:37:28","modified_gmt":"2021-02-10T20:37:28","slug":"con-una-variada-propuesta-artistica-y-gastronomica-se-realizara-una-nueva-edicion-de-enamorados-de-los-mercados","status":"publish","type":"post","link":"http:\/\/cordobadirecto.com\/index.php\/2021\/02\/10\/con-una-variada-propuesta-artistica-y-gastronomica-se-realizara-una-nueva-edicion-de-enamorados-de-los-mercados\/","title":{"rendered":"Con una variada propuesta art\u00edstica y gastron\u00f3mica, se realizar\u00e1 una nueva edici\u00f3n de \u201cEnamorados de los Mercados\u201d"},"content":{"rendered":"<div><img src=\"http:\/\/cordobadirecto.com\/wp-content\/uploads\/2021\/02\/con-una-variada-propuesta-artistica-y-gastronomica-se-realizara-una-nueva-edicion-de-enamorados-de-los-mercados.png\" class=\"ff-og-image-inserted\"><\/div>\n<p>El pr\u00f3ximo viernes 12 de febrero se realizar\u00e1 \u201cEnamorados del Mercado\u201d. Con entrada libre y gratuita, habr\u00e1 espect\u00e1culos en vivo, feria de emprendedoras y una jam de dibujo en la Gran Manzana. Adem\u00e1s, los restaurantes ofrecer\u00e1n men\u00fas y promociones especiales.<\/p>\n<p>La Direcci\u00f3n General de Turismo y Promoci\u00f3n, dependiente de la Secretar\u00eda de Gobierno, junto con el Mercado Norte, reeditan este evento que se realiz\u00f3 en febrero del 2020 con gran concurrencia de p\u00fablico.<\/p>\n<p>La propuesta se enmarca en una pol\u00edtica de promoci\u00f3n del patrimonio tangible e intangible de la ciudad, e invita a vecinos\/as y visitantes a disfrutar del Mercado Norte, el cual constituye un \u00edcono hist\u00f3rico, cultural, tur\u00edstico de la ciudad y un testimonio vivo de los antiguos centros de abastecimiento, y actual eslab\u00f3n clave en la cadena de valor gastron\u00f3mica de C\u00f3rdoba.<\/p>\n<p>\u201cEnamorados del Mercado\u201d se realizar\u00e1 este viernes, como antesala al d\u00eda de los enamorados\/as. El Mercado Norte se vestir\u00e1 de fiesta para recibir a sus visitantes con actividades durante todo el d\u00eda, y una gran variedad de atractivos gastron\u00f3micos para todos los gustos. Los restaurantes servir\u00e1n men\u00fas especiales y tambi\u00e9n habr\u00e1 promociones, con el condimento destacado de que estar\u00e1n abiertos en horario nocturno.<\/p>\n<p>Durante el d\u00eda y por la noche habr\u00e1 m\u00fasica, danza y cocina en vivo, feria de emprendedoras, jam de dibujo y un show de improvisaci\u00f3n teatral. La entrada ser\u00e1 libre y gratuita.<\/p>\n<p>Cabe destacar que toda la programaci\u00f3n seguir\u00e1 los protocolos indicados por el COE en esta coyuntura de pandemia. Adem\u00e1s, con el fin de alentar la pr\u00e1ctica de cuidados, el Municipio entregar\u00e1 premios a las primeras reservas que se realicen.<\/p>\n<p><strong>\u201cC\u00d3RDOBA CIUDAD DIVERSA\u201d: CAPACITACI\u00d3N PARA EL SECTOR TUR\u00cdSTICO, GASTRON\u00d3MICO Y RECREATIVO<\/strong><\/p>\n<p>En sinton\u00eda con la agenda del d\u00eda de los\/as enamorados\/as y la programaci\u00f3n prevista para este viernes, la Direcci\u00f3n General de Turismo y Promoci\u00f3n de la ciudad junto a la Direcci\u00f3n de G\u00e9nero, invitan a una jornada gratuita destinada a responsables y\/o encargados\/as de proyectos del sector gastron\u00f3mico, tur\u00edstico y de recreaci\u00f3n. La misma tiene por objetivo sensibilizar y prevenir sobre los actos de discriminaci\u00f3n a la comunidad LGBTIQ+.<\/p>\n<p>La cita es el viernes 12 de febrero, a las 17 horas, en el Mercado Norte (sobre calle Rivadavia). La entrada ser\u00e1 gratuita, con capacidad limitada y se emitir\u00e1n certificados de participaci\u00f3n.<\/p>\n<p>La inscripci\u00f3n se realiza previamente a trav\u00e9s del siguiente formulario:<br \/>http:\/\/bit.ly\/TurismoGenero<\/p>\n<p><strong>PROGRAMACI\u00d3N:<\/strong><\/p>\n<ul>\n<li>9 a 16hs. Feria de emprendedoras en el Paseo de los colores<\/li>\n<li>13hs. \u201cEnamorados de la cocina\u201d. Cocina en vivo con Ale Tavarone y Pacorro<\/li>\n<li>11hs. Y 17hs. \u201cJAM\u2019OR\u201d. La jam de dibujo de Lu Martinez (para mayores de 12 a\u00f1os)<\/li>\n<li>17hs. Capacitaci\u00f3n: \u201cC\u00f3rdoba ciudad diversa\u201d<\/li>\n<li>19hs. \u201cLa \u00faltima primera vez\u201d. Improvisaci\u00f3n teatral por Mitocondrias Teatro.<\/li>\n<li>21:30hs. \u201cVoz al piano\u201d, m\u00fasica con Silvia Lallana y Sebasti\u00e1n Tello<\/li>\n<li>22hs. M\u00fasica y danza de Armenia y Medio Oriente con Raffi Avakian y Carla Vagliengo.<\/li>\n<li>22:30hs. Misty Soul presenta \u201cSingers Acoustic Version\u201d<\/li>\n<\/ul>\n<p><strong>RESTAURANTES ADHERIDOS:<\/strong><\/p>\n<ul>\n<li>La cocina de Fazzio<\/li>\n<li>Dir\u00e1n comida \u00e1rabe y armenia<\/li>\n<li>Resto Bar 1928<\/li>\n<li>Pretto Parrilla<\/li>\n<li>Pretto resto<\/li>\n<li>Estacion Norte<\/li>\n<\/ul>\n<p><strong>\u00bfC\u00d3MO FUE \u201cENAMORADOS DE LOS MERCADOS 2020\u2033?<\/strong><\/p>\n<p>En febrero de 2020 se realiz\u00f3 la primera edici\u00f3n de este evento con la intenci\u00f3n de revalorizar y posicionar a los mercados como \u00edconos hist\u00f3ricos \u2013 tur\u00edsticos de la ciudad de C\u00f3rdoba, eslabones claves en la cadena de valor gastron\u00f3mica de C\u00f3rdoba.<\/p>\n<p>Durante dos d\u00edas, el p\u00fablico disfrut\u00f3 de m\u00fasica y cocina en vivo, instalaciones, degustaciones, sorteos y sorpresas. Tambi\u00e9n hubo foodtrucks y los restaurantes prepararon men\u00fas especiales para la celebraci\u00f3n, logrando una ocupaci\u00f3n del 100% con reservas completas dos d\u00edas antes del evento.<\/p>\n<p>Con el apoyo de la Municipalidad de C\u00f3rdoba los mercados fueron el centro de atracci\u00f3n y visita de decenas de miles de cordobeses quienes, adem\u00e1s, pudieron disfrutar de su horario extendido hasta las 00 hs.<\/p>\n","protected":false},"excerpt":{"rendered":"<p>El pr\u00f3ximo viernes 12 de febrero se realizar\u00e1 \u201cEnamorados del Mercado\u201d. Con entrada libre y gratuita, habr\u00e1 espect\u00e1culos en vivo, feria de emprendedoras y una jam de dibujo en la Gran Manzana. Adem\u00e1s, los restaurantes ofrecer\u00e1n men\u00fas y promociones especiales. La Direcci\u00f3n General de Turismo y Promoci\u00f3n, dependiente de la Secretar\u00eda de Gobierno, junto con [&hellip;]<\/p>\n","protected":false},"author":1,"featured_media":1352,"comment_status":"closed","ping_status":"closed","sticky":false,"template":"","format":"standard","meta":[],"categories":[44],"tags":[],"_links":{"self":[{"href":"http:\/\/cordobadirecto.com\/index.php\/wp-json\/wp\/v2\/posts\/1351"}],"collection":[{"href":"http:\/\/cordobadirecto.com\/index.php\/wp-json\/wp\/v2\/posts"}],"about":[{"href":"http:\/\/cordobadirecto.com\/index.php\/wp-json\/wp\/v2\/types\/post"}],"author":[{"embeddable":true,"href":"http:\/\/cordobadirecto.com\/index.php\/wp-json\/wp\/v2\/users\/1"}],"replies":[{"embeddable":true,"href":"http:\/\/cordobadirecto.com\/index.php\/wp-json\/wp\/v2\/comments?post=1351"}],"version-history":[{"count":0,"href":"http:\/\/cordobadirecto.com\/index.php\/wp-json\/wp\/v2\/posts\/1351\/revisions"}],"wp:featuredmedia":[{"embeddable":true,"href":"http:\/\/cordobadirecto.com\/index.php\/wp-json\/wp\/v2\/media\/1352"}],"wp:attachment":[{"href":"http:\/\/cordobadirecto.com\/index.php\/wp-json\/wp\/v2\/media?parent=1351"}],"wp:term":[{"taxonomy":"category","embeddable":true,"href":"http:\/\/cordobadirecto.com\/index.php\/wp-json\/wp\/v2\/categories?post=1351"},{"taxonomy":"post_tag","embeddable":true,"href":"http:\/\/cordobadirecto.com\/index.php\/wp-json\/wp\/v2\/tags?post=1351"}],"curies":[{"name":"wp","href":"https:\/\/api.w.org\/{rel}","templated":true}]}}