{"id":1353,"date":"2021-02-10T19:17:51","date_gmt":"2021-02-10T19:17:51","guid":{"rendered":"https:\/\/www.cordoba.gob.ar\/?p=6213"},"modified":"2021-02-10T19:17:51","modified_gmt":"2021-02-10T19:17:51","slug":"schiaretti-y-llaryora-inauguraron-obras-de-infraestructura-en-barrios-villa-ines-campo-de-la-ribera-y-el-trebol","status":"publish","type":"post","link":"http:\/\/cordobadirecto.com\/index.php\/2021\/02\/10\/schiaretti-y-llaryora-inauguraron-obras-de-infraestructura-en-barrios-villa-ines-campo-de-la-ribera-y-el-trebol\/","title":{"rendered":"Schiaretti y Llaryora inauguraron obras de infraestructura en barrios Villa In\u00e9s, Campo de la Ribera y El Tr\u00e9bol"},"content":{"rendered":"<div><img src=\"http:\/\/cordobadirecto.com\/wp-content\/uploads\/2021\/02\/schiaretti-y-llaryora-inauguraron-obras-de-infraestructura-en-barrios-villa-ines-campo-de-la-ribera-y-el-trebol.jpg\" class=\"ff-og-image-inserted\"><\/div>\n<p><strong>\u2022 Se trata de redes de agua potable y el\u00e9ctricas, calles, veredas, viviendas sociales y un play\u00f3n deportivo, entre otras.<\/strong><\/p>\n<p><strong>\u2022 El Gobernador anunci\u00f3 la construcci\u00f3n de un Centro Comunitario.<\/strong><\/p>\n<p><strong>\u2022 Las obras benefician a 750 familias de ese sector de la ciudad.<\/strong><\/p>\n<p>En el marco del programa de urbanizaci\u00f3n y regularizaci\u00f3n dominial de barrios populares que lleva adelante la Provincia, el Gobernador Juan Schiaretti y el Intendente Mart\u00edn Llaryora encabezaron este mi\u00e9rcoles diversas obras de infraestructura en los barrios Villa In\u00e9s, Campo de la Ribera y El Tr\u00e9bol.<\/p>\n<p>El plan tiene por objeto contribuir a la mejora de la calidad de vida de las familias que habitan barrios populares, mediante trabajos de mejora y ampliaci\u00f3n del equipamiento social y de la infraestructura, el tratamiento de los espacios libres y p\u00fablicos, la eliminaci\u00f3n de barreras urbanas, la mejora en la accesibilidad y conectividad, el saneamiento y mitigaci\u00f3n ambiental, el redimensionamiento parcelario, la seguridad en la tenencia y la regularizaci\u00f3n dominial de las familias que habitan en los Barrios Populares.<\/p>\n<p><strong>\u201cHemos logrado cambiar la agenda de C\u00f3rdoba, estas obras parec\u00edan imposible hace no mucho tiempo. Sin embargo, hoy, trabajando junto al Gobierno Provincial que conduce Juan Schiaretti demostramos que, pese a un momento muy dif\u00edcil de la econom\u00eda, en plena pandemia y con un municipio quebrado, pudimos hacerlas\u201d<\/strong>, expres\u00f3 el intendente Mart\u00edn Llaryora durante el acto realizado en el flamante Play\u00f3n Deportivo de barrio Campo de la Ribera.<\/p>\n<p>Entre las obras ya ejecutadas se encuentran trabajos de mitigaci\u00f3n ambiental, nexo y red de agua potable en 3500 metros lineales, ejecuci\u00f3n de cord\u00f3n cuneta, hormigonado de badenes y bocacalles, concreto asf\u00e1ltico en 800 metros lineales de calle, ejecuci\u00f3n de veredas en la totalidad de las manzanas (10000 metros lineales), 136 rampas de acceso para discapacitados.<\/p>\n<p>Adem\u00e1s, se realiz\u00f3 la anulaci\u00f3n de los pozos absorbentes existentes, y la red cloacal con 165 conexiones domiciliarias.<br \/>El Play\u00f3n Deportivo de Campo de la Ribera cuenta con 600 metros cuadrados y se encuentra en un predio de tres hect\u00e1reas. El mismo posee un teatrino, pista de bici cross, 3 canchas de f\u00fatbol, 2 cancha de bochas, kits de juegos, mobiliario urbano y mejoramiento del espacio verde.<\/p>\n<p>En Villa In\u00e9s se refaccion\u00f3 un equipamiento comunitario de 350 metros cuadrados, que consta de asadores, 3 salones de usos m\u00faltiples, dep\u00f3sito, cocina, ba\u00f1os e ingreso general. Los trabajos se completaron con la recuperaci\u00f3n de un espacio verde donde se instalaron 2 canchas de f\u00fatbol y mobiliario urbano.<\/p>\n<p><em><strong>\u201cEs una gran alegr\u00eda que la provincia haya invertido 215 millones de pesos en estas obras que sirven para mejorar la calidad de vida de las familias y seguiremos haciendo intervenciones\u201d<\/strong><\/em>, manifest\u00f3 el gobernador Juan Schiaretti.<\/p>\n<p>El mandatario anunci\u00f3 la construcci\u00f3n de un Centro Comunitario que demandar\u00e1 una inversi\u00f3n de 41 millones de pesos que ser\u00e1n aportados por el Gobierno Nacional y destac\u00f3 el trabajo conjunto entre Provincia y Municipio para la realizaci\u00f3n de obras de infraestructura en los barrios de la ciudad: <em><strong>\u201cTrabajar de manera mancomunada con la Municipalidad de C\u00f3rdoba va a permitir que podamos avanzar mucho m\u00e1s, tanto en la entrega de escrituras sociales, como en la urbanizaci\u00f3n de m\u00e1s barrios que tienen la estructura b\u00e1sica faltante para que esta ciudad pueda seguir progresando\u201d<\/strong>.<\/em><\/p>\n<p>Actualmente las tareas se concentran en el mejoramiento de la red de servicio de provisi\u00f3n el\u00e9ctrica, con instalaci\u00f3n de subestaciones trasformadoras y provisi\u00f3n de cable piloto para conexi\u00f3n del alumbrado p\u00fablico existente.<\/p>\n<p><em><strong>\u201cVeo estas obras realizadas, desde el cord\u00f3n cuneta, el agua potable, la iluminaci\u00f3n, los recorridos comunitarios, todo esto habla a las claras de que los vecinos hoy se sienten en la gloria, sienten que viven en un barrio, que es el lugar donde eligieron estar\u201d<\/strong><\/em>, expres\u00f3 a su turno la Diputada Nacional Alejandra Vigo.<\/p>\n<p>Por su parte, la ministra de Promoci\u00f3n del Empleo y de la Econom\u00eda Familiar, Laura Jure, destac\u00f3: <em><strong>\u201cEl a\u00f1o pasado a principios de a\u00f1o vinimos con una energ\u00eda de poder continuar las obras. Y despu\u00e9s lleg\u00f3 la pandemia y aqu\u00ed empezaron las dudas. Y recuerdo que le consult\u00e9 al gobernador qu\u00e9 hacer, y me dijo que las obras en los barrios no se paran. Y as\u00ed es que pudimos continuar y finalizar toda la intervenci\u00f3n en estos lugares\u201d.<\/strong><\/em><\/p>\n","protected":false},"excerpt":{"rendered":"<p>\u2022 Se trata de redes de agua potable y el\u00e9ctricas, calles, veredas, viviendas sociales y un play\u00f3n deportivo, entre otras. \u2022 El Gobernador anunci\u00f3 la construcci\u00f3n de un Centro Comunitario. \u2022 Las obras benefician a 750 familias de ese sector de la ciudad. En el marco del programa de urbanizaci\u00f3n y regularizaci\u00f3n dominial de barrios [&hellip;]<\/p>\n","protected":false},"author":1,"featured_media":1354,"comment_status":"closed","ping_status":"closed","sticky":false,"template":"","format":"standard","meta":[],"categories":[44],"tags":[],"_links":{"self":[{"href":"http:\/\/cordobadirecto.com\/index.php\/wp-json\/wp\/v2\/posts\/1353"}],"collection":[{"href":"http:\/\/cordobadirecto.com\/index.php\/wp-json\/wp\/v2\/posts"}],"about":[{"href":"http:\/\/cordobadirecto.com\/index.php\/wp-json\/wp\/v2\/types\/post"}],"author":[{"embeddable":true,"href":"http:\/\/cordobadirecto.com\/index.php\/wp-json\/wp\/v2\/users\/1"}],"replies":[{"embeddable":true,"href":"http:\/\/cordobadirecto.com\/index.php\/wp-json\/wp\/v2\/comments?post=1353"}],"version-history":[{"count":0,"href":"http:\/\/cordobadirecto.com\/index.php\/wp-json\/wp\/v2\/posts\/1353\/revisions"}],"wp:featuredmedia":[{"embeddable":true,"href":"http:\/\/cordobadirecto.com\/index.php\/wp-json\/wp\/v2\/media\/1354"}],"wp:attachment":[{"href":"http:\/\/cordobadirecto.com\/index.php\/wp-json\/wp\/v2\/media?parent=1353"}],"wp:term":[{"taxonomy":"category","embeddable":true,"href":"http:\/\/cordobadirecto.com\/index.php\/wp-json\/wp\/v2\/categories?post=1353"},{"taxonomy":"post_tag","embeddable":true,"href":"http:\/\/cordobadirecto.com\/index.php\/wp-json\/wp\/v2\/tags?post=1353"}],"curies":[{"name":"wp","href":"https:\/\/api.w.org\/{rel}","templated":true}]}}