{"id":13641,"date":"2021-08-11T20:48:46","date_gmt":"2021-08-11T20:48:46","guid":{"rendered":"http:\/\/cordobadirecto.com\/index.php\/2021\/08\/11\/alicia-ciara-vibra-alto-con-canciones-propias-en-late-el-sol-late-la-luna\/"},"modified":"2021-08-11T20:48:46","modified_gmt":"2021-08-11T20:48:46","slug":"alicia-ciara-vibra-alto-con-canciones-propias-en-late-el-sol-late-la-luna","status":"publish","type":"post","link":"http:\/\/cordobadirecto.com\/index.php\/2021\/08\/11\/alicia-ciara-vibra-alto-con-canciones-propias-en-late-el-sol-late-la-luna\/","title":{"rendered":"Alicia Ciara vibra alto con canciones propias en &#8220;Late el sol, late la luna&#8221;"},"content":{"rendered":"<div class=\"image\" id=\"image\" readability=\"7\"> <img src=\"http:\/\/cordobadirecto.com\/wp-content\/uploads\/2021\/08\/alicia-ciara-vibra-alto-con-canciones-propias-en-late-el-sol-late-la-luna.jpg\" alt=\"Alicia Ciara:&quot; Nunca cre\u00ed que iba a componer mis propias canciones&quot;.\" title=\"Alicia Ciara:&quot; Nunca cre\u00ed que iba a componer mis propias canciones&quot;.\"><\/p>\n<p>Alicia Ciara:&#8221; Nunca cre\u00ed que iba a componer mis propias canciones&#8221;.<\/p>\n<\/div>\n<p>La cantautora y docente <strong>Alicia Ciara<\/strong>, quien desde hace a\u00f1os transita la m\u00fasica independiente, lanz\u00f3 su tercer disco, <strong>\u201cLate el sol, late la luna\u201d<\/strong>, donde por primera vez vuelca canciones de su autor\u00eda y cuenta con invitados como <strong>Daniel Maza<\/strong> y <strong>Leandro Marquesano.<\/strong><\/p>\n<p>Diversas sonoridades de la m\u00fasica popular latinoamericana se escuchan en el flamante trabajo de Ciara, donde el pulso del latido aparece como motor, una idea expresada a partir de los arreglos, en donde lo r\u00edtmico y el color de las cuerdas (especialmente el contrabajo y el cello) cumplen un rol fundamental.<\/p>\n<p>El \u00e1lbum <strong>se divide en dos unidades de sentido, \u201cLate el sol\u201d y \u201cLate la luna\u201d<\/strong>, ambas enlazadas por un mismo concepto: el latido del universo.<\/p>\n<p>Alicia Ciara, due\u00f1a de una voz potente, cont\u00f3 a T\u00e9lam que \u201cLate el sol, late la luna\u201d marca su debut como cantautora, <strong>\u201cluego de haber editado otros dos discos, que fueron de versiones de temas ya existentes\u201d.<\/strong><\/p>\n<div class=\"image-right\" readability=\"7\"> <img src=\"http:\/\/cordobadirecto.com\/wp-content\/uploads\/2021\/08\/alicia-ciara-vibra-alto-con-canciones-propias-en-late-el-sol-late-la-luna-1.jpg\" alt=\"Ciara y la m\u00fasica independiente.\" title=\"Ciara y la m\u00fasica independiente.\"><\/p>\n<p>Ciara y la m\u00fasica independiente.<\/p>\n<\/div>\n<p><strong>\u201cEn un principio hab\u00eda decidido llamar al disco \u2018Late\u2019 porque creo que hay un hilo intangible e invisible, latiendo r\u00edtmicamente que nos une a todos los seres de este universo \u2013expres\u00f3-. Luego, mientras agrupaba las canciones, bas\u00e1ndome en lo que cada una me mov\u00eda dentro, me dec\u00eda: \u00e9stas son del sol y \u00e9stas otras, de la luna. Esta idea llen\u00f3 de sentido al \u00e1lbum. Nunca cre\u00ed que iba a componer mis propias canciones y que me iba a enamorar del hecho de hacerlo y de cantarlas\u201d,<\/strong> asegura<\/p>\n<p>El bajista Daniel Maza y el pianista y guitarrista, <strong>Leandro Marquesano<\/strong>, m\u00fasicos que participan como instrumentistas en el disco, estuvieron tambi\u00e9n a cargo de elaborados arreglos; ambos aportaron su impronta y sumaron colores y climas a cada canci\u00f3n del disco.<\/p>\n<p>Lo espiritual, la naturaleza, la humanidad, el compromiso hacia lo ancestral y lo contempor\u00e1neo, atraviesan estas canciones que contaron con <strong>Ariel Gato<\/strong> como ingeniero de sonido, quien aport\u00f3 lo suyo para que cada canci\u00f3n suene con identidad propia y a la vez formen parte de un concepto homog\u00e9neo.<\/p>\n<p>Todas las piezas est\u00e1n compuestas por Alicia Ciara en letra y m\u00fasica excepto <strong>\u201cVos con tu voz\u201d<\/strong>, compuesta por Ciara en la letra y la voz y <strong>Pablo Tozzi<\/strong>, en la m\u00fasica. <\/p>\n","protected":false},"excerpt":{"rendered":"<p>Alicia Ciara:&#8221; Nunca cre\u00ed que iba a componer mis propias canciones&#8221;. La cantautora y docente Alicia Ciara, quien desde hace a\u00f1os transita la m\u00fasica independiente, lanz\u00f3 su tercer disco, \u201cLate el sol, late la luna\u201d, donde por primera vez vuelca canciones de su autor\u00eda y cuenta con invitados como Daniel Maza y Leandro Marquesano. Diversas [&hellip;]<\/p>\n","protected":false},"author":1,"featured_media":13642,"comment_status":"closed","ping_status":"closed","sticky":false,"template":"","format":"standard","meta":[],"categories":[20],"tags":[],"_links":{"self":[{"href":"http:\/\/cordobadirecto.com\/index.php\/wp-json\/wp\/v2\/posts\/13641"}],"collection":[{"href":"http:\/\/cordobadirecto.com\/index.php\/wp-json\/wp\/v2\/posts"}],"about":[{"href":"http:\/\/cordobadirecto.com\/index.php\/wp-json\/wp\/v2\/types\/post"}],"author":[{"embeddable":true,"href":"http:\/\/cordobadirecto.com\/index.php\/wp-json\/wp\/v2\/users\/1"}],"replies":[{"embeddable":true,"href":"http:\/\/cordobadirecto.com\/index.php\/wp-json\/wp\/v2\/comments?post=13641"}],"version-history":[{"count":0,"href":"http:\/\/cordobadirecto.com\/index.php\/wp-json\/wp\/v2\/posts\/13641\/revisions"}],"wp:featuredmedia":[{"embeddable":true,"href":"http:\/\/cordobadirecto.com\/index.php\/wp-json\/wp\/v2\/media\/13642"}],"wp:attachment":[{"href":"http:\/\/cordobadirecto.com\/index.php\/wp-json\/wp\/v2\/media?parent=13641"}],"wp:term":[{"taxonomy":"category","embeddable":true,"href":"http:\/\/cordobadirecto.com\/index.php\/wp-json\/wp\/v2\/categories?post=13641"},{"taxonomy":"post_tag","embeddable":true,"href":"http:\/\/cordobadirecto.com\/index.php\/wp-json\/wp\/v2\/tags?post=13641"}],"curies":[{"name":"wp","href":"https:\/\/api.w.org\/{rel}","templated":true}]}}