{"id":13645,"date":"2021-08-11T20:02:00","date_gmt":"2021-08-11T20:02:00","guid":{"rendered":"https:\/\/es.digitaltrends.com\/?p=850171"},"modified":"2021-08-11T20:02:00","modified_gmt":"2021-08-11T20:02:00","slug":"instagram-se-disculpa-por-censurar-poster-de-la-ultima-cinta-de-almodovar","status":"publish","type":"post","link":"http:\/\/cordobadirecto.com\/index.php\/2021\/08\/11\/instagram-se-disculpa-por-censurar-poster-de-la-ultima-cinta-de-almodovar\/","title":{"rendered":"Instagram se disculpa por censurar p\u00f3ster de la \u00faltima cinta de Almod\u00f3var"},"content":{"rendered":"<p>Instagram tuvo que pedir disculpas luego de retirar un p\u00f3ster de la <a href=\"https:\/\/es.digitaltrends.com\/entretenimiento\/las-mejores-apps-para-fire-tv\/\">pel\u00edcula<\/a> m\u00e1s reciente del director espa\u00f1ol Pedro Almod\u00f3var.<\/p>\n<p>Se trata de <em>Madres paralelas<\/em>, cuyo cartel oficial fue censurado por la red social ya que mostraba un pez\u00f3n femenino.<\/p>\n<p>Fue el propio dise\u00f1ador del afiche, Javier Ja\u00e9n, quien hizo la denuncia por esta censura, lo que motiv\u00f3 a la plataforma a dar explicaciones por su pol\u00e9mica determinaci\u00f3n.<\/p>\n<p>Seg\u00fan Facebook, propietaria de <a href=\"https:\/\/es.digitaltrends.com\/sociales\/apps-mas-descargadas-del-mundo\/\">Instagram<\/a>, varios p\u00f3sters de la pel\u00edcula fueron eliminados ya que infring\u00edan sus pol\u00edticas contra la desnudez.<\/p>\n<p>De cualquier manera, la controversia que gener\u00f3 esta decisi\u00f3n oblig\u00f3 a la plataforma a volver a publicar las im\u00e1genes que hab\u00edan sido eliminadas.<\/p>\n<figure class=\"aligncenter\"><img src=\"http:\/\/cordobadirecto.com\/wp-content\/uploads\/2021\/08\/instagram-se-disculpa-por-censurar-poster-de-la-ultima-cinta-de-almodovar.gif\" data-dt-lazy-src=\"https:\/\/icdn.dtcn.com\/image\/digitaltrends_es\/el-cartel-de-madres-paralelas-lo-nuevo-de-pedro-almodovar-r_d-600-302-720x720.jpg\" onerror=\"dti_load_error(this)\" class=\" size-large wp-image-850174 dt-lazy-load dt-lazy-pending\" alt><\/figure>\n<p>\u201cHacemos excepciones para permitir la desnudez bajo ciertas circunstancias, que incluyen cuando es un claro contexto art\u00edstico\u201d, explica la red en un comunicado.<\/p>\n<p>\u201cPor lo tanto, hemos restaurado las publicaciones que comparten el cartel de la pel\u00edcula de Almod\u00f3var en Instagram, y realmente lamentamos cualquier confusi\u00f3n causada\u201d.<\/p>\n<p>Por su parte, el artista a cargo de la obra tambi\u00e9n reaccion\u00f3 a esta medida al criticar la postura inicial adoptada por la <a href=\"https:\/\/es.digitaltrends.com\/deportes\/psg-twitter-bienvenida-messi\/\">red social<\/a>.<\/p>\n<p>\u201cEs la primera imagen que yo vi cuando nac\u00ed. Una empresa como Instagram me ha dicho que mi trabajo es peligroso, que la gente no deber\u00eda verlo, que es pornogr\u00e1fico y que hay que proteger a la gente de este cartel. \u00bfA cu\u00e1ntas personas se les dice que su cuerpo est\u00e1 mal, que su cuerpo es peligroso?\u201d.<\/p>\n<p>Por el momento, la productora de Almod\u00f3var a cargo de la pel\u00edcula no se ha referido a esta pol\u00e9mica.<\/p>\n<p><em>Madres paralelas<\/em> es protagonizada por Pen\u00e9lope Cruz y ser\u00e1 estrenada el 1 de septiembre en el Festival de Cine de Venecia.<\/p>\n<h4 class=\"h-editors-recs-title\"> Recomendaciones del editor\t<\/h4>\n<p> <span id=\"publisher-md\" itemprop=\"publisher\" itemscope itemtype=\"https:\/\/schema.org\/Organization\"> <span itemprop=\"url\" itemtype=\"https:\/\/schema.org\/Url\" content=\"https:\/\/es.digitaltrends.com\"> <span itemprop=\"logo\" itemscope itemtype=\"https:\/\/schema.org\/ImageObject\"> <meta itemprop=\"url\" content=\"https:\/\/cdn.dtcn.com\/dt\/dt-logo-small.png\"> <meta itemprop=\"width\" content=\"0\"> <meta itemprop=\"height\" content=\"0\"> <\/span> <meta itemprop=\"name\" content=\"Digital Trends Espa\u00f1ol\"> <\/span> <span itemprop=\"image\" itemscope itemtype=\"https:\/\/schema.org\/ImageObject\"> <meta itemprop=\"url\" content=\"https:\/\/icdn.dtcn.com\/image\/digitaltrends_es\/74th-cannes-film-festival-annette-premiere.jpg\"> <\/span> <\/span><\/p>\n","protected":false},"excerpt":{"rendered":"<p>Instagram tuvo que pedir disculpas luego de retirar un p\u00f3ster de la pel\u00edcula m\u00e1s reciente del director espa\u00f1ol Pedro Almod\u00f3var. Se trata de Madres paralelas, cuyo cartel oficial fue censurado por la red social ya que mostraba un pez\u00f3n femenino. Fue el propio dise\u00f1ador del afiche, Javier Ja\u00e9n, quien hizo la denuncia por esta censura, [&hellip;]<\/p>\n","protected":false},"author":1,"featured_media":13646,"comment_status":"closed","ping_status":"closed","sticky":false,"template":"","format":"standard","meta":[],"categories":[26],"tags":[],"_links":{"self":[{"href":"http:\/\/cordobadirecto.com\/index.php\/wp-json\/wp\/v2\/posts\/13645"}],"collection":[{"href":"http:\/\/cordobadirecto.com\/index.php\/wp-json\/wp\/v2\/posts"}],"about":[{"href":"http:\/\/cordobadirecto.com\/index.php\/wp-json\/wp\/v2\/types\/post"}],"author":[{"embeddable":true,"href":"http:\/\/cordobadirecto.com\/index.php\/wp-json\/wp\/v2\/users\/1"}],"replies":[{"embeddable":true,"href":"http:\/\/cordobadirecto.com\/index.php\/wp-json\/wp\/v2\/comments?post=13645"}],"version-history":[{"count":0,"href":"http:\/\/cordobadirecto.com\/index.php\/wp-json\/wp\/v2\/posts\/13645\/revisions"}],"wp:featuredmedia":[{"embeddable":true,"href":"http:\/\/cordobadirecto.com\/index.php\/wp-json\/wp\/v2\/media\/13646"}],"wp:attachment":[{"href":"http:\/\/cordobadirecto.com\/index.php\/wp-json\/wp\/v2\/media?parent=13645"}],"wp:term":[{"taxonomy":"category","embeddable":true,"href":"http:\/\/cordobadirecto.com\/index.php\/wp-json\/wp\/v2\/categories?post=13645"},{"taxonomy":"post_tag","embeddable":true,"href":"http:\/\/cordobadirecto.com\/index.php\/wp-json\/wp\/v2\/tags?post=13645"}],"curies":[{"name":"wp","href":"https:\/\/api.w.org\/{rel}","templated":true}]}}