{"id":13704,"date":"2021-08-12T15:00:00","date_gmt":"2021-08-12T15:00:00","guid":{"rendered":"https:\/\/lmdiario.com.ar\/contenido\/302273\/gran-edicion-de-tarde-de-pinceles-a-cargo-de-milena-gomez"},"modified":"2021-08-12T15:00:00","modified_gmt":"2021-08-12T15:00:00","slug":"gran-edicion-de-tarde-de-pinceles-a-cargo-de-milena-gomez","status":"publish","type":"post","link":"http:\/\/cordobadirecto.com\/index.php\/2021\/08\/12\/gran-edicion-de-tarde-de-pinceles-a-cargo-de-milena-gomez\/","title":{"rendered":"Gran edici\u00f3n de &#8220;Tarde de Pinceles&#8221; a cargo de Milena G\u00f3mez"},"content":{"rendered":"<p>Este viernes 13, a partir de las 17.30 horas, se realizar\u00e1 la Gran Edici\u00f3n &#8220;Tarde de Pinceles&#8221; a cargo de Milena G\u00f3mez (@arteencuadros) con un taller de &#8220;Arte para el que no sabe nada de Arte&#8221;.<\/p>\n<p>El lugar elegido para esta propuesta cultural es el Achalay Caf\u00e9, en Sarmiento 999 de Villa Carlos Paz, donde los asistentes podr\u00e1n &#8220;<span>expresarte a trav\u00e9s de la pintura, disfrutar una rica merienda con tortas caseras m\u00e1s ricas y embellecer los ojos con esa vista&#8221;.&nbsp;<\/span><\/p>\n<p>Las entrada se venden s\u00f3lo en forma anticipada con cupos limitados. Incluye todos los materiales; bastidor tela, acr\u00edlicos, pinceles y una rica merienda.&nbsp;<\/p>\n<p><img loading=\"lazy\" alt=\"WhatsApp Image 2021-08-08 at 10.39.15 (1)\" class=\"img-responsive lazyload\" data-src=\"http:\/\/cordobadirecto.com\/wp-content\/uploads\/2021\/08\/gran-edicion-de-tarde-de-pinceles-a-cargo-de-milena-gomez.jpg\" data-srcset=\"\/download\/multimedia.normal.8fe2fff053a4bbcb.576861747341707020496d61676520323032312d30382d30382061742031302e5f6e6f726d616c2e6a706567.jpeg 576w, \/download\/multimedia.miniatura.961d342149ffdd95.576861747341707020496d61676520323032312d30382d30382061742031302e5f6d696e6961747572612e6a706567.jpeg 168w\" height=\"1024\" src=\"data:,\" width=\"576\"><\/p>\n<p>&#8220;Es una alternativa diferente para pasarla lindo y compartir una rica merienda en Villa Carlos Paz este viernes, en un lugar como Achalay Caf\u00e9 que cuenta con una hermosa vista&#8221;, cont\u00f3 Milena.<\/p>\n<p>No es necesario que los asistentes tengan experiencia previa, y podr\u00e1n llevarse su propio cuadro. Las entradas anticipadas se consiguen en el Instagram @milegz. M\u00e1s informaci\u00f3n al tel\u00e9fono 3704791186.<\/p>\n<p>&#8220;No hace falta tener experiencia. La idea es poder compartir una tarde de t\u00e9, ricas tortas y un coucheo de arte. La pintura ser\u00e1 de tema libre&#8221;, expres\u00f3 la profesora.&nbsp;<\/p>\n<p><img loading=\"lazy\" alt=\"WhatsApp Image 2021-08-05 at 12.26.30\" class=\"img-responsive lazyload\" data-src=\"http:\/\/cordobadirecto.com\/wp-content\/uploads\/2021\/08\/gran-edicion-de-tarde-de-pinceles-a-cargo-de-milena-gomez-1.jpg\" data-srcset=\"\/download\/multimedia.normal.8e750220c3a8b6cc.576861747341707020496d61676520323032312d30382d30352061742031322e5f6e6f726d616c2e6a706567.jpeg 919w, \/download\/multimedia.miniatura.8f736a76513fa51c.576861747341707020496d61676520323032312d30382d30352061742031322e5f6d696e6961747572612e6a706567.jpeg 215w\" height=\"1280\" src=\"data:,\" width=\"919\"><\/p>\n<p>Por otro lado, coment\u00f3 que el mi\u00e9rcoles 18 en &#8220;La cava de vientos&#8221; de calle Caseros en C\u00f3rdoba Capital. En esta ocasi\u00f3n ser\u00e1 una &#8220;Noche de pinceles&#8221; donde adem\u00e1s de incursionar en el arte habr\u00e1 una cata de vinos junto a un somelier y una degustaci\u00f3n de delicatesem; todo incluido en la entrada.&nbsp; &nbsp;&nbsp;<\/p>\n<p><img loading=\"lazy\" alt=\"WhatsApp Image 2021-08-08 at 10.39.12\" class=\"img-responsive lazyload\" data-src=\"http:\/\/cordobadirecto.com\/wp-content\/uploads\/2021\/08\/gran-edicion-de-tarde-de-pinceles-a-cargo-de-milena-gomez-2.jpg\" data-srcset=\"\/download\/multimedia.normal.b7db8b2ccee3fafc.576861747341707020496d61676520323032312d30382d30382061742031302e5f6e6f726d616c2e6a706567.jpeg 576w, \/download\/multimedia.miniatura.a91be0107ec5b090.576861747341707020496d61676520323032312d30382d30382061742031302e5f6d696e6961747572612e6a706567.jpeg 168w\" height=\"1024\" src=\"data:,\" width=\"576\"><\/p>\n","protected":false},"excerpt":{"rendered":"<p>Este viernes 13, a partir de las 17.30 horas, se realizar\u00e1 la Gran Edici\u00f3n &#8220;Tarde de Pinceles&#8221; a cargo de Milena G\u00f3mez (@arteencuadros) con un taller de &#8220;Arte para el que no sabe nada de Arte&#8221;. El lugar elegido para esta propuesta cultural es el Achalay Caf\u00e9, en Sarmiento 999 de Villa Carlos Paz, donde [&hellip;]<\/p>\n","protected":false},"author":1,"featured_media":13705,"comment_status":"closed","ping_status":"closed","sticky":false,"template":"","format":"standard","meta":[],"categories":[20],"tags":[],"_links":{"self":[{"href":"http:\/\/cordobadirecto.com\/index.php\/wp-json\/wp\/v2\/posts\/13704"}],"collection":[{"href":"http:\/\/cordobadirecto.com\/index.php\/wp-json\/wp\/v2\/posts"}],"about":[{"href":"http:\/\/cordobadirecto.com\/index.php\/wp-json\/wp\/v2\/types\/post"}],"author":[{"embeddable":true,"href":"http:\/\/cordobadirecto.com\/index.php\/wp-json\/wp\/v2\/users\/1"}],"replies":[{"embeddable":true,"href":"http:\/\/cordobadirecto.com\/index.php\/wp-json\/wp\/v2\/comments?post=13704"}],"version-history":[{"count":0,"href":"http:\/\/cordobadirecto.com\/index.php\/wp-json\/wp\/v2\/posts\/13704\/revisions"}],"wp:featuredmedia":[{"embeddable":true,"href":"http:\/\/cordobadirecto.com\/index.php\/wp-json\/wp\/v2\/media\/13705"}],"wp:attachment":[{"href":"http:\/\/cordobadirecto.com\/index.php\/wp-json\/wp\/v2\/media?parent=13704"}],"wp:term":[{"taxonomy":"category","embeddable":true,"href":"http:\/\/cordobadirecto.com\/index.php\/wp-json\/wp\/v2\/categories?post=13704"},{"taxonomy":"post_tag","embeddable":true,"href":"http:\/\/cordobadirecto.com\/index.php\/wp-json\/wp\/v2\/tags?post=13704"}],"curies":[{"name":"wp","href":"https:\/\/api.w.org\/{rel}","templated":true}]}}