{"id":13749,"date":"2021-08-12T20:57:28","date_gmt":"2021-08-12T20:57:28","guid":{"rendered":"http:\/\/cordobadirecto.com\/index.php\/2021\/08\/12\/paola-palacios-ritmos-andinos-y-un-homenaje-a-sus-ancestras-en-su-primer-disco-solista\/"},"modified":"2021-08-12T20:57:28","modified_gmt":"2021-08-12T20:57:28","slug":"paola-palacios-ritmos-andinos-y-un-homenaje-a-sus-ancestras-en-su-primer-disco-solista","status":"publish","type":"post","link":"http:\/\/cordobadirecto.com\/index.php\/2021\/08\/12\/paola-palacios-ritmos-andinos-y-un-homenaje-a-sus-ancestras-en-su-primer-disco-solista\/","title":{"rendered":"Paola Palacios: ritmos andinos y un homenaje a sus ancestras en su primer disco solista"},"content":{"rendered":"<div class=\"image\" id=\"image\" readability=\"7\"> <img src=\"http:\/\/cordobadirecto.com\/wp-content\/uploads\/2021\/08\/paola-palacios-ritmos-andinos-y-un-homenaje-a-sus-ancestras-en-su-primer-disco-solista.jpg\" alt=\"\u00d1a artista se presentarpa en la Quebrada de Humahuaca\" title=\"\u00d1a artista se presentarpa en la Quebrada de Humahuaca\"><\/p>\n<p>\u00d1a artista se presentarpa en la Quebrada de Humahuaca<\/p>\n<\/div>\n<p>La cantora <strong>Paola Palacios<\/strong>, conocida como la <strong>&#8220;A\u00f1awita de la Puna&#8221;<\/strong>, presenta este s\u00e1bado en la ciudad de Humahuaca, su primer disco solista <strong>&#8220;Mis ancestras cantan&#8221;<\/strong>, con el cual homenajea a sus antecesoras, propone interpretar nuevas obras y recuperar otras propias de la regi\u00f3n andina.<\/p>\n<p>El espect\u00e1culo se llevar\u00e1 a cabo este s\u00e1bado a las 18 en el anfiteatro de la Casa del Tantanakuy, en calle Salta 370, plena Quebrada de Humahuaca, con una puesta en escena que contar\u00e1 con los aportes de reconocidos m\u00fasicos y un despliegue de danzantes de la regi\u00f3n.<\/p>\n<p>La artista juje\u00f1a en di\u00e1logo con T\u00e9lam, se\u00f1al\u00f3 que el nuevo \u00e1lbum reafirma los sonidos del Kollasuyo, <strong>&#8220;que son ritmos con lo que me cri\u00e9 y a la vez tiene una fuerte impronta de homenaje a las mujeres de nuestra tierra&#8221;, <\/strong>dijo al valorar a activistas y referentes del canto que &#8220;nos fueron transmitiendo su conocimiento&#8221;<strong>,<\/strong> sostuvo.<\/p>\n<p> <iframe width=\"560\" height=\"315\" src=\"https:\/\/www.youtube.com\/embed\/-nhV7cOVGHg?wmode=transparent&amp;showinfo=0&amp;autohide=1&amp;rel=0\" frameborder=\"0\" allowfullscreen>[embedded content]<\/iframe> <\/p>\n<p>Paola Palacios<\/p>\n<p><strong>&#8220;Es un proyecto individual y colectivo porque se sumaron muchos artistas y mantiene una clara identidad andina que defiendo y que dio paso al inicio de mi carrera musical&#8221;<\/strong>, complet\u00f3 la joven cantora.<\/p>\n<p>Desde una airosa zamba hasta la fuerza de los tradicionales caporales, tinkus y sikueradas, propios de la regi\u00f3n son interpretadas por la &#8220;A\u00f1awita&#8221;, aunque tambi\u00e9n exterioriza novedosas reversiones obras propias del cancionero popular.<\/p>\n<p>El primer \u00e1lbum solista de Palacios, se compone de obras tales como, <strong>&#8220;Dicen que el amor ha muerto&#8221; (Elena G\u00f3mez y Daniel Palacios); &#8220;Verde&#8221; (Clara Cantore), &#8220;\u00c1mame&#8221; (Mon Laferte y Juan Solo); y &#8220;Linda flor&#8221; (Recopilaci\u00f3n de coplas de Balvina Ramos)<\/strong>.<\/p>\n<p>A ellos se suman, <strong>&#8220;Alel\u00ed&#8221; (Luis Larico); &#8220;Canto a la telesita&#8221; (Jos\u00e9 Moreno y Rolando Valladares); &#8220;Abuelas de Abra Pampa&#8221; (Adri\u00e1n Temer y Federico Gamba); &#8220;Fuiste la raz\u00f3n&#8221; (Luis Armando Guti\u00e9rrez); &#8220;Que mi pueblo cante&#8221; (Daniel Palacios). &#8220;La Huancare\u00f1a&#8221; (Froil\u00e1n Cabezas y Nicol\u00e1s Lamadrid); &#8220;Nada tengo&#8221; (Elena G\u00f3mez y Ricardo Vilca); &#8220;Promesantes del abra&#8221; (Carlos Mamani y Federico Gamba) y &#8220;C\u00f3mo he de vivir sin ti&#8221; (D.R.).<\/strong><\/p>\n<div class=\"image-right\" readability=\"7\"> <img src=\"http:\/\/cordobadirecto.com\/wp-content\/uploads\/2021\/08\/paola-palacios-ritmos-andinos-y-un-homenaje-a-sus-ancestras-en-su-primer-disco-solista-1.jpg\" alt=\"La cantante nacida en Abra Pampa\" title=\"La cantante nacida en Abra Pampa\"><\/p>\n<p>La cantante nacida en Abra Pampa<\/p>\n<\/div>\n<p><strong>&#8220;La idea fue proponer nuevas creaciones y recuperar otras con premisas que reivindican las luchas y figuras de mujeres como la telesita&#8221;<\/strong>, refiri\u00f3 la artista sobre la selecci\u00f3n de canciones con las que se inspir\u00f3.<\/p>\n<p>La &#8220;A\u00f1awita de la Puna&#8221; record\u00f3 que el &#8220;amor&#8221; por el canto comenz\u00f3 en su infancia en el lejano pueblo de Abra Pampa, las coplas aprendidas apelando a la memoria fueron el puntapi\u00e9 de un camino que luego le permiti\u00f3 formar parte del legendario Grupo Cacharpaya de Humahuaca y compartir escenarios con las Hermanas Sim\u00f3n.<\/p>\n<p>Con el paso de los a\u00f1os parti\u00f3 hacia la provincia de Tucum\u00e1n donde form\u00f3 parte de diversos coros ligados a la Universidad Nacional de Tucum\u00e1n, e <strong>integr\u00f3 el colectivo Killamanta, red de copleras y anateras<\/strong>.<\/p>\n<p>Tras su regreso a Jujuy empez\u00f3 a darle forma a su carrera como cantora solista, al tiempo que se sum\u00f3 a la comunidad de m\u00fasicas \u00d1a\u00f1akunay, bajo la premisa de <strong>&#8220;cantar con contenido, dejando mensajes y marcando una postura social, pol\u00edtica y de g\u00e9nero&#8221;<\/strong>, aclar\u00f3.<\/p>\n<p>Al recital previsto al aire libre se sumar\u00e1n el grupo purmamarque\u00f1o Chemandinga, las cantoras <strong>Eugenia Mur, Malka Mercado, Jesy Carrasco, Daniela Garc\u00eda, adem\u00e1s de \u00cdtalo Iv\u00e1n Ramos y el charanguista Miguel Vilca.<\/strong><\/p>\n<p>La jornada tambi\u00e9n prev\u00e9 los cuadros coreogr\u00e1ficos a cargo de <strong>Alexis M\u00e9ndez, Priscila S\u00e1nchez, y Estrella Marina Labrit<\/strong>.<\/p>\n<p>En tanto la banda que interpretar\u00e1 las trece canciones del disco denominado &#8220;Mis ancestras cantan&#8221;, estar\u00e1 integrada por <strong>Gustavo Cruz, Javier Molina, Gast\u00f3n Aranda, Fabi\u00e1n Vel\u00e1squez, y Facundo Mart\u00ednez<\/strong>.<\/p>\n<p>El espect\u00e1culo cuenta con el acompa\u00f1amiento del Ministerio de Cultura de la Naci\u00f3n, el Instituto Nacional de la M\u00fasica, la Secretar\u00eda de Cultura de Jujuy y La Municipalidad de Humahuaca, entre otras instituciones y firmas de peque\u00f1os emprendimientos privados. <\/p>\n","protected":false},"excerpt":{"rendered":"<p>\u00d1a artista se presentarpa en la Quebrada de Humahuaca La cantora Paola Palacios, conocida como la &#8220;A\u00f1awita de la Puna&#8221;, presenta este s\u00e1bado en la ciudad de Humahuaca, su primer disco solista &#8220;Mis ancestras cantan&#8221;, con el cual homenajea a sus antecesoras, propone interpretar nuevas obras y recuperar otras propias de la regi\u00f3n andina. El [&hellip;]<\/p>\n","protected":false},"author":1,"featured_media":13750,"comment_status":"closed","ping_status":"closed","sticky":false,"template":"","format":"standard","meta":[],"categories":[20],"tags":[],"_links":{"self":[{"href":"http:\/\/cordobadirecto.com\/index.php\/wp-json\/wp\/v2\/posts\/13749"}],"collection":[{"href":"http:\/\/cordobadirecto.com\/index.php\/wp-json\/wp\/v2\/posts"}],"about":[{"href":"http:\/\/cordobadirecto.com\/index.php\/wp-json\/wp\/v2\/types\/post"}],"author":[{"embeddable":true,"href":"http:\/\/cordobadirecto.com\/index.php\/wp-json\/wp\/v2\/users\/1"}],"replies":[{"embeddable":true,"href":"http:\/\/cordobadirecto.com\/index.php\/wp-json\/wp\/v2\/comments?post=13749"}],"version-history":[{"count":0,"href":"http:\/\/cordobadirecto.com\/index.php\/wp-json\/wp\/v2\/posts\/13749\/revisions"}],"wp:featuredmedia":[{"embeddable":true,"href":"http:\/\/cordobadirecto.com\/index.php\/wp-json\/wp\/v2\/media\/13750"}],"wp:attachment":[{"href":"http:\/\/cordobadirecto.com\/index.php\/wp-json\/wp\/v2\/media?parent=13749"}],"wp:term":[{"taxonomy":"category","embeddable":true,"href":"http:\/\/cordobadirecto.com\/index.php\/wp-json\/wp\/v2\/categories?post=13749"},{"taxonomy":"post_tag","embeddable":true,"href":"http:\/\/cordobadirecto.com\/index.php\/wp-json\/wp\/v2\/tags?post=13749"}],"curies":[{"name":"wp","href":"https:\/\/api.w.org\/{rel}","templated":true}]}}