{"id":13770,"date":"2021-08-12T21:12:00","date_gmt":"2021-08-12T21:12:00","guid":{"rendered":"http:\/\/cordobadirecto.com\/index.php\/2021\/08\/12\/la-ue-advierte-que-aislara-internacionalmente-a-afganistan-si-los-talibanes-toman-el-poder\/"},"modified":"2021-08-12T21:12:00","modified_gmt":"2021-08-12T21:12:00","slug":"la-ue-advierte-que-aislara-internacionalmente-a-afganistan-si-los-talibanes-toman-el-poder","status":"publish","type":"post","link":"http:\/\/cordobadirecto.com\/index.php\/2021\/08\/12\/la-ue-advierte-que-aislara-internacionalmente-a-afganistan-si-los-talibanes-toman-el-poder\/","title":{"rendered":"La UE advierte que aislar\u00e1 internacionalmente a Afganist\u00e1n si los talibanes toman el poder"},"content":{"rendered":"<div class=\"image\" id=\"image\" readability=\"8\"> <img src=\"http:\/\/cordobadirecto.com\/wp-content\/uploads\/2021\/08\/la-ue-advierte-que-aislara-internacionalmente-a-afganistan-si-los-talibanes-toman-el-poder.jpg\" alt=\"Josep Borrell asegur\u00f3 que La Uni\u00f3n Europea aislar\u00e1 a los talibanes si toman el poder &quot;por la fuerza&quot; en Afganist\u00e1n.\" title=\"Josep Borrell asegur\u00f3 que La Uni\u00f3n Europea aislar\u00e1 a los talibanes si toman el poder &quot;por la fuerza&quot; en Afganist\u00e1n.\"><\/p>\n<p>Josep Borrell asegur\u00f3 que La Uni\u00f3n Europea aislar\u00e1 a los talibanes si toman el poder &#8220;por la fuerza&#8221; en Afganist\u00e1n.<\/p>\n<\/div>\n<p>La Uni\u00f3n Europea (UE) amenaz\u00f3 a los talibanes con un &#8220;aislamiento&#8221; internacional si toman el poder &#8220;por la fuerza&#8221; en Afganist\u00e1n, y les pidi\u00f3 que reanuden conversaciones &#8220;sustanciales&#8221; con Kabul y el cese &#8220;inmediato&#8221; de la violencia.<\/p>\n<p>&#8220;Si toman el poder por la fuerza y restablecen un emirato isl\u00e1mico, los talibanes no ser\u00e1n reconocidos (como una autoridad leg\u00edtima), sufrir\u00e1n el aislamiento, la falta de apoyo internacional y la perspectiva de un conflicto continuo y una inestabilidad prolongada en Afganist\u00e1n&#8221;, asegur\u00f3 el jefe de la diplomacia de la UE, Josep Borrell, en un comunicado.<\/p>\n<p>&#8220;La UE pretende mantener su colaboraci\u00f3n y apoyo al pueblo afgano. Sin embargo, este apoyo estar\u00e1 condicionado a un acuerdo pac\u00edfico e inclusivo y al respeto de los derechos fundamentales para todos los afganos, incluidas mujeres, j\u00f3venes y minor\u00edas&#8221;, agreg\u00f3 Borrell, report\u00f3 la agencia AFP.<\/p>\n<blockquote readability=\"8\">\n<p>&#8220;La UE pretende mantener su colaboraci\u00f3n y apoyo al pueblo afgano. Sin embargo, este apoyo estar\u00e1 condicionado a un acuerdo pac\u00edfico e inclusivo y al respeto de los derechos fundamentales para todos los afganos&#8221;<span class=\"comilla\">\u201d<\/span><\/p>\n<\/blockquote>\n<p>El responsable de la diplomacia comunitaria insisti\u00f3 en que es indispensable &#8220;que los significativos avances de mujeres y chicas en las \u00faltimas dos d\u00e9cadas sean preservados, incluidos aquellos relacionados con el acceso a la educaci\u00f3n&#8221;.<\/p>\n<div class=\"image\" id=\"image\" readability=\"7\"> <img src=\"http:\/\/cordobadirecto.com\/wp-content\/uploads\/2021\/08\/la-ue-advierte-que-aislara-internacionalmente-a-afganistan-si-los-talibanes-toman-el-poder-1.jpg\" alt=\"Los talibanes siguen avanzando y tomando ciudades en Afganist\u00e1n\" title=\"Los talibanes siguen avanzando y tomando ciudades en Afganist\u00e1n\"><\/p>\n<p>Los talibanes siguen avanzando y tomando ciudades en Afganist\u00e1n<\/p>\n<\/div>\n<p>El comunicado pidi\u00f3 <strong>&#8220;el cese inmediato de la violencia&#8221; <\/strong>y urge a los talibanes a retomar las conversaciones de paz con el gobierno afgano.<\/p>\n<p>&#8220;La UE condena las crecientes violaciones del derecho humanitario internacional y los derechos humanos, en particular en las \u00e1reas controladas por los talibanes y en las ciudades&#8221;, a\u00f1adi\u00f3.<\/p>\n<blockquote readability=\"7\">\n<p>&#8220;La UE condena las crecientes violaciones del derecho humanitario internacional y los derechos humanos, en particular en las \u00e1reas controladas por los talibanes y en las ciudades&#8221;<span class=\"comilla\">\u201d<\/span><\/p>\n<\/blockquote>\n<p>Borrell tambi\u00e9n inst\u00f3 a las autoridades de Kabul a <strong>&#8220;arreglar las diferencias pol\u00edticas, incrementar la representaci\u00f3n de todas las partes y negociar con los talibanes desde una perspectiva unitaria&#8221;.<\/strong><\/p>\n<p>El comunicado llega despu\u00e9s de que los talibanes conquistaran la tercera ciudad del pa\u00eds, Herat, ante la fulminante ofensiva de los insurgentes que se expanden por el pa\u00eds aprovechando la retirada de las tropas extranjeras. <\/p>\n","protected":false},"excerpt":{"rendered":"<p>Josep Borrell asegur\u00f3 que La Uni\u00f3n Europea aislar\u00e1 a los talibanes si toman el poder &#8220;por la fuerza&#8221; en Afganist\u00e1n. La Uni\u00f3n Europea (UE) amenaz\u00f3 a los talibanes con un &#8220;aislamiento&#8221; internacional si toman el poder &#8220;por la fuerza&#8221; en Afganist\u00e1n, y les pidi\u00f3 que reanuden conversaciones &#8220;sustanciales&#8221; con Kabul y el cese &#8220;inmediato&#8221; de [&hellip;]<\/p>\n","protected":false},"author":1,"featured_media":13771,"comment_status":"closed","ping_status":"closed","sticky":false,"template":"","format":"standard","meta":[],"categories":[24],"tags":[],"_links":{"self":[{"href":"http:\/\/cordobadirecto.com\/index.php\/wp-json\/wp\/v2\/posts\/13770"}],"collection":[{"href":"http:\/\/cordobadirecto.com\/index.php\/wp-json\/wp\/v2\/posts"}],"about":[{"href":"http:\/\/cordobadirecto.com\/index.php\/wp-json\/wp\/v2\/types\/post"}],"author":[{"embeddable":true,"href":"http:\/\/cordobadirecto.com\/index.php\/wp-json\/wp\/v2\/users\/1"}],"replies":[{"embeddable":true,"href":"http:\/\/cordobadirecto.com\/index.php\/wp-json\/wp\/v2\/comments?post=13770"}],"version-history":[{"count":0,"href":"http:\/\/cordobadirecto.com\/index.php\/wp-json\/wp\/v2\/posts\/13770\/revisions"}],"wp:featuredmedia":[{"embeddable":true,"href":"http:\/\/cordobadirecto.com\/index.php\/wp-json\/wp\/v2\/media\/13771"}],"wp:attachment":[{"href":"http:\/\/cordobadirecto.com\/index.php\/wp-json\/wp\/v2\/media?parent=13770"}],"wp:term":[{"taxonomy":"category","embeddable":true,"href":"http:\/\/cordobadirecto.com\/index.php\/wp-json\/wp\/v2\/categories?post=13770"},{"taxonomy":"post_tag","embeddable":true,"href":"http:\/\/cordobadirecto.com\/index.php\/wp-json\/wp\/v2\/tags?post=13770"}],"curies":[{"name":"wp","href":"https:\/\/api.w.org\/{rel}","templated":true}]}}