{"id":13772,"date":"2021-08-12T23:06:25","date_gmt":"2021-08-12T23:06:25","guid":{"rendered":"http:\/\/estaciontrip.com.ar\/?p=6055"},"modified":"2021-08-12T23:06:25","modified_gmt":"2021-08-12T23:06:25","slug":"cordoba-se-prepara-para-una-apertura-internacional-del-aeropuerto-desde-septiembre","status":"publish","type":"post","link":"http:\/\/cordobadirecto.com\/index.php\/2021\/08\/12\/cordoba-se-prepara-para-una-apertura-internacional-del-aeropuerto-desde-septiembre\/","title":{"rendered":"C\u00f3rdoba se prepara para una apertura internacional del aeropuerto desde septiembre"},"content":{"rendered":"<div><img src=\"http:\/\/cordobadirecto.com\/wp-content\/uploads\/2021\/08\/cordoba-se-prepara-para-una-apertura-internacional-del-aeropuerto-desde-septiembre.jpg\" class=\"ff-og-image-inserted\"><\/div>\n<p><em>El presidente de la Agencia C\u00f3rdoba Turismo inform\u00f3 que se trabaja para conseguir el retorno paulatino de los vuelos que conectaban con el pa\u00eds y el exterior y fortalecer el hub a\u00e9reo.<\/em><\/p>\n<p>El presidente de la Agencia C\u00f3rdoba Turismo, Esteban Avil\u00e9s, se reuni\u00f3 con el Director del Aeropuerto Internacional de C\u00f3rdoba, Fernando Ordo\u00f1ez para hacer las adecuaciones en base a los protocolos vigentes, ante la inminente apertura de fronteras.<\/p>\n<p>Seg\u00fan inform\u00f3 el organismo oficial ANAC la apertura se implementar\u00e1 a partir del 2 de septiembre.<\/p>\n<p>Esteban Avil\u00e9s comunic\u00f3 a trav\u00e9s de sus redes sociales las reuniones llevadas a cabo en este sentido para \u201cas\u00ed concretar objetivos a corto, mediano y largo plazo. Esto significa, conseguir el retorno paulatino de los vuelos que nos conectaban con el pa\u00eds y el exterior y fortalecer el Hub C\u00f3rdoba, permitiendo movilizar cientos de pasajeros de manera eficiente y r\u00e1pida\u201d.<\/p>\n<p>C<strong>omunicado de ANAC<\/strong><\/p>\n<p>La titular de la Administraci\u00f3n Nacional de Aviaci\u00f3n Civil (ANAC), Paola Tamburelli inform\u00f3 mediante un comunicado de prensa que \u201ca partir de septiembre se inaugurar\u00e1n nuevos corredores seguros en aeropuertos internacionales del interior del pa\u00eds; siempre y cuando las provincias aseguren las condiciones necesarias para que los pasajeros cumplan con los controles que exige el Ministerio de Salud\u201d.<\/p>\n<p>Tamburelli destac\u00f3 que \u201cel objetivo es dar mayor previsibilidad a los pasajeros y a las l\u00edneas a\u00e9reas. Estamos manteniendo reuniones durante el fin de semana con los representantes de las empresas para trabajar en nuevas programaciones y definir los nuevos cronogramas de vuelos.\u201d<\/p>\n","protected":false},"excerpt":{"rendered":"<p>El presidente de la Agencia C\u00f3rdoba Turismo inform\u00f3 que se trabaja para conseguir el retorno paulatino de los vuelos que conectaban con el pa\u00eds y el exterior y fortalecer el hub a\u00e9reo. El presidente de la Agencia C\u00f3rdoba Turismo, Esteban Avil\u00e9s, se reuni\u00f3 con el Director del Aeropuerto Internacional de C\u00f3rdoba, Fernando Ordo\u00f1ez para hacer [&hellip;]<\/p>\n","protected":false},"author":1,"featured_media":13773,"comment_status":"closed","ping_status":"closed","sticky":false,"template":"","format":"standard","meta":[],"categories":[22],"tags":[],"_links":{"self":[{"href":"http:\/\/cordobadirecto.com\/index.php\/wp-json\/wp\/v2\/posts\/13772"}],"collection":[{"href":"http:\/\/cordobadirecto.com\/index.php\/wp-json\/wp\/v2\/posts"}],"about":[{"href":"http:\/\/cordobadirecto.com\/index.php\/wp-json\/wp\/v2\/types\/post"}],"author":[{"embeddable":true,"href":"http:\/\/cordobadirecto.com\/index.php\/wp-json\/wp\/v2\/users\/1"}],"replies":[{"embeddable":true,"href":"http:\/\/cordobadirecto.com\/index.php\/wp-json\/wp\/v2\/comments?post=13772"}],"version-history":[{"count":0,"href":"http:\/\/cordobadirecto.com\/index.php\/wp-json\/wp\/v2\/posts\/13772\/revisions"}],"wp:featuredmedia":[{"embeddable":true,"href":"http:\/\/cordobadirecto.com\/index.php\/wp-json\/wp\/v2\/media\/13773"}],"wp:attachment":[{"href":"http:\/\/cordobadirecto.com\/index.php\/wp-json\/wp\/v2\/media?parent=13772"}],"wp:term":[{"taxonomy":"category","embeddable":true,"href":"http:\/\/cordobadirecto.com\/index.php\/wp-json\/wp\/v2\/categories?post=13772"},{"taxonomy":"post_tag","embeddable":true,"href":"http:\/\/cordobadirecto.com\/index.php\/wp-json\/wp\/v2\/tags?post=13772"}],"curies":[{"name":"wp","href":"https:\/\/api.w.org\/{rel}","templated":true}]}}