{"id":13800,"date":"2021-08-12T16:34:48","date_gmt":"2021-08-12T16:34:48","guid":{"rendered":"https:\/\/cordoba.gob.ar\/?p=12040"},"modified":"2021-08-12T16:34:48","modified_gmt":"2021-08-12T16:34:48","slug":"con-mas-de-400-inscriptos-este-viernes-comienza-la-maraton-de-ideas-ideaton-circular","status":"publish","type":"post","link":"http:\/\/cordobadirecto.com\/index.php\/2021\/08\/12\/con-mas-de-400-inscriptos-este-viernes-comienza-la-maraton-de-ideas-ideaton-circular\/","title":{"rendered":"Con m\u00e1s de 400 inscriptos, este viernes comienza la Marat\u00f3n de Ideas \u201cIdeat\u00f3n Circular\u201d"},"content":{"rendered":"<div><img src=\"http:\/\/cordobadirecto.com\/wp-content\/uploads\/2021\/08\/con-mas-de-400-inscriptos-este-viernes-comienza-la-maraton-de-ideas-ideaton-circular.jpg\" class=\"ff-og-image-inserted\"><\/div>\n<p>Durante el 13 y 14 de agosto, y en el marco de la Cumbre Mundial de Econom\u00eda Circular que impulsa la gesti\u00f3n del intendente Mart\u00edn Llaryora, se llevar\u00e1 adelante la Marat\u00f3n de Ideas \u201cIdeat\u00f3n Circular\u201d.<\/p>\n<p>Participar\u00e1n 405 inscriptos que, en modalidad virtual, sistematizar\u00e1n ideas para resolver desaf\u00edos vinculados a el reciclado de materiales, procesos basados en la circularidad y ecodise\u00f1o de productos sustentables y sostenibles.<\/p>\n<p>Los participantes se dividir\u00e1n en grupos de trabajo de entre 15 y 20 personas para establecer retos y acciones en materia de Econom\u00eda Circular y buscar\u00e1n propuestas para cambiar esas realidades. El resultado del proceso dar\u00e1 un acercamiento al plan de trabajo que se desee desarrollar.<\/p>\n<p>Se seleccionar\u00e1n cuatro proyectos que recibir\u00e1n importantes premios y ser\u00e1n presentados en la Cumbre.<\/p>\n<p>La marat\u00f3n tiene como objetivo resolver los desaf\u00edos planteados por el modelo de producci\u00f3n y consumo que apunta a compartir, reutilizar, reparar, renovar y reciclar materiales y productos existentes todas las veces que sea posible para crear un valor a\u00f1adido.<\/p>\n<p>El encuentro es organizado por el Ente Municipal BioC\u00f3rdoba en conjunto con la Universidad Nacional de C\u00f3rdoba y el Gobierno de la Provincia, a trav\u00e9s del Ministerio de Ciencias y Tecnolog\u00eda.<\/p>\n<p>Para conocer m\u00e1s sobre la Cumbre dirigirse a la web: <a href=\"https:\/\/cumbremec.cordoba.gob.ar\">https:\/\/cumbremec.cordoba.gob.ar<\/a>.<\/p>\n","protected":false},"excerpt":{"rendered":"<p>Durante el 13 y 14 de agosto, y en el marco de la Cumbre Mundial de Econom\u00eda Circular que impulsa la gesti\u00f3n del intendente Mart\u00edn Llaryora, se llevar\u00e1 adelante la Marat\u00f3n de Ideas \u201cIdeat\u00f3n Circular\u201d. Participar\u00e1n 405 inscriptos que, en modalidad virtual, sistematizar\u00e1n ideas para resolver desaf\u00edos vinculados a el reciclado de materiales, procesos basados [&hellip;]<\/p>\n","protected":false},"author":1,"featured_media":13801,"comment_status":"closed","ping_status":"closed","sticky":false,"template":"","format":"standard","meta":[],"categories":[44],"tags":[],"_links":{"self":[{"href":"http:\/\/cordobadirecto.com\/index.php\/wp-json\/wp\/v2\/posts\/13800"}],"collection":[{"href":"http:\/\/cordobadirecto.com\/index.php\/wp-json\/wp\/v2\/posts"}],"about":[{"href":"http:\/\/cordobadirecto.com\/index.php\/wp-json\/wp\/v2\/types\/post"}],"author":[{"embeddable":true,"href":"http:\/\/cordobadirecto.com\/index.php\/wp-json\/wp\/v2\/users\/1"}],"replies":[{"embeddable":true,"href":"http:\/\/cordobadirecto.com\/index.php\/wp-json\/wp\/v2\/comments?post=13800"}],"version-history":[{"count":0,"href":"http:\/\/cordobadirecto.com\/index.php\/wp-json\/wp\/v2\/posts\/13800\/revisions"}],"wp:featuredmedia":[{"embeddable":true,"href":"http:\/\/cordobadirecto.com\/index.php\/wp-json\/wp\/v2\/media\/13801"}],"wp:attachment":[{"href":"http:\/\/cordobadirecto.com\/index.php\/wp-json\/wp\/v2\/media?parent=13800"}],"wp:term":[{"taxonomy":"category","embeddable":true,"href":"http:\/\/cordobadirecto.com\/index.php\/wp-json\/wp\/v2\/categories?post=13800"},{"taxonomy":"post_tag","embeddable":true,"href":"http:\/\/cordobadirecto.com\/index.php\/wp-json\/wp\/v2\/tags?post=13800"}],"curies":[{"name":"wp","href":"https:\/\/api.w.org\/{rel}","templated":true}]}}