{"id":13802,"date":"2021-08-13T17:18:45","date_gmt":"2021-08-13T17:18:45","guid":{"rendered":"https:\/\/es.digitaltrends.com\/?p=851217"},"modified":"2021-08-13T17:18:45","modified_gmt":"2021-08-13T17:18:45","slug":"serie-de-el-senor-de-los-anillos-dejara-de-grabar-en-nueva-zelanda","status":"publish","type":"post","link":"http:\/\/cordobadirecto.com\/index.php\/2021\/08\/13\/serie-de-el-senor-de-los-anillos-dejara-de-grabar-en-nueva-zelanda\/","title":{"rendered":"Serie de El Se\u00f1or de los Anillos dejar\u00e1 de grabar en Nueva Zelanda"},"content":{"rendered":"<p>La <em><a href=\"https:\/\/es.digitaltrends.com\/entretenimiento\/serie-el-senor-de-los-anillos-fecha-estreno\/\">pr\u00f3xima serie de <em>El Se\u00f1or de los Anillos<\/em><\/a><\/em> de Amazon cambiar\u00e1 de locaci\u00f3n para el futuro. Luego de grabar la primera temporada en Nueva Zelanda, la producci\u00f3n anunci\u00f3 que se trasladar\u00e1n hacia el Reino Unido.<\/p>\n<p><a href=\"https:\/\/press.amazonstudios.com\/us\/en\/press-release\/amazon-studios-ithe-lord-of-the-ringsi-origin-1\">Mediante un comunicado<\/a>, Amazon anunci\u00f3 tambi\u00e9n que la preproducci\u00f3n de la segunda temporada comenzar\u00e1 a comienzos de 2022. Y los motivos para este cambio son parte de una estrategia de Amazon de invertir y aumentar sus estudios a lo largo de todo el Reino Unido.<\/p>\n<p>En palabras muy pol\u00edticamente correctas, los mandamases de Amazon agradecen al gobierno del pa\u00eds oce\u00e1nico por todas las facilidades otorgadas para la producci\u00f3n de la primera temporada, que continuar\u00e1 en Nueva Zelanda hasta el cierre de la post producci\u00f3n, a mediados de 2022.<\/p>\n<figure id=\"attachment_78166\" aria-describedby=\"caption-attachment-78166\" class=\"wp-caption aligncenter\"><img src=\"http:\/\/cordobadirecto.com\/wp-content\/uploads\/2021\/08\/serie-de-el-senor-de-los-anillos-dejara-de-grabar-en-nueva-zelanda.gif\" data-dt-lazy-src=\"https:\/\/icdn.dtcn.com\/image\/digitaltrends_es\/lord-of-the-rings-getty-images-720x720.jpg\" onerror=\"dti_load_error(this)\" class=\"size-large wp-image-78166 dt-lazy-load dt-lazy-pending\" alt=\"lord of the rings\"><figcaption id=\"caption-attachment-78166\" class=\"wp-caption-text\"><span class=\"text\">Escena de The Lord of the Rings, la adaptaci\u00f3n al cine de la saga de J.R.R. Tolkien.<\/span> <span class=\"credit\">New Line\/Digital Trends<\/span><\/figcaption><\/figure>\n<p>Pero pese a lo anterior, ya se especula que hay otros motivos para cambiarse de pa\u00eds. Y uno de ellos puede tener que ver con <a href=\"https:\/\/es.digitaltrends.com\/salud\/lucha-paises-covid-19\/\">las restricciones de Nueva Zelanda respecto al COVID-19<\/a>, que mantuvo la producci\u00f3n de la serie <a href=\"https:\/\/es.digitaltrends.com\/entretenimiento\/the-lord-of-the-rings-grabaciones\/\">detenida por bastante tiempo<\/a> y que a la vez impidi\u00f3 que muchos participantes -tanto actores como gente del <em>staff-<\/em> pudiesen regresar a su pa\u00eds de origen, con todo lo que eso implica.<\/p>\n<p>Por otra parte, hay una cuesti\u00f3n simb\u00f3lica respecto a <em>El Se\u00f1or de los Anillos<\/em> en versi\u00f3n audiovisual y Nueva Zelanda que puede ser de importancia para los fan\u00e1ticos de la saga. Y es que las recordadas pel\u00edculas de Peter Jackson (y especialmente la primera trilog\u00eda), representaron la Tierra Media de una forma muy \u00fanica y eso se logr\u00f3 en buena parte gracias a los paisajes neozelandeses.<\/p>\n<figure id=\"attachment_20518\" aria-describedby=\"caption-attachment-20518\" class=\"wp-caption aligncenter\"><img src=\"http:\/\/cordobadirecto.com\/wp-content\/uploads\/2021\/08\/serie-de-el-senor-de-los-anillos-dejara-de-grabar-en-nueva-zelanda.gif\" data-dt-lazy-src=\"https:\/\/icdn.dtcn.com\/image\/digitaltrends_es\/movie_33-720x720.jpg\" onerror=\"dti_load_error(this)\" class=\"size-large wp-image-20518 dt-lazy-load dt-lazy-pending\" alt><figcaption id=\"caption-attachment-20518\" class=\"wp-caption-text\"><span class=\"text\">El Se\u00f1or de los Anillos<\/span><\/figcaption><\/figure>\n<p>Quiz\u00e1s el cambio al Reino Unido no tenga demasiado impacto en t\u00e9rminos visuales, sobre todo tomando en cuenta que la serie est\u00e1 ambientada dos mil a\u00f1os antes de lo ocurrido tanto en la trilog\u00eda de 2001 como en la de <em>El Hobbit.<\/em><\/p>\n<p>La serie de&nbsp;<em>El Se\u00f1or de los Anillos&nbsp;<\/em>(sin nombre definitivo todav\u00eda) se estrenar\u00e1 en Amazon el 2 de septiembre de 2022.<\/p>\n<h4 class=\"h-editors-recs-title\"> Recomendaciones del editor\t<\/h4>\n<p> <span id=\"publisher-md\" itemprop=\"publisher\" itemscope itemtype=\"https:\/\/schema.org\/Organization\"> <span itemprop=\"url\" itemtype=\"https:\/\/schema.org\/Url\" content=\"https:\/\/es.digitaltrends.com\"> <span itemprop=\"logo\" itemscope itemtype=\"https:\/\/schema.org\/ImageObject\"> <meta itemprop=\"url\" content=\"https:\/\/cdn.dtcn.com\/dt\/dt-logo-small.png\"> <meta itemprop=\"width\" content=\"0\"> <meta itemprop=\"height\" content=\"0\"> <\/span> <meta itemprop=\"name\" content=\"Digital Trends Espa\u00f1ol\"> <\/span> <span itemprop=\"image\" itemscope itemtype=\"https:\/\/schema.org\/ImageObject\"> <meta itemprop=\"url\" content=\"https:\/\/icdn.dtcn.com\/image\/digitaltrends_es\/lord-of-the-rings-getty-images.jpg\"> <\/span> <\/span><\/p>\n","protected":false},"excerpt":{"rendered":"<p>La pr\u00f3xima serie de El Se\u00f1or de los Anillos de Amazon cambiar\u00e1 de locaci\u00f3n para el futuro. Luego de grabar la primera temporada en Nueva Zelanda, la producci\u00f3n anunci\u00f3 que se trasladar\u00e1n hacia el Reino Unido. Mediante un comunicado, Amazon anunci\u00f3 tambi\u00e9n que la preproducci\u00f3n de la segunda temporada comenzar\u00e1 a comienzos de 2022. Y [&hellip;]<\/p>\n","protected":false},"author":1,"featured_media":13803,"comment_status":"closed","ping_status":"closed","sticky":false,"template":"","format":"standard","meta":[],"categories":[18],"tags":[],"_links":{"self":[{"href":"http:\/\/cordobadirecto.com\/index.php\/wp-json\/wp\/v2\/posts\/13802"}],"collection":[{"href":"http:\/\/cordobadirecto.com\/index.php\/wp-json\/wp\/v2\/posts"}],"about":[{"href":"http:\/\/cordobadirecto.com\/index.php\/wp-json\/wp\/v2\/types\/post"}],"author":[{"embeddable":true,"href":"http:\/\/cordobadirecto.com\/index.php\/wp-json\/wp\/v2\/users\/1"}],"replies":[{"embeddable":true,"href":"http:\/\/cordobadirecto.com\/index.php\/wp-json\/wp\/v2\/comments?post=13802"}],"version-history":[{"count":0,"href":"http:\/\/cordobadirecto.com\/index.php\/wp-json\/wp\/v2\/posts\/13802\/revisions"}],"wp:featuredmedia":[{"embeddable":true,"href":"http:\/\/cordobadirecto.com\/index.php\/wp-json\/wp\/v2\/media\/13803"}],"wp:attachment":[{"href":"http:\/\/cordobadirecto.com\/index.php\/wp-json\/wp\/v2\/media?parent=13802"}],"wp:term":[{"taxonomy":"category","embeddable":true,"href":"http:\/\/cordobadirecto.com\/index.php\/wp-json\/wp\/v2\/categories?post=13802"},{"taxonomy":"post_tag","embeddable":true,"href":"http:\/\/cordobadirecto.com\/index.php\/wp-json\/wp\/v2\/tags?post=13802"}],"curies":[{"name":"wp","href":"https:\/\/api.w.org\/{rel}","templated":true}]}}