{"id":13804,"date":"2021-08-13T18:05:00","date_gmt":"2021-08-13T18:05:00","guid":{"rendered":"http:\/\/cordobadirecto.com\/index.php\/2021\/08\/13\/la-oms-se-opone-a-que-la-vacunacion-contra-el-coronavirus-sea-obligatoria\/"},"modified":"2021-08-13T18:05:00","modified_gmt":"2021-08-13T18:05:00","slug":"la-oms-se-opone-a-que-la-vacunacion-contra-el-coronavirus-sea-obligatoria","status":"publish","type":"post","link":"http:\/\/cordobadirecto.com\/index.php\/2021\/08\/13\/la-oms-se-opone-a-que-la-vacunacion-contra-el-coronavirus-sea-obligatoria\/","title":{"rendered":"La OMS se opone a que la vacunaci\u00f3n contra el coronavirus sea obligatoria"},"content":{"rendered":"<div class=\"image\" id=\"image\" readability=\"7\"> <img src=\"http:\/\/cordobadirecto.com\/wp-content\/uploads\/2021\/08\/la-oms-se-opone-a-que-la-vacunacion-contra-el-coronavirus-sea-obligatoria.jpg\" alt=\"La OMS marc\u00f3 su postura al afirmar que &quot;se opone a cualquier vacunaci\u00f3n obligatoria&quot;.\" title=\"La OMS marc\u00f3 su postura al afirmar que &quot;se opone a cualquier vacunaci\u00f3n obligatoria&quot;.\"><\/p>\n<p>La OMS marc\u00f3 su postura al afirmar que &#8220;se opone a cualquier vacunaci\u00f3n obligatoria&#8221;.<\/p>\n<\/div>\n<p>La Organizaci\u00f3n Mundial de la Salud (OMS) anunci\u00f3 que <strong>no adhiere a la obligatoriedad de la vacunaci\u00f3n contra la Covid-19<\/strong> en ning\u00fan pa\u00eds, aunque s\u00ed defiende la importancia que tiene la inmunizaci\u00f3n.<\/p>\n<p>Debido al rebrote de contagios por la variante Delta y la ralentizaci\u00f3n de la inoculaci\u00f3n, varios pa\u00edses optaron por este tipo de medida para algunos sectores de la poblaci\u00f3n, principalmente al personal de salud o empleados estatales, como es el caso de Italia, Francia, Reino Unido y Estados Unidos.<\/p>\n<p>Sin embargo, la OMS marc\u00f3 su postura al afirmar que &#8220;se opone a cualquier vacunaci\u00f3n obligatoria&#8221;, aunque<strong> s\u00ed &#8220;debe explicarse a la poblaci\u00f3n general c\u00f3mo funcionan las vacunas, y lo importantes que son&#8221;<\/strong>, dijo en rueda de prensa la vocera de la organizaci\u00f3n Fadela Chaib, citada por la cadena internacional espa\u00f1ola RTVE.<\/p>\n<p>Adem\u00e1s, resalt\u00f3 que los inmunizantes son solo &#8220;una de las varias herramientas que tenemos en nuestras manos&#8221;, ya que expertos de la OMS reiteraron que las vacunas no bastan en la lucha contra el coronavirus y deben combinarse con las medidas para frenar los contagios.<\/p>\n<div class=\"image\" id=\"image\" readability=\"7\"> <img src=\"http:\/\/cordobadirecto.com\/wp-content\/uploads\/2021\/08\/la-oms-se-opone-a-que-la-vacunacion-contra-el-coronavirus-sea-obligatoria-1.jpg\" alt=\"Expertos de la OMS reiteraron que las vacunas no bastan en la lucha contra el coronavirus.\" title=\"Expertos de la OMS reiteraron que las vacunas no bastan en la lucha contra el coronavirus.\"><\/p>\n<p>Expertos de la OMS reiteraron que las vacunas no bastan en la lucha contra el coronavirus.<\/p>\n<\/div>\n<p><strong>Italia fue el primer pa\u00eds que oblig\u00f3 a sus sanitarios a inmunizarse<\/strong>, as\u00ed como los profesores. En Francia los m\u00e9dicos tambi\u00e9n deben ponerse la inyecci\u00f3n. En Reino Unido y Grecia los empleados de los geri\u00e1tricos tambi\u00e9n deben inocularse si quieren seguir trabajando.<\/p>\n<p>Tambi\u00e9n <strong>Estados Unidos se sum\u00f3 a finales del mes pasado<\/strong>, obligando a los trabajadores federales a vacunarse, mientras que varias empresas del pa\u00eds como el banco Morgan Stanley y la cadena de almacenes de lujo Saks Fifth Avenue tomaron la misma decisi\u00f3n para sus trabajadores.<\/p>\n<p>Incluso, la cadena de noticias <strong>CNN despidi\u00f3 a tres empleados<\/strong> por violar la pol\u00edtica de coronavirus interna al ir a la oficina sin vacunarse. <\/p>\n","protected":false},"excerpt":{"rendered":"<p>La OMS marc\u00f3 su postura al afirmar que &#8220;se opone a cualquier vacunaci\u00f3n obligatoria&#8221;. La Organizaci\u00f3n Mundial de la Salud (OMS) anunci\u00f3 que no adhiere a la obligatoriedad de la vacunaci\u00f3n contra la Covid-19 en ning\u00fan pa\u00eds, aunque s\u00ed defiende la importancia que tiene la inmunizaci\u00f3n. Debido al rebrote de contagios por la variante Delta [&hellip;]<\/p>\n","protected":false},"author":1,"featured_media":13805,"comment_status":"closed","ping_status":"closed","sticky":false,"template":"","format":"standard","meta":[],"categories":[24],"tags":[],"_links":{"self":[{"href":"http:\/\/cordobadirecto.com\/index.php\/wp-json\/wp\/v2\/posts\/13804"}],"collection":[{"href":"http:\/\/cordobadirecto.com\/index.php\/wp-json\/wp\/v2\/posts"}],"about":[{"href":"http:\/\/cordobadirecto.com\/index.php\/wp-json\/wp\/v2\/types\/post"}],"author":[{"embeddable":true,"href":"http:\/\/cordobadirecto.com\/index.php\/wp-json\/wp\/v2\/users\/1"}],"replies":[{"embeddable":true,"href":"http:\/\/cordobadirecto.com\/index.php\/wp-json\/wp\/v2\/comments?post=13804"}],"version-history":[{"count":0,"href":"http:\/\/cordobadirecto.com\/index.php\/wp-json\/wp\/v2\/posts\/13804\/revisions"}],"wp:featuredmedia":[{"embeddable":true,"href":"http:\/\/cordobadirecto.com\/index.php\/wp-json\/wp\/v2\/media\/13805"}],"wp:attachment":[{"href":"http:\/\/cordobadirecto.com\/index.php\/wp-json\/wp\/v2\/media?parent=13804"}],"wp:term":[{"taxonomy":"category","embeddable":true,"href":"http:\/\/cordobadirecto.com\/index.php\/wp-json\/wp\/v2\/categories?post=13804"},{"taxonomy":"post_tag","embeddable":true,"href":"http:\/\/cordobadirecto.com\/index.php\/wp-json\/wp\/v2\/tags?post=13804"}],"curies":[{"name":"wp","href":"https:\/\/api.w.org\/{rel}","templated":true}]}}