{"id":13883,"date":"2021-08-13T21:07:46","date_gmt":"2021-08-13T21:07:46","guid":{"rendered":"http:\/\/cordobadirecto.com\/index.php\/2021\/08\/13\/villa-en-ningun-momento-voy-a-ser-desagradecido-con-boca\/"},"modified":"2021-08-13T21:07:46","modified_gmt":"2021-08-13T21:07:46","slug":"villa-en-ningun-momento-voy-a-ser-desagradecido-con-boca","status":"publish","type":"post","link":"http:\/\/cordobadirecto.com\/index.php\/2021\/08\/13\/villa-en-ningun-momento-voy-a-ser-desagradecido-con-boca\/","title":{"rendered":"Villa: &#8220;En ning\u00fan momento voy a ser desagradecido con Boca&#8221;"},"content":{"rendered":"<div class=\"image\" id=\"image\" readability=\"7\"> <img src=\"http:\/\/cordobadirecto.com\/wp-content\/uploads\/2021\/08\/villa-en-ningun-momento-voy-a-ser-desagradecido-con-boca.jpg\" alt=\"El jugador viaj\u00f3 a Colombia por la enfermedad de su madre.\" title=\"El jugador viaj\u00f3 a Colombia por la enfermedad de su madre.\"><\/p>\n<p>El jugador viaj\u00f3 a Colombia por la enfermedad de su madre.<\/p>\n<\/div>\n<p>El delantero colombiano Sebasti\u00e1n Villa <strong><a href=\"https:\/\/www.telam.com.ar\/notas\/202108\/564277-villa-dejo-la-argentina-y-se-fue-a-colombia-en-pleno-conflicto-con-boca-juniors.html\" target=\"_blank\" rel=\"noopener\">aclar\u00f3 que su salida de Argentina, en medio de un conflicto de intereses con Boca Juniors<\/a><\/strong>, &#8220;fue por un tema familiar&#8221; y que nunca ser\u00e1 &#8220;desagradecido&#8221; con el club.<\/p>\n<p>Desde su pa\u00eds natal, donde acompa\u00f1a a su madre en el tr\u00e1nsito de una enfermedad, el colombiano hizo un posteo en Instagram en el que admite que le plante\u00f3 a los dirigentes su deseo de un &#8220;crecimiento personal, familiar y profesional&#8221;.<\/p>\n<p><strong>Boca rechaz\u00f3 sistem\u00e1ticamente todas la ofertas llegadas por el futbolista, que repentinamente viaj\u00f3 a Colombia por la enfermedad de su madre<\/strong>, lo que fue interpretado como una represalia por las trabas de su transferencia.<\/p>\n<p>&#8220;A ra\u00edz de las distintas versiones relacionadas a mi salida del pa\u00eds, quiero expresar que fue por un tema familiar, la salud de mi madre en este caso, quien hoy gracias a Dios se encuentra cada d\u00eda mejor. Esto me pone muy feliz y mucho m\u00e1s tranquilo&#8221;, escribi\u00f3 Villa junto a una foto que lo muestra con su mam\u00e1 y dos m\u00e9dicos con vestimenta de quir\u00f3fano.<\/p>\n<p>&#8220;En lo deportivo quiero dejar en claro que en ning\u00fan momento voy a ser desagradecido con Boca, al contrario. Estar\u00e9 agradecido eternamente con el club y sus hinchas. Soy muy feliz cada vez que me toca vestir estos colores y lo seguir\u00e9 siendo&#8221;, expuso.<\/p>\n<p>&#8220;S\u00f3lo quiero aclarar que siempre habl\u00e9 de frente y a la cara con las personas que lo ten\u00eda que hacer y plante\u00e9 un crecimiento personal, familiar y profesional. No quiero dejar de agradecer a las personas que se preocuparon por la salud de mi mam\u00e1, lo que es importante realmente, a compa\u00f1eros y amigos&#8221;, concluy\u00f3. <\/p>\n","protected":false},"excerpt":{"rendered":"<p>El jugador viaj\u00f3 a Colombia por la enfermedad de su madre. El delantero colombiano Sebasti\u00e1n Villa aclar\u00f3 que su salida de Argentina, en medio de un conflicto de intereses con Boca Juniors, &#8220;fue por un tema familiar&#8221; y que nunca ser\u00e1 &#8220;desagradecido&#8221; con el club. Desde su pa\u00eds natal, donde acompa\u00f1a a su madre en [&hellip;]<\/p>\n","protected":false},"author":1,"featured_media":13884,"comment_status":"closed","ping_status":"closed","sticky":false,"template":"","format":"standard","meta":[],"categories":[21],"tags":[],"_links":{"self":[{"href":"http:\/\/cordobadirecto.com\/index.php\/wp-json\/wp\/v2\/posts\/13883"}],"collection":[{"href":"http:\/\/cordobadirecto.com\/index.php\/wp-json\/wp\/v2\/posts"}],"about":[{"href":"http:\/\/cordobadirecto.com\/index.php\/wp-json\/wp\/v2\/types\/post"}],"author":[{"embeddable":true,"href":"http:\/\/cordobadirecto.com\/index.php\/wp-json\/wp\/v2\/users\/1"}],"replies":[{"embeddable":true,"href":"http:\/\/cordobadirecto.com\/index.php\/wp-json\/wp\/v2\/comments?post=13883"}],"version-history":[{"count":0,"href":"http:\/\/cordobadirecto.com\/index.php\/wp-json\/wp\/v2\/posts\/13883\/revisions"}],"wp:featuredmedia":[{"embeddable":true,"href":"http:\/\/cordobadirecto.com\/index.php\/wp-json\/wp\/v2\/media\/13884"}],"wp:attachment":[{"href":"http:\/\/cordobadirecto.com\/index.php\/wp-json\/wp\/v2\/media?parent=13883"}],"wp:term":[{"taxonomy":"category","embeddable":true,"href":"http:\/\/cordobadirecto.com\/index.php\/wp-json\/wp\/v2\/categories?post=13883"},{"taxonomy":"post_tag","embeddable":true,"href":"http:\/\/cordobadirecto.com\/index.php\/wp-json\/wp\/v2\/tags?post=13883"}],"curies":[{"name":"wp","href":"https:\/\/api.w.org\/{rel}","templated":true}]}}