{"id":13916,"date":"2021-08-13T18:58:32","date_gmt":"2021-08-13T18:58:32","guid":{"rendered":"https:\/\/cordoba.gob.ar\/?p=12093"},"modified":"2021-08-13T18:58:32","modified_gmt":"2021-08-13T18:58:32","slug":"llaryora-tenemos-que-generar-un-modelo-de-desarrollo-que-cuide-a-las-proximas-generaciones","status":"publish","type":"post","link":"http:\/\/cordobadirecto.com\/index.php\/2021\/08\/13\/llaryora-tenemos-que-generar-un-modelo-de-desarrollo-que-cuide-a-las-proximas-generaciones\/","title":{"rendered":"Llaryora: \u201ctenemos que generar un modelo de desarrollo que cuide a las pr\u00f3ximas generaciones\u201d"},"content":{"rendered":"<div><img src=\"http:\/\/cordobadirecto.com\/wp-content\/uploads\/2021\/08\/llaryora-tenemos-que-generar-un-modelo-de-desarrollo-que-cuide-a-las-proximas-generaciones.jpg\" class=\"ff-og-image-inserted\"><\/div>\n<ul>\n<li><strong>El Jefe Comunal dio la bienvenida a los 405 inscriptos que participan del Ideat\u00f3n Circular y se comprometi\u00f3 a llevar adelante ideas y pol\u00edticas que surjan del encuentro.<\/strong><\/li>\n<\/ul>\n<hr>\n<p>El intendente Mart\u00edn Llaryora, acompa\u00f1ado por el Rector de la Universidad, Hugo Juri, pronunci\u00f3 un breve discurso en el d\u00eda de apertura de la Marat\u00f3n de Ideas \u201cIdeat\u00f3n Circular\u201d, realizada en el marco de la primera Cumbre Mundial de Econom\u00eda Circular que se desarrollar\u00e1 la pr\u00f3xima semana en la ciudad.<\/p>\n<p><em>\u201cSomos la primera generaci\u00f3n que tenemos conciencia de que el modelo productivo actual agota al planeta y a la especie. Tenemos que generar un modelo de desarrollo que cuide a las pr\u00f3ximas generaciones. Impulsar la Econom\u00eda Circular es una tarea dura, pero tenemos que llevarla a cabo, y que C\u00f3rdoba lidere ese proceso nos llena de orgullo\u201d<\/em>, expres\u00f3.<\/p>\n<p>A su vez, el jefe comunal destac\u00f3 la importancia del Ideat\u00f3n para debatir y tomar nueva ideas que ayuden a generar soluciones y se comprometi\u00f3 a tomar las iniciativas que surjan para aplicarlas en la ciudad.<\/p>\n<p>El Ideat\u00f3n tiene como objetivo sistematizar proyectos para resolver desaf\u00edos vinculados al reciclado de materiales, procesos basados en la circularidad y ecodise\u00f1o de productos sustentables y sostenibles.<\/p>\n<p>Del encuentro se seleccionar\u00e1n cuatro proyectos que recibir\u00e1n importantes premios y ser\u00e1n presentados en la Cumbre.<\/p>\n<p>La apertura de la jornada estuvo a cargo de Augusto Salvatto, CEO de Panorama Consultora e influencer ambiental. Participaron, adem\u00e1s, el secretario de Gesti\u00f3n Ambiental y Sostenibilidad, Jorge Folloni; el presidente del ente BioC\u00f3rdoba, Enzo Cravero; el ministro de Ciencia y Tecnolog\u00eda de la Provincia de C\u00f3rdoba, Pablo De Chiara; y el rector de la UNC, Hugo Juri.<\/p>\n<p>El encuentro es organizado por el Ente Municipal BioC\u00f3rdoba en conjunto con la Universidad Nacional de C\u00f3rdoba y el Gobierno de la Provincia, a trav\u00e9s del Ministerio de Ciencias y Tecnolog\u00eda.<\/p>\n<p>Para conocer m\u00e1s sobre la Cumbre dirigirse a la web por medio de este <a href=\"https:\/\/cumbremec.cordoba.gob.ar.\">enlace.<\/a><\/p>\n","protected":false},"excerpt":{"rendered":"<p>El Jefe Comunal dio la bienvenida a los 405 inscriptos que participan del Ideat\u00f3n Circular y se comprometi\u00f3 a llevar adelante ideas y pol\u00edticas que surjan del encuentro. El intendente Mart\u00edn Llaryora, acompa\u00f1ado por el Rector de la Universidad, Hugo Juri, pronunci\u00f3 un breve discurso en el d\u00eda de apertura de la Marat\u00f3n de Ideas [&hellip;]<\/p>\n","protected":false},"author":1,"featured_media":13917,"comment_status":"closed","ping_status":"closed","sticky":false,"template":"","format":"standard","meta":[],"categories":[44],"tags":[],"_links":{"self":[{"href":"http:\/\/cordobadirecto.com\/index.php\/wp-json\/wp\/v2\/posts\/13916"}],"collection":[{"href":"http:\/\/cordobadirecto.com\/index.php\/wp-json\/wp\/v2\/posts"}],"about":[{"href":"http:\/\/cordobadirecto.com\/index.php\/wp-json\/wp\/v2\/types\/post"}],"author":[{"embeddable":true,"href":"http:\/\/cordobadirecto.com\/index.php\/wp-json\/wp\/v2\/users\/1"}],"replies":[{"embeddable":true,"href":"http:\/\/cordobadirecto.com\/index.php\/wp-json\/wp\/v2\/comments?post=13916"}],"version-history":[{"count":0,"href":"http:\/\/cordobadirecto.com\/index.php\/wp-json\/wp\/v2\/posts\/13916\/revisions"}],"wp:featuredmedia":[{"embeddable":true,"href":"http:\/\/cordobadirecto.com\/index.php\/wp-json\/wp\/v2\/media\/13917"}],"wp:attachment":[{"href":"http:\/\/cordobadirecto.com\/index.php\/wp-json\/wp\/v2\/media?parent=13916"}],"wp:term":[{"taxonomy":"category","embeddable":true,"href":"http:\/\/cordobadirecto.com\/index.php\/wp-json\/wp\/v2\/categories?post=13916"},{"taxonomy":"post_tag","embeddable":true,"href":"http:\/\/cordobadirecto.com\/index.php\/wp-json\/wp\/v2\/tags?post=13916"}],"curies":[{"name":"wp","href":"https:\/\/api.w.org\/{rel}","templated":true}]}}