{"id":13918,"date":"2021-08-14T06:25:05","date_gmt":"2021-08-14T06:25:05","guid":{"rendered":"https:\/\/puntoapunto.com.ar\/?p=282392"},"modified":"2021-08-14T06:25:05","modified_gmt":"2021-08-14T06:25:05","slug":"reabre-hub-aereo-de-cordoba-contamos-con-las-condiciones-sanitarias","status":"publish","type":"post","link":"http:\/\/cordobadirecto.com\/index.php\/2021\/08\/14\/reabre-hub-aereo-de-cordoba-contamos-con-las-condiciones-sanitarias\/","title":{"rendered":"Reabre hub a\u00e9reo de C\u00f3rdoba: \u201cContamos con las condiciones sanitarias\u201d"},"content":{"rendered":"<p>El ministro de Industria, Comercio y Miner\u00eda, <strong>Eduardo Accastello<\/strong> afirm\u00f3 a trav\u00e9s de las redes sociales que el 6 de septiembre reabrir\u00e1 el Hub A\u00e9reo.&nbsp;\u201cC\u00f3rdoba cuenta con las condiciones sanitarias para poner a disposici\u00f3n lo que requiere el Ministerio de Salud y as\u00ed <strong><a href=\"https:\/\/puntoapunto.com.ar\/aeropuerto-recuperar-el-hub-cordoba-requiere-otras-politicas-que-las-de-este-gobierno\/\" target=\"_blank\" rel=\"noopener\">recuperar el Hub A\u00e9reo<\/a> y los vuelos internacionales<\/strong>\u201d, asegur\u00f3 el funcionario.<\/p>\n<p>De este modo, Accastello se refiri\u00f3 a la decisi\u00f3n del Gobierno nacional de ampliar el cupo de pasajeros. La aplicaci\u00f3n de esta medida est\u00e1 condicionada a la apertura de otros aeropuertos internacionales del pa\u00eds, que deber\u00e1n presentar el mismo protocolo que se aplica en el aeropuerto de Ezeiza y disponer la forma de aislamiento en caso que llegue un pasajero con Covid-19.<\/p>\n<p>El ministro agreg\u00f3 que \u201cvamos a impulsar todos los vuelos que nos conecten con el mundo. Nos interesa mucho Santiago de Chile, Panam\u00e1 y Estados Unidos, pa\u00eds <strong>fundamental para el <a href=\"https:\/\/puntoapunto.com.ar\/trabajan-para-la-reactivacion-del-hub-aereo-cordoba-sectores-exportadores-entre-los-beneficiados\/\" target=\"_blank\" rel=\"noopener\">comercio exterior de C\u00f3rdoba<\/a><\/strong>\u201d.<\/p>\n<blockquote class=\"twitter-tweet\" data-width=\"550\" data-dnt=\"true\" readability=\"12.423076923077\">\n<p lang=\"es\" dir=\"ltr\">Luego de gestiones que iniciamos hace 6 meses ante las autoridades nacionales, en conjunto con los sectores empresariales cordobeses, hoy, la Direcci\u00f3n Nacional de Migraciones confirm\u00f3 que a partir del 6\/09 se podr\u00e1n habilitar los vuelos por el Aeropuerto Internacional C\u00f3rdoba <a href=\"https:\/\/t.co\/njOqIlKTiP\">pic.twitter.com\/njOqIlKTiP<\/a><\/p>\n<p>\u2014 Eduardo Accastello (@accastelloedu) <a href=\"https:\/\/twitter.com\/accastelloedu\/status\/1425237018901204992?ref_src=twsrc%5Etfw\">August 10, 2021<\/a><\/p>\n<\/blockquote>\n<p>La decisi\u00f3n sobre d\u00f3nde har\u00e1n la cuarentena los pasajeros (en su casa o en un hotel) que lleguen al Aeropuerto Taravella la \u201cdeber\u00e1 definir el Ministerio de Salud de la Naci\u00f3n\u201d<strong>.&nbsp;<\/strong>Y&nbsp;agreg\u00f3:&nbsp;\u201c<strong>El <a href=\"https:\/\/puntoapunto.com.ar\/el-aeropuerto-cordoba-entre-los-mas-afectados-por-la-segunda-ola\/\" target=\"_blank\" rel=\"noopener\">Aeropuerto Internacional de C\u00f3rdoba<\/a> est\u00e1 tan preparado como Aeroparque, como CABA y como Ezeiza para cumplir con los protocolos\u201d.<\/strong><\/p>\n<p>\u201c<strong>Venimos pidiendo desde enero al Gobierno Nacional es que habilite el hub a\u00e9reo de C\u00f3rdoba<\/strong> y no que nos margine como ha sucedido con la ANAC en los \u00faltimos tiempos\u201d, reclam\u00f3.<\/p>\n<p>\u201cEn el d\u00eda de hoy elevamos una nota desde el Gobierno de C\u00f3rdoba y el G6 solicitando a la Naci\u00f3n que se cumpla esa fecha porque<strong> tenemos necesidad desde el punto de vista de la conectividad de nuestros cordobeses y cordobesas, de la recepci\u00f3n tur\u00edstica y del comercio exterior<\/strong>\u201d, dijo Acastello.<\/p>\n<div class=\"saboxplugin-wrap\" itemtype=\"http:\/\/schema.org\/Person\" itemscope itemprop=\"author\">\n<div class=\"saboxplugin-tab\">\n<div class=\"saboxplugin-gravatar\"><img alt src=\"http:\/\/cordobadirecto.com\/wp-content\/uploads\/2021\/08\/reabre-hub-aereo-de-cordoba-contamos-con-las-condiciones-sanitarias.jpg\" srcset=\"http:\/\/cordobadirecto.com\/wp-content\/uploads\/2021\/08\/reabre-hub-aereo-de-cordoba-contamos-con-las-condiciones-sanitarias-1.jpg 2x\" class=\"avatar avatar-100 photo\" height=\"100\" width=\"100\" itemprop=\"image\" loading=\"lazy\"><\/div>\n<div class=\"saboxplugin-desc\" readability=\"6.5\">\n<div itemprop=\"description\" readability=\"8\">\n<p>Este articulo fue escrito por la redacci\u00f3n de Punto a Punto. Seguinos en todas nuestras redes sociales<\/p>\n<\/div>\n<\/div>\n<\/div>\n<\/div>\n","protected":false},"excerpt":{"rendered":"<p>El ministro de Industria, Comercio y Miner\u00eda, Eduardo Accastello afirm\u00f3 a trav\u00e9s de las redes sociales que el 6 de septiembre reabrir\u00e1 el Hub A\u00e9reo.&nbsp;\u201cC\u00f3rdoba cuenta con las condiciones sanitarias para poner a disposici\u00f3n lo que requiere el Ministerio de Salud y as\u00ed recuperar el Hub A\u00e9reo y los vuelos internacionales\u201d, asegur\u00f3 el funcionario. De [&hellip;]<\/p>\n","protected":false},"author":1,"featured_media":13919,"comment_status":"closed","ping_status":"closed","sticky":false,"template":"","format":"standard","meta":[],"categories":[25],"tags":[],"_links":{"self":[{"href":"http:\/\/cordobadirecto.com\/index.php\/wp-json\/wp\/v2\/posts\/13918"}],"collection":[{"href":"http:\/\/cordobadirecto.com\/index.php\/wp-json\/wp\/v2\/posts"}],"about":[{"href":"http:\/\/cordobadirecto.com\/index.php\/wp-json\/wp\/v2\/types\/post"}],"author":[{"embeddable":true,"href":"http:\/\/cordobadirecto.com\/index.php\/wp-json\/wp\/v2\/users\/1"}],"replies":[{"embeddable":true,"href":"http:\/\/cordobadirecto.com\/index.php\/wp-json\/wp\/v2\/comments?post=13918"}],"version-history":[{"count":0,"href":"http:\/\/cordobadirecto.com\/index.php\/wp-json\/wp\/v2\/posts\/13918\/revisions"}],"wp:featuredmedia":[{"embeddable":true,"href":"http:\/\/cordobadirecto.com\/index.php\/wp-json\/wp\/v2\/media\/13919"}],"wp:attachment":[{"href":"http:\/\/cordobadirecto.com\/index.php\/wp-json\/wp\/v2\/media?parent=13918"}],"wp:term":[{"taxonomy":"category","embeddable":true,"href":"http:\/\/cordobadirecto.com\/index.php\/wp-json\/wp\/v2\/categories?post=13918"},{"taxonomy":"post_tag","embeddable":true,"href":"http:\/\/cordobadirecto.com\/index.php\/wp-json\/wp\/v2\/tags?post=13918"}],"curies":[{"name":"wp","href":"https:\/\/api.w.org\/{rel}","templated":true}]}}