{"id":13927,"date":"2021-08-14T11:39:00","date_gmt":"2021-08-14T11:39:00","guid":{"rendered":"http:\/\/cordobadirecto.com\/index.php\/2021\/08\/14\/el-juez-designado-para-investigar-el-magnicidio-renuncio-por-su-seguridad\/"},"modified":"2021-08-14T11:39:00","modified_gmt":"2021-08-14T11:39:00","slug":"el-juez-designado-para-investigar-el-magnicidio-renuncio-por-su-seguridad","status":"publish","type":"post","link":"http:\/\/cordobadirecto.com\/index.php\/2021\/08\/14\/el-juez-designado-para-investigar-el-magnicidio-renuncio-por-su-seguridad\/","title":{"rendered":"El juez designado para investigar el magnicidio renunci\u00f3 por su seguridad"},"content":{"rendered":"<div class=\"image\" id=\"image\" readability=\"7\"> <img src=\"http:\/\/cordobadirecto.com\/wp-content\/uploads\/2021\/08\/el-juez-designado-para-investigar-el-magnicidio-renuncio-por-su-seguridad.jpg\" alt=\"Hait\u00ed Jovenel fue asesinado el 7 de julio. Foto: AFP\" title=\"Hait\u00ed Jovenel fue asesinado el 7 de julio. Foto: AFP\"><\/p>\n<p>Hait\u00ed Jovenel fue asesinado el 7 de julio. Foto: AFP<\/p>\n<\/div>\n<p><strong>El juez Mathieu Chanlatte<\/strong>, designado esta semana para instruir la investigaci\u00f3n judicial del asesinato del presidente de Hait\u00ed Jovenel Moise, r<strong>enunci\u00f3 en las \u00faltimas horas al caso argumentando preocupaciones por su seguridad.<\/strong><\/p>\n<p>&#8220;Me desvinculo de este caso por razones personales y ordeno su devoluci\u00f3n al decano de este tribunal&#8221;, escribi\u00f3 el letrado en una carta dirigida al jefe del Tribunal de Primera Instancia de Puerto Pr\u00edncipe, Bernard Saint Vil.<\/p>\n<p>&#8220;<strong>Decid\u00ed tomar esta decisi\u00f3n porque todas las autoridades que deb\u00edan atender mis necesidades en materia de seguridad personal no respondieron favorablemente<\/strong> a mis peticiones despu\u00e9s de una semana&#8221;, a\u00f1adi\u00f3 el magistrado al diario The Miami Herald.<\/p>\n<blockquote readability=\"7\">\n<p>La Polic\u00eda mantiene detenidos por el caso a 44 personas, entre ellas 18 militares colombianos retirados acusados de ser los autores materiales del crimen<span class=\"comilla\">\u201d<\/span><\/p>\n<\/blockquote>\n<p>Horas antes de confirmarse su renuncia,<strong> la prensa local alert\u00f3 que Chanlatte no ten\u00eda asignado un guardia que garantizara su seguridad y la de sus familiares<\/strong>, despu\u00e9s de que varios de los jueces y empleados implicados en el caso tuvieron que esconderse tras recibir amenazas.<\/p>\n<p>El jueves pasado se conoci\u00f3 la muerte en circunstancias a\u00fan por determinar del secretario judicial que deb\u00eda asistir a Chanlatte en la investigaci\u00f3n, precis\u00f3 la agencia de noticias Sputnik.<\/p>\n<div class=\"image\" id=\"image\" readability=\"7\"> <img src=\"http:\/\/cordobadirecto.com\/wp-content\/uploads\/2021\/08\/el-juez-designado-para-investigar-el-magnicidio-renuncio-por-su-seguridad-1.jpg\" alt=\"El magnicidio ocurri\u00f3 el 7 de julio en su residencia privada. Foto: AFP\" title=\"El magnicidio ocurri\u00f3 el 7 de julio en su residencia privada. Foto: AFP\"><\/p>\n<p>El magnicidio ocurri\u00f3 el 7 de julio en su residencia privada. Foto: AFP<\/p>\n<\/div>\n<p><strong>La Asociaci\u00f3n de Registradores Haitianos calific\u00f3 el hecho de asesinato<\/strong>, y varias personalidades se\u00f1alaron que el fallecimiento constitu\u00eda una forma de intimidaci\u00f3n.<\/p>\n<p>A poco m\u00e1s de un mes del magnicidio ocurrido el 7 de julio en la residencia privada de Moise, la Polic\u00eda mantiene detenidos por el caso a 44 personas, entre ellas 18 militares colombianos retirados acusados de ser los autores materiales del crimen.<\/p>\n<p><strong>Tambi\u00e9n arrestaron a un presunto autor intelectual, un m\u00e9dico haitiano con residencia en Florida<\/strong>, Estados Unidos, llamado Emmanuel Sanon y quien supuestamente organiz\u00f3 la operaci\u00f3n para jurar como presidente.<\/p>\n<p>Sin embargo, todav\u00eda contin\u00faan muchas interrogantes sin respuesta, entre ellas por qu\u00e9 el comando armado no escap\u00f3 del pa\u00eds, cu\u00e1les eran los planes de Sanon para llegar al poder, y c\u00f3mo un grupo de extranjeros pudo llegar sin resistencia a la habitaci\u00f3n de uno de los hombres m\u00e1s custodiados de la naci\u00f3n.<\/p>\n<p><strong>La Polic\u00eda a\u00fan no liber\u00f3 las im\u00e1genes de la c\u00e1mara de vigilancia de la residencia presidencial<\/strong>, mientras el Gobierno solicit\u00f3 ayuda de Naciones Unidas y Caricom (el bloque que re\u00fane a los pa\u00edses del Caribe), y pone en duda que entre los arrestados se encuentran los verdaderos autores intelectuales. <\/p>\n","protected":false},"excerpt":{"rendered":"<p>Hait\u00ed Jovenel fue asesinado el 7 de julio. Foto: AFP El juez Mathieu Chanlatte, designado esta semana para instruir la investigaci\u00f3n judicial del asesinato del presidente de Hait\u00ed Jovenel Moise, renunci\u00f3 en las \u00faltimas horas al caso argumentando preocupaciones por su seguridad. &#8220;Me desvinculo de este caso por razones personales y ordeno su devoluci\u00f3n al [&hellip;]<\/p>\n","protected":false},"author":1,"featured_media":13928,"comment_status":"closed","ping_status":"closed","sticky":false,"template":"","format":"standard","meta":[],"categories":[24],"tags":[],"_links":{"self":[{"href":"http:\/\/cordobadirecto.com\/index.php\/wp-json\/wp\/v2\/posts\/13927"}],"collection":[{"href":"http:\/\/cordobadirecto.com\/index.php\/wp-json\/wp\/v2\/posts"}],"about":[{"href":"http:\/\/cordobadirecto.com\/index.php\/wp-json\/wp\/v2\/types\/post"}],"author":[{"embeddable":true,"href":"http:\/\/cordobadirecto.com\/index.php\/wp-json\/wp\/v2\/users\/1"}],"replies":[{"embeddable":true,"href":"http:\/\/cordobadirecto.com\/index.php\/wp-json\/wp\/v2\/comments?post=13927"}],"version-history":[{"count":0,"href":"http:\/\/cordobadirecto.com\/index.php\/wp-json\/wp\/v2\/posts\/13927\/revisions"}],"wp:featuredmedia":[{"embeddable":true,"href":"http:\/\/cordobadirecto.com\/index.php\/wp-json\/wp\/v2\/media\/13928"}],"wp:attachment":[{"href":"http:\/\/cordobadirecto.com\/index.php\/wp-json\/wp\/v2\/media?parent=13927"}],"wp:term":[{"taxonomy":"category","embeddable":true,"href":"http:\/\/cordobadirecto.com\/index.php\/wp-json\/wp\/v2\/categories?post=13927"},{"taxonomy":"post_tag","embeddable":true,"href":"http:\/\/cordobadirecto.com\/index.php\/wp-json\/wp\/v2\/tags?post=13927"}],"curies":[{"name":"wp","href":"https:\/\/api.w.org\/{rel}","templated":true}]}}