{"id":13931,"date":"2021-08-13T17:29:58","date_gmt":"2021-08-13T17:29:58","guid":{"rendered":"https:\/\/cordoba.gob.ar\/?p=12083"},"modified":"2021-08-13T17:29:58","modified_gmt":"2021-08-13T17:29:58","slug":"disponen-un-nuevo-centro-educativo-para-que-servidores-urbanos-finalicen-el-nivel-primario","status":"publish","type":"post","link":"http:\/\/cordobadirecto.com\/index.php\/2021\/08\/13\/disponen-un-nuevo-centro-educativo-para-que-servidores-urbanos-finalicen-el-nivel-primario\/","title":{"rendered":"Disponen un nuevo Centro Educativo para que servidores urbanos finalicen el nivel primario"},"content":{"rendered":"<div><img src=\"http:\/\/cordobadirecto.com\/wp-content\/uploads\/2021\/08\/disponen-un-nuevo-centro-educativo-para-que-servidores-urbanos-finalicen-el-nivel-primario.jpg\" class=\"ff-og-image-inserted\"><\/div>\n<ul>\n<li><strong>En el auditorio del CPC Ruta 20 se puso en funcionamiento el espacio formativo n\u00famero 27 de la Modalidad de J\u00f3venes y Adultos del sistema educativo municipal.<\/strong><\/li>\n<li><strong>En el lugar cursar\u00e1n 25 servidores urbanos que no finalizaron sus estudios.<\/strong><\/li>\n<\/ul>\n<hr>\n<p>La Municipalidad de C\u00f3rdoba inaugur\u00f3 un nuevo Centro Educativo de J\u00f3venes y Adultos (CEJA) en el edificio cultural del CPC Ruta 20, destinado a los servidores urbanos que, por diversos motivos, no han podido completar sus estudios primarios.<\/p>\n<p>A la fecha son 25 los servidores urbanos de CPC Ruta 20 que se suman a los m\u00e1s de 550 vecinos que actualmente cursan en la modalidad j\u00f3venes y adultos del sistema educativo municipal.<\/p>\n<p>Se trata de una iniciativa conjunta entre la Secretar\u00eda de Educaci\u00f3n y su par de Participaci\u00f3n Ciudadana. El acto estuvo presidido por el viceintendente, Daniel Passerini, quien asegur\u00f3: <em>\u201cme siento muy orgulloso de ver este gran paso que dan los adultos que deciden terminar sus estudios. Este Centro Educativo es una muestra m\u00e1s de que el camino que llevamos adelante, articulando el trabajo entre la Provincia y la Municipalidad apostando y fomentando la educaci\u00f3n, es el que debemos continuar\u201d.<\/em><\/p>\n<p>Particip\u00f3 del acto el Secretario de Educaci\u00f3n, Horario Ferreyra, quien afirm\u00f3: <em>\u201cestamos dando apertura a un nuevo servicio de j\u00f3venes y adultos, para que 25 servidores urbanos puedan terminar la educaci\u00f3n primaria. Este es un compromiso que asumi\u00f3 el intendente para hacer a C\u00f3rdoba la ciudad del conocimiento\u201d.<\/em><\/p>\n<p>Por su parte, el secretario de Participaci\u00f3n Ciudadana, Juan Domingo Viola, expres\u00f3: <em>\u201cen un tiempo en que las escuelas del mundo se tienen que reinventar, hacer esto habla del compromiso asumido. El saber es poder, y hoy ustedes van a poder hacer m\u00e1s. Y sepan algo, el conocimiento es una posta en la familia, el esfuerzo de ustedes va a ser una inspiraci\u00f3n\u201d.<\/em><\/p>\n<p>La coordinaci\u00f3n pedag\u00f3gica del nuevo CEJA depende de la Escuela Municipal Luz Vieyra M\u00e9ndez, cuyo equipo docente se encuentra a cargo de las actividades curriculares y las tutor\u00edas domiciliarias.<\/p>\n<p>Respecto a las clases presenciales, que se realizar\u00e1n en el espacio de cultura que ofrece el CPC, se basan en una planificaci\u00f3n seg\u00fan las necesidades educativas de sus alumnos y respetando protocolos sanitarios vigentes.<\/p>\n<p><em>\u201cEstoy agradecida porque nunca pude terminar el colegio, dej\u00e9 en segundo grado y no s\u00e9 leer ni escribir. Hoy nos dieron la oportunidad de estudiar. Le quiero ense\u00f1ar a mi nieto lo que no le pude ense\u00f1ar a mis hijos\u201d<\/em>, fueron las palabras de Viviana, servidora urbana de CPC Ruta 20.<\/p>\n<p>En sinton\u00eda, Luis Ignacio agradeci\u00f3 al municipio la oportunidad <em>\u201cpara aprender un poco m\u00e1s\u201d<\/em>.<\/p>\n<p>En esta oportunidad, la direcci\u00f3n del CPC Ruta 20 propuso destinar un espacio f\u00edsico y todos los elementos necesarios para el normal desempe\u00f1o de las actividades formativas, junto a la contribuci\u00f3n de material pedag\u00f3gico aportado por el Grupo de Comerciantes de la Ruta 20.<\/p>\n<p>En el acto de inauguraci\u00f3n estuvieron presentes los concejales Rossana P\u00e9rez, Diego Casado y Bernardo Knipscheer.<\/p>\n","protected":false},"excerpt":{"rendered":"<p>En el auditorio del CPC Ruta 20 se puso en funcionamiento el espacio formativo n\u00famero 27 de la Modalidad de J\u00f3venes y Adultos del sistema educativo municipal. En el lugar cursar\u00e1n 25 servidores urbanos que no finalizaron sus estudios. La Municipalidad de C\u00f3rdoba inaugur\u00f3 un nuevo Centro Educativo de J\u00f3venes y Adultos (CEJA) en el [&hellip;]<\/p>\n","protected":false},"author":1,"featured_media":13932,"comment_status":"closed","ping_status":"closed","sticky":false,"template":"","format":"standard","meta":[],"categories":[44],"tags":[],"_links":{"self":[{"href":"http:\/\/cordobadirecto.com\/index.php\/wp-json\/wp\/v2\/posts\/13931"}],"collection":[{"href":"http:\/\/cordobadirecto.com\/index.php\/wp-json\/wp\/v2\/posts"}],"about":[{"href":"http:\/\/cordobadirecto.com\/index.php\/wp-json\/wp\/v2\/types\/post"}],"author":[{"embeddable":true,"href":"http:\/\/cordobadirecto.com\/index.php\/wp-json\/wp\/v2\/users\/1"}],"replies":[{"embeddable":true,"href":"http:\/\/cordobadirecto.com\/index.php\/wp-json\/wp\/v2\/comments?post=13931"}],"version-history":[{"count":0,"href":"http:\/\/cordobadirecto.com\/index.php\/wp-json\/wp\/v2\/posts\/13931\/revisions"}],"wp:featuredmedia":[{"embeddable":true,"href":"http:\/\/cordobadirecto.com\/index.php\/wp-json\/wp\/v2\/media\/13932"}],"wp:attachment":[{"href":"http:\/\/cordobadirecto.com\/index.php\/wp-json\/wp\/v2\/media?parent=13931"}],"wp:term":[{"taxonomy":"category","embeddable":true,"href":"http:\/\/cordobadirecto.com\/index.php\/wp-json\/wp\/v2\/categories?post=13931"},{"taxonomy":"post_tag","embeddable":true,"href":"http:\/\/cordobadirecto.com\/index.php\/wp-json\/wp\/v2\/tags?post=13931"}],"curies":[{"name":"wp","href":"https:\/\/api.w.org\/{rel}","templated":true}]}}