{"id":139502,"date":"2023-10-15T22:36:43","date_gmt":"2023-10-15T22:36:43","guid":{"rendered":"http:\/\/cordobadirecto.com\/index.php\/2023\/10\/15\/messi-avanza-en-su-preparacion-de-cara-a-peru-y-su-presencia-se-definira-sobre-la-hora\/"},"modified":"2023-10-15T22:36:43","modified_gmt":"2023-10-15T22:36:43","slug":"messi-avanza-en-su-preparacion-de-cara-a-peru-y-su-presencia-se-definira-sobre-la-hora","status":"publish","type":"post","link":"http:\/\/cordobadirecto.com\/index.php\/2023\/10\/15\/messi-avanza-en-su-preparacion-de-cara-a-peru-y-su-presencia-se-definira-sobre-la-hora\/","title":{"rendered":"Messi avanza en su preparaci\u00f3n de cara a Per\u00fa y su presencia se definir\u00e1 sobre la hora"},"content":{"rendered":"<figure class=\"mb-3\"><img loading=\"lazy\" data-src=\"http:\/\/cordobadirecto.com\/wp-content\/uploads\/2023\/10\/messi-avanza-en-su-preparacion-de-cara-a-peru-y-su-presencia-se-definira-sobre-la-hora.jpg\" src=\"https:\/\/www.telam.com.ar\/assets\/img\/not_image.png\" class=\" lazy \" width=\"100%\" height=\"100%\" alt=\"Foto Alfredo Luna\"><figcaption> Foto: Alfredo Luna. <\/figcaption><\/figure>\n<p>El capit\u00e1n del seleccionado argentino, Lionel Messi, encabez\u00f3 este domingo una nueva sesi\u00f3n de trabajo en el predio de la AFA que lleva su nombre, enfocado en el siguiente partido por las Eliminatorias Sudamericanas del Mundial 2026, que se disputar\u00e1 este martes ante Per\u00fa, en Lima.<\/p>\n<p>El n\u00famero 10 de la &#8220;Albiceleste&#8221; avanz\u00f3 en la recuperaci\u00f3n f\u00edsica que busca luego de un mes de poca actividad futbol\u00edstica por resentirse de una vieja lesi\u00f3n muscular en el isquiotibial derecho.<\/p>\n<p>Junto al grupo de la Selecci\u00f3n, inici\u00f3 su tarea en el gimnasio y luego pas\u00f3 al campo de juego, donde se realizaron ejercicios con pelota, f\u00fatbol reducido y un trabajo t\u00e1ctico sin oposici\u00f3n.<\/p>\n<p>Messi particip\u00f3 en los \u00faltimos 38 minutos de la victoria sobre Paraguay (1-0) el pasado jueves en el Monumental, luego de iniciar el partido en el banco de suplentes, una medida que el DT Lionel Scaloni tom\u00f3 de forma consensuada con el jugador.<\/p>\n<p><strong>Las sensaciones del astro dentro de la cancha fueron satisfactorias, sin rastros de dolor, aunque se lo not\u00f3 a un ritmo prudente, con intenci\u00f3n de evitar un esfuerzo brusco que pudiera hacerlo retroceder en su puesta a punto.<\/strong><\/p>\n<p>El campe\u00f3n mundial en Qatar 2022 lleg\u00f3 al partido con Paraguay con apenas 37 minutos disputados ante Toronto y 35 frente a Cincinnati desde su anterior presentaci\u00f3n con Argentina, el 7 de septiembre en la victoria con Ecuador (1-0), decretada con un gol suyo de tiro libre.<\/p>\n<p>Esa noche en el Monumental, Messi sali\u00f3 a punto de cumplirse el tiempo reglamentario con una leve molestia, por la que se resolvi\u00f3 que no firmara planilla en el siguiente juego con Bolivia en La Paz.<\/p>\n<p>El dolor se agrav\u00f3 en el primer partido jugado con Inter Miami, el 21 de septiembre, y desde entonces se perdi\u00f3 los cuatro compromisos m\u00e1s inmediatos, entre ellos, la final de la US Open Cup, que su equipo perdi\u00f3 con Houston Dynamo.<\/p>\n<p>En su paulatino plan de rehabilitaci\u00f3n, el siete veces ganador del Bal\u00f3n de Oro volver\u00e1 a sumar minutos en el Estadio Nacional de Lima, pero resta saber si lo har\u00e1 como titular o nuevamente desde el banco de suplentes.<\/p>\n<p><strong>Esa decisi\u00f3n ser\u00e1 otra vez conversada entre el director t\u00e9cnico y el jugador durante la pr\u00e1ctica del lunes<\/strong>, que fue programada para las 10 con los 15 minutos iniciales abiertos para los medios.<\/p>\n<p>Al mediod\u00eda, Scaloni hablar\u00e1 en conferencia de prensa y comunicar\u00e1 las novedades antes de emprender el vuelo a Lima a las 16, con llegada prevista a las 20.<\/p>\n<p>Messi, de 36 a\u00f1os, visitar\u00e1 por cuarta vez la capital peruana, donde permanece invicto con dos empates y un triunfo en juegos de Eliminatorias Sudamericanas mundialistas.<\/p>\n<figure class=\"mb-3\"><img loading=\"lazy\" data-src=\"http:\/\/cordobadirecto.com\/wp-content\/uploads\/2023\/10\/messi-avanza-en-su-preparacion-de-cara-a-peru-y-su-presencia-se-definira-sobre-la-hora-1.jpg\" src=\"https:\/\/www.telam.com.ar\/assets\/img\/not_image.png\" class=\" lazy \" width=\"100%\" height=\"100%\" alt=\"Foto Osvaldo Fantn\"><figcaption> Foto: Osvaldo Fant\u00f3n. <\/figcaption><\/figure>\n<p>La primera excursi\u00f3n la hizo el 10 de septiembre de 2008 al Estadio Monumental de Lima (1-1), dirigido por Alfio Basile, camino a Sud\u00e1frica 2010; el 11 de septiembre de 2012 se present\u00f3 en el Estadio Nacional (1-1) durante el ciclo de Alejandro Sabella previo a Brasil 2014 y la \u00faltima vez, en ese mismo escenario, logr\u00f3 su \u00fanica victoria (2-0) ya en la gesti\u00f3n de Scaloni, el 17 de noviembre de 2020.<\/p>\n<p>Leo estuvo ausente por una lesi\u00f3n en el empate 2-2 registrado en el pa\u00eds incaico el 6 de octubre de 2016, cuando la Selecci\u00f3n disputaba su clasificaci\u00f3n a Rusia 2018 con el &#8220;Pat\u00f3n&#8221; Edgardo Bauza.<\/p>\n<p>Argentina goza de una marcada paternidad sobre el seleccionado peruano, con un balance de 34 victorias, 14 empates y s\u00f3lo cinco derrotas. La \u00faltima vez que Per\u00fa le gan\u00f3 a la &#8220;Albiceleste&#8221; fue en la Copa Am\u00e9rica Bolivia 1997 (2-1).<\/p>\n<p>Los campeones del mundo ganaron sus tres partidos en las Eliminatorias y ganan como l\u00edderes con puntaje ideal (9), mientras que el equipo de Juan Reynoso es su contracara: ocupa la pen\u00faltima posici\u00f3n con apenas un punto, sin haber podido anotar goles en lo que se lleva jugado de la competencia.<\/p>\n<p>El partido en el Estadio Nacional se jugar\u00e1 este martes desde las 23.00 de Argentina, con el arbitraje del venezolano Jes\u00fas Valenzuela y el colombiano Nicol\u00e1s Gallo en el VAR. <\/p>\n","protected":false},"excerpt":{"rendered":"<p>Foto: Alfredo Luna. El capit\u00e1n del seleccionado argentino, Lionel Messi, encabez\u00f3 este domingo una nueva sesi\u00f3n de trabajo en el predio de la AFA que lleva su nombre, enfocado en el siguiente partido por las Eliminatorias Sudamericanas del Mundial 2026, que se disputar\u00e1 este martes ante Per\u00fa, en Lima. El n\u00famero 10 de la &#8220;Albiceleste&#8221; [&hellip;]<\/p>\n","protected":false},"author":1,"featured_media":139503,"comment_status":"closed","ping_status":"closed","sticky":false,"template":"","format":"standard","meta":[],"categories":[21],"tags":[],"_links":{"self":[{"href":"http:\/\/cordobadirecto.com\/index.php\/wp-json\/wp\/v2\/posts\/139502"}],"collection":[{"href":"http:\/\/cordobadirecto.com\/index.php\/wp-json\/wp\/v2\/posts"}],"about":[{"href":"http:\/\/cordobadirecto.com\/index.php\/wp-json\/wp\/v2\/types\/post"}],"author":[{"embeddable":true,"href":"http:\/\/cordobadirecto.com\/index.php\/wp-json\/wp\/v2\/users\/1"}],"replies":[{"embeddable":true,"href":"http:\/\/cordobadirecto.com\/index.php\/wp-json\/wp\/v2\/comments?post=139502"}],"version-history":[{"count":0,"href":"http:\/\/cordobadirecto.com\/index.php\/wp-json\/wp\/v2\/posts\/139502\/revisions"}],"wp:featuredmedia":[{"embeddable":true,"href":"http:\/\/cordobadirecto.com\/index.php\/wp-json\/wp\/v2\/media\/139503"}],"wp:attachment":[{"href":"http:\/\/cordobadirecto.com\/index.php\/wp-json\/wp\/v2\/media?parent=139502"}],"wp:term":[{"taxonomy":"category","embeddable":true,"href":"http:\/\/cordobadirecto.com\/index.php\/wp-json\/wp\/v2\/categories?post=139502"},{"taxonomy":"post_tag","embeddable":true,"href":"http:\/\/cordobadirecto.com\/index.php\/wp-json\/wp\/v2\/tags?post=139502"}],"curies":[{"name":"wp","href":"https:\/\/api.w.org\/{rel}","templated":true}]}}