{"id":139504,"date":"2023-10-15T21:28:00","date_gmt":"2023-10-15T21:28:00","guid":{"rendered":"http:\/\/cordobadirecto.com\/index.php\/2023\/10\/15\/la-oposicion-proeuropea-gano-en-polonia-segun-las-encuestas-a-boca-de-urna\/"},"modified":"2023-10-15T21:28:00","modified_gmt":"2023-10-15T21:28:00","slug":"la-oposicion-proeuropea-gano-en-polonia-segun-las-encuestas-a-boca-de-urna","status":"publish","type":"post","link":"http:\/\/cordobadirecto.com\/index.php\/2023\/10\/15\/la-oposicion-proeuropea-gano-en-polonia-segun-las-encuestas-a-boca-de-urna\/","title":{"rendered":"La oposici\u00f3n proeuropea gan\u00f3 en Polonia, seg\u00fan las encuestas a boca de urna"},"content":{"rendered":"<figure class=\"mb-3\"><img loading=\"lazy\" data-src=\"http:\/\/cordobadirecto.com\/wp-content\/uploads\/2023\/10\/la-oposicion-proeuropea-gano-en-polonia-segun-las-encuestas-a-boca-de-urna.jpg\" src=\"https:\/\/www.telam.com.ar\/assets\/img\/not_image.png\" class=\" lazy \" width=\"100%\" height=\"100%\" alt=\"Los polacos renovaron su Parlamento Foto AFP\"><figcaption> Los polacos renovaron su Parlamento. Foto: AFP. <\/figcaption><\/figure>\n<p>La oposici\u00f3n centrista proeuropea de Polonia logr\u00f3 la mayor\u00eda absoluta en las elecciones legislativas de este domingo, derrotando al partido que manten\u00eda el poder, el nacionalista populista Ley y Justicia (PiS) y a una formaci\u00f3n de ultraderecha, seg\u00fan sondeos a boca de urna.<\/p>\n<p><strong>La Coalici\u00f3n C\u00edvica (KO) dirigida por el expresidente del Consejo Europeo Donald Tusk, junto a la cristiano-dem\u00f3crata Tercera V\u00eda y el partido Izquierda obtuvieron la mayor\u00eda de los esca\u00f1os del Parlamento y se impusieron al oficialista PiS <\/strong>y la ultraderechista Confederaci\u00f3n, seg\u00fan estimaciones al finalizar los comicios.<\/p>\n<p>Las encuestas anteriores a la elecci\u00f3n preve\u00edan que el PiS, que dirige el pa\u00eds desde hace ocho a\u00f1os, obtendr\u00eda el mayor n\u00famero de votos, pero que, sin embargo, no llegar\u00eda a sumar apoyos suficientes para gobernar en solitario y tampoco para formar una coalici\u00f3n de gobierno.<\/p>\n<p>El sondeo publicado por TVN24 y elaborado por Ipsos otorga al <strong>PiS 36,8% de votos y 200 de los 460 bancas del parlamento, seguido de la Coalici\u00f3n C\u00edvica (31,6% y 163 asientos).<\/strong><\/p>\n<p><strong>Por detr\u00e1s quedan Tercera V\u00eda (13% y 55 esca\u00f1os), Izquierda (8,6% y 30 sitios) y la Confederaci\u00f3n Libertad e Independencia (6,2% y doce bancas),<\/strong> seg\u00fan la agencia de noticias Europa Press.<\/p>\n<p><strong>&#8220;Polonia gan\u00f3, la democracia gan\u00f3, los expulsamos del poder (&#8230;), este es el final de este mal per\u00edodo, este es el final del reinado del PiS&#8221;, proclam\u00f3 Tusk<\/strong> tras conocerse esas proyecciones, recogi\u00f3 la agencia AFP.<\/p>\n<figure class=\"mb-3\"><img loading=\"lazy\" data-src=\"http:\/\/cordobadirecto.com\/wp-content\/uploads\/2023\/10\/la-oposicion-proeuropea-gano-en-polonia-segun-las-encuestas-a-boca-de-urna-1.jpg\" src=\"https:\/\/www.telam.com.ar\/assets\/img\/not_image.png\" class=\" lazy \" width=\"100%\" height=\"100%\" alt=\"Donald Tusk declar que la oposicin gan las elecciones Foto AFP\"><figcaption> Donald Tusk declar\u00f3 que la oposici\u00f3n gan\u00f3 las elecciones. Foto: AFP <\/figcaption><\/figure>\n<p>&#8220;S\u00e9 que nuestros sue\u00f1os eran a\u00fan m\u00e1s ambiciosos, llevo mucho tiempo en pol\u00edtica, soy un atleta, jam\u00e1s hab\u00eda estado tan feliz en toda mi vida&#8221;, a\u00f1adi\u00f3 Tusk.<\/p>\n<p>Paralelamente, <strong>el PiS reivindic\u00f3 ser la formaci\u00f3n m\u00e1s votada, con el primer ministro Mateusz Morawiecki celebrando en Twitter que &#8220;Ley y Justicia es el ganador de las elecciones parlamentarias de 2023&#8221;.<\/strong><\/p>\n<p>Sin embargo, el l\u00edder del partido, Jaroslaw Kaczynski, reconoci\u00f3 que &#8220;probablemente&#8221; no gobiernen.<\/p>\n<p>Kaczynski compareci\u00f3 ante los simpatizantes de la formaci\u00f3n y agradeci\u00f3 su apoyo.<\/p>\n<p>&#8220;Es nuestra cuarta victoria en unas elecciones parlamentarias y la tercera seguida. Es un gran \u00e9xito para nuestro partido y para nuestro proyecto para Polonia&#8221;, declar\u00f3.<\/p>\n<p>&#8220;La cuesti\u00f3n sigue siendo si este \u00e9xito se plasmar\u00e1 en un nuevo gobierno nuestro y no lo sabemos todav\u00eda, pero debemos tener esperanza y saber que estemos en el poder o en la oposici\u00f3n, defenderemos este proyecto por las v\u00edas que podamos. No permitiremos que se traicione a Polonia ni que Polonia pierda lo m\u00e1s valioso de nuestra naci\u00f3n, su independencia&#8221;, proclam\u00f3.<\/p>\n<p><strong>El resultado de las elecciones es crucial para el futuro de los lazos de Polonia con la Uni\u00f3n Europea (UE) y con la vecina Ucrania.<\/strong><\/p>\n<p>Se tem\u00eda que una victoria del PiS exacerbara las tensiones con Bruselas y con Kiev y fuera un rev\u00e9s para el estado de derecho, la libertad de prensa, los derechos de las mujeres y los migrantes.<\/p>\n<p><strong>Tusk, en su cierre de campa\u00f1a, hab\u00eda dicho que el PiS ten\u00eda \u201cplanes secretos\u201d para abandonar la UE y que estaba \u201cllevando al pa\u00eds en la direcci\u00f3n equivocada\u201d.<\/strong><\/p>\n<figure class=\"mb-3\"><img loading=\"lazy\" data-src=\"http:\/\/cordobadirecto.com\/wp-content\/uploads\/2023\/10\/la-oposicion-proeuropea-gano-en-polonia-segun-las-encuestas-a-boca-de-urna-2.jpg\" src=\"https:\/\/www.telam.com.ar\/assets\/img\/not_image.png\" class=\" lazy \" width=\"100%\" height=\"100%\" alt=\"Foto AFP\"><figcaption> Foto: AFP. <\/figcaption><\/figure>\n<p>&#8220;Este es el d\u00eda m\u00e1s importante en la historia de nuestra democracia desde 1989 (&#8230;) Votaremos para que <strong>Polonia permanezca en la UE. Polonia es el coraz\u00f3n de Europa&#8221;, insisti\u00f3 Tusk.<\/strong><\/p>\n<p>El PiS se hab\u00eda comprometido a continuar con sus controvertidas reformas del sistema judicial que asegura tienen como objetivo erradicar la corrupci\u00f3n, pero que la UE considera como un ataque contra la democracia.<\/p>\n<p><strong>Polonia es uno de los principales apoyos de Ucrania y ha acogido a un mill\u00f3n de refugiados ucranianos<\/strong> en su suelo desde que empez\u00f3 el conflicto con Rusia.<\/p>\n<p>Sin embargo, los polacos son cada vez m\u00e1s reacios a esta ayuda y el gobierno prohibi\u00f3 recientemente -en una medida unilateral- las importaciones de granos ucranianos, argumentando la necesidad de proteger a los agricultores polacos.<\/p>\n<p>Las elecciones involucraron a las dos c\u00e1maras del Parlamento, la Dieta y el Senado.<\/p>\n<p>En la elecci\u00f3n de este domingo, 29 millones de votantes estaban inscritos para elegir la composici\u00f3n del Parlamento.<\/p>\n<p>En forma simult\u00e1nea, el PiS convoc\u00f3 un referendo con preguntas sobre los inmigrantes y la econom\u00eda, que la oposici\u00f3n pidi\u00f3 boicotear.<\/p>\n<p><strong>La campa\u00f1a estuvo marcada por violentos ataques personales contra Tusk por parte del oficialismo, que lo acus\u00f3 de trabajar en el inter\u00e9s de Alemania, Rusia y la UE.<\/strong> <\/p>\n","protected":false},"excerpt":{"rendered":"<p>Los polacos renovaron su Parlamento. Foto: AFP. La oposici\u00f3n centrista proeuropea de Polonia logr\u00f3 la mayor\u00eda absoluta en las elecciones legislativas de este domingo, derrotando al partido que manten\u00eda el poder, el nacionalista populista Ley y Justicia (PiS) y a una formaci\u00f3n de ultraderecha, seg\u00fan sondeos a boca de urna. La Coalici\u00f3n C\u00edvica (KO) dirigida [&hellip;]<\/p>\n","protected":false},"author":1,"featured_media":139505,"comment_status":"closed","ping_status":"closed","sticky":false,"template":"","format":"standard","meta":[],"categories":[24],"tags":[],"_links":{"self":[{"href":"http:\/\/cordobadirecto.com\/index.php\/wp-json\/wp\/v2\/posts\/139504"}],"collection":[{"href":"http:\/\/cordobadirecto.com\/index.php\/wp-json\/wp\/v2\/posts"}],"about":[{"href":"http:\/\/cordobadirecto.com\/index.php\/wp-json\/wp\/v2\/types\/post"}],"author":[{"embeddable":true,"href":"http:\/\/cordobadirecto.com\/index.php\/wp-json\/wp\/v2\/users\/1"}],"replies":[{"embeddable":true,"href":"http:\/\/cordobadirecto.com\/index.php\/wp-json\/wp\/v2\/comments?post=139504"}],"version-history":[{"count":0,"href":"http:\/\/cordobadirecto.com\/index.php\/wp-json\/wp\/v2\/posts\/139504\/revisions"}],"wp:featuredmedia":[{"embeddable":true,"href":"http:\/\/cordobadirecto.com\/index.php\/wp-json\/wp\/v2\/media\/139505"}],"wp:attachment":[{"href":"http:\/\/cordobadirecto.com\/index.php\/wp-json\/wp\/v2\/media?parent=139504"}],"wp:term":[{"taxonomy":"category","embeddable":true,"href":"http:\/\/cordobadirecto.com\/index.php\/wp-json\/wp\/v2\/categories?post=139504"},{"taxonomy":"post_tag","embeddable":true,"href":"http:\/\/cordobadirecto.com\/index.php\/wp-json\/wp\/v2\/tags?post=139504"}],"curies":[{"name":"wp","href":"https:\/\/api.w.org\/{rel}","templated":true}]}}