{"id":139510,"date":"2023-10-16T02:21:54","date_gmt":"2023-10-16T02:21:54","guid":{"rendered":"http:\/\/cordobadirecto.com\/index.php\/2023\/10\/16\/baremboim-el-dolor-de-los-inocentes-de-ambos-lados-es-insoportable\/"},"modified":"2023-10-16T02:21:54","modified_gmt":"2023-10-16T02:21:54","slug":"baremboim-el-dolor-de-los-inocentes-de-ambos-lados-es-insoportable","status":"publish","type":"post","link":"http:\/\/cordobadirecto.com\/index.php\/2023\/10\/16\/baremboim-el-dolor-de-los-inocentes-de-ambos-lados-es-insoportable\/","title":{"rendered":"Baremboim: \u201cEl dolor de los inocentes de ambos lados es insoportable&#8221;"},"content":{"rendered":"<figure class=\"mb-3\"><img loading=\"lazy\" data-src=\"http:\/\/cordobadirecto.com\/wp-content\/uploads\/2023\/10\/baremboim-el-dolor-de-los-inocentes-de-ambos-lados-es-insoportable.jpg\" src=\"https:\/\/www.telam.com.ar\/assets\/img\/not_image.png\" class=\" lazy \" width=\"100%\" height=\"100%\" alt=\"Foto archivo AFP\"><figcaption> Foto archivo: AFP <\/figcaption><\/figure>\n<p>El director y pianista argentino-israel\u00ed Daniel Barenboim asegur\u00f3 que el mensaje de paz que \u00e9l y sus colaboradores intentan enviar junto a varias organizaciones desde hace d\u00e9cadas <strong>debe o\u00edrse ahora &#8220;con m\u00e1s fuerza que nunca&#8221; <\/strong>en medio de la guerra desatada por Hamas en Israel.<\/p>\n<p>Barenboim asever\u00f3 en un art\u00edculo que publicado este viernes por el diario alem\u00e1n S\u00fcddeutsche Zeitung en su edici\u00f3n digital, y tambi\u00e9n por el espa\u00f1ol El Pa\u00eds, que &#8220;tras la barbarie del terrorismo de Hamas y la guerra, puede sonar ingenuo pero no lo es: <strong>justo ahora tenemos todos que ver al ser humano en los otros&#8221;.<\/strong><\/p>\n<p>&#8220;\u00bfNos rendimos a la violencia y dejamos que mueran nuestros esfuerzos de paz o insistimos en que puede y tiene que haber paz?&#8221;, pregunt\u00f3 ret\u00f3ricamente el m\u00fasico y activista.<\/p>\n<blockquote class><p>&#8220;\u00bfNos rendimos a la violencia y dejamos que mueran nuestros esfuerzos de paz o insistimos en que puede y tiene que haber paz?&#8221;<cite class=\"author\">Daniel Barenboim<\/cite><\/p><\/blockquote>\n<p>En relaci\u00f3n con sus dos proyectos musicales para fomentar el di\u00e1logo entre \u00e1rabes e israel\u00edes (la orquesta llamada Divan Oriental-Occidental y la Academia Barenboim-Said en Berl\u00edn) dijo que <strong>casi todos sus m\u00fasicos y estudiantes est\u00e1n directamente afectados por el conflicto.<\/strong><\/p>\n<p>&#8220;Muchos de los m\u00fasicos viven en la regi\u00f3n, otros tienen contacto con sus lugares de origen. Eso se refuerza en la convicci\u00f3n de que <strong>solo puede haber una soluci\u00f3n a este conflicto con base en el humanismo, sin la fuerza de las armas y sin ocupaci\u00f3n&#8221;<\/strong>, sostuvo.<\/p>\n<p>Barenboim agreg\u00f3 en su misiva: &#8220;Nuestro mensaje de paz tiene que o\u00edrse m\u00e1s fuerte que nunca. Pero el gran peligro de que la voz de todos aquellos que desean la paz se pierda en medio del ruido de los extremistas y de la violencia&#8221;.<\/p>\n<p>&#8220;El humanitarismo es universal y el reconocimiento de esta verdad de ambos lados es el \u00fanico camino. <strong>El dolor de los inocentes de ambos lados es insoportable&#8221;, concluy\u00f3.<\/strong> <\/p>\n","protected":false},"excerpt":{"rendered":"<p>Foto archivo: AFP El director y pianista argentino-israel\u00ed Daniel Barenboim asegur\u00f3 que el mensaje de paz que \u00e9l y sus colaboradores intentan enviar junto a varias organizaciones desde hace d\u00e9cadas debe o\u00edrse ahora &#8220;con m\u00e1s fuerza que nunca&#8221; en medio de la guerra desatada por Hamas en Israel. Barenboim asever\u00f3 en un art\u00edculo que publicado [&hellip;]<\/p>\n","protected":false},"author":1,"featured_media":139511,"comment_status":"closed","ping_status":"closed","sticky":false,"template":"","format":"standard","meta":[],"categories":[20],"tags":[],"_links":{"self":[{"href":"http:\/\/cordobadirecto.com\/index.php\/wp-json\/wp\/v2\/posts\/139510"}],"collection":[{"href":"http:\/\/cordobadirecto.com\/index.php\/wp-json\/wp\/v2\/posts"}],"about":[{"href":"http:\/\/cordobadirecto.com\/index.php\/wp-json\/wp\/v2\/types\/post"}],"author":[{"embeddable":true,"href":"http:\/\/cordobadirecto.com\/index.php\/wp-json\/wp\/v2\/users\/1"}],"replies":[{"embeddable":true,"href":"http:\/\/cordobadirecto.com\/index.php\/wp-json\/wp\/v2\/comments?post=139510"}],"version-history":[{"count":0,"href":"http:\/\/cordobadirecto.com\/index.php\/wp-json\/wp\/v2\/posts\/139510\/revisions"}],"wp:featuredmedia":[{"embeddable":true,"href":"http:\/\/cordobadirecto.com\/index.php\/wp-json\/wp\/v2\/media\/139511"}],"wp:attachment":[{"href":"http:\/\/cordobadirecto.com\/index.php\/wp-json\/wp\/v2\/media?parent=139510"}],"wp:term":[{"taxonomy":"category","embeddable":true,"href":"http:\/\/cordobadirecto.com\/index.php\/wp-json\/wp\/v2\/categories?post=139510"},{"taxonomy":"post_tag","embeddable":true,"href":"http:\/\/cordobadirecto.com\/index.php\/wp-json\/wp\/v2\/tags?post=139510"}],"curies":[{"name":"wp","href":"https:\/\/api.w.org\/{rel}","templated":true}]}}