{"id":139567,"date":"2023-10-16T15:21:25","date_gmt":"2023-10-16T15:21:25","guid":{"rendered":"https:\/\/cordoba.gob.ar\/?p=52226"},"modified":"2023-10-16T15:21:25","modified_gmt":"2023-10-16T15:21:25","slug":"la-feria-del-libro-cordoba-rescata-la-memoria-de-las-mujeres-que-participaron-en-el-cordobazo","status":"publish","type":"post","link":"http:\/\/cordobadirecto.com\/index.php\/2023\/10\/16\/la-feria-del-libro-cordoba-rescata-la-memoria-de-las-mujeres-que-participaron-en-el-cordobazo\/","title":{"rendered":"La Feria del Libro C\u00f3rdoba rescata la memoria de las mujeres que participaron en el Cordobazo"},"content":{"rendered":"<div><img src=\"http:\/\/cordobadirecto.com\/wp-content\/uploads\/2023\/10\/la-feria-del-libro-cordoba-rescata-la-memoria-de-las-mujeres-que-participaron-en-el-cordobazo.jpg\" class=\"ff-og-image-inserted\"><\/div>\n<ul>\n<li><strong>Se realizar\u00e1 un conversatorio encabezado por la historiadora y docente Florencia \u201cPupina\u201d Plomer a las 17.30 hs.<\/strong><\/li>\n<li><strong>Tendr\u00e1 lugar en el Museo Metropolitano de Arte Urbano, en el subsuelo de la Plaza Espa\u00f1a.<\/strong><\/li>\n<\/ul>\n<hr>\n<p>En la \u00faltima jornada de la Feria del Libro C\u00f3rdoba 2023, se llevar\u00e1 a acabo una charla acerca del libro \u201cA 40 a\u00f1os de la democracia: las mujeres invisibilizadas del Cordobazo y su reemergencia\u201d.<\/p>\n<p>Tradicionalmente se dijo que en el Cordobazo no hubo participaci\u00f3n femenina, pero en los \u00faltimos a\u00f1os trabajos como el de Bibiana Fulchieri, autora del libro \u201cEl Cordobazo de las Mujeres\u201d, dieron luz al aporte de mujeres en este proceso.<\/p>\n<p>El debate se centrar\u00e1 en las pioneras de las luchas y resistencias de los a\u00f1os 70, que siguieron militando diferentes causas en contextos patriarcales.<\/p>\n<p>Participar\u00e1n Florencia \u00abPupina\u00bb Plomer, Bibiana Fulchieri y Soledad Garc\u00eda Quiroga.<\/p>\n<p>La actividad se desarrollar\u00e1 en el horario de las 17.30 hs, en el Museo Metropolitano de Arte Urbano ubicado en el subsuelo de Plaza Espa\u00f1a.<\/p>\n<p>Para m\u00e1s informaci\u00f3n sobre las actividades de la FLC, ingresar a este <a href=\"http:\/\/feriadellibro.cordoba.gob.ar\">link<\/a>.<\/p>\n","protected":false},"excerpt":{"rendered":"<p>Se realizar\u00e1 un conversatorio encabezado por la historiadora y docente Florencia \u201cPupina\u201d Plomer a las 17.30 hs. Tendr\u00e1 lugar en el Museo Metropolitano de Arte Urbano, en el subsuelo de la Plaza Espa\u00f1a. En la \u00faltima jornada de la Feria del Libro C\u00f3rdoba 2023, se llevar\u00e1 a acabo una charla acerca del libro \u201cA 40 [&hellip;]<\/p>\n","protected":false},"author":1,"featured_media":139568,"comment_status":"closed","ping_status":"closed","sticky":false,"template":"","format":"standard","meta":[],"categories":[44],"tags":[],"_links":{"self":[{"href":"http:\/\/cordobadirecto.com\/index.php\/wp-json\/wp\/v2\/posts\/139567"}],"collection":[{"href":"http:\/\/cordobadirecto.com\/index.php\/wp-json\/wp\/v2\/posts"}],"about":[{"href":"http:\/\/cordobadirecto.com\/index.php\/wp-json\/wp\/v2\/types\/post"}],"author":[{"embeddable":true,"href":"http:\/\/cordobadirecto.com\/index.php\/wp-json\/wp\/v2\/users\/1"}],"replies":[{"embeddable":true,"href":"http:\/\/cordobadirecto.com\/index.php\/wp-json\/wp\/v2\/comments?post=139567"}],"version-history":[{"count":0,"href":"http:\/\/cordobadirecto.com\/index.php\/wp-json\/wp\/v2\/posts\/139567\/revisions"}],"wp:featuredmedia":[{"embeddable":true,"href":"http:\/\/cordobadirecto.com\/index.php\/wp-json\/wp\/v2\/media\/139568"}],"wp:attachment":[{"href":"http:\/\/cordobadirecto.com\/index.php\/wp-json\/wp\/v2\/media?parent=139567"}],"wp:term":[{"taxonomy":"category","embeddable":true,"href":"http:\/\/cordobadirecto.com\/index.php\/wp-json\/wp\/v2\/categories?post=139567"},{"taxonomy":"post_tag","embeddable":true,"href":"http:\/\/cordobadirecto.com\/index.php\/wp-json\/wp\/v2\/tags?post=139567"}],"curies":[{"name":"wp","href":"https:\/\/api.w.org\/{rel}","templated":true}]}}