{"id":139569,"date":"2023-10-16T15:04:29","date_gmt":"2023-10-16T15:04:29","guid":{"rendered":"https:\/\/cordoba.gob.ar\/?p=52223"},"modified":"2023-10-16T15:04:29","modified_gmt":"2023-10-16T15:04:29","slug":"como-sera-la-ultima-jornada-de-la-feria-del-libro-cordoba","status":"publish","type":"post","link":"http:\/\/cordobadirecto.com\/index.php\/2023\/10\/16\/como-sera-la-ultima-jornada-de-la-feria-del-libro-cordoba\/","title":{"rendered":"C\u00f3mo ser\u00e1 la \u00faltima jornada de la Feria del Libro C\u00f3rdoba"},"content":{"rendered":"<div><img src=\"http:\/\/cordobadirecto.com\/wp-content\/uploads\/2023\/10\/como-sera-la-ultima-jornada-de-la-feria-del-libro-cordoba.jpg\" class=\"ff-og-image-inserted\"><\/div>\n<ul>\n<li><strong>El evento literario-cultural m\u00e1s importante de la ciudad llega a su fin luego de presentar m\u00e1s de 500 actividades.<\/strong><\/li>\n<li><strong>La grilla de hoy tendr\u00e1 un conversatorio sobre el Cordobazo y un cierre con danzas armenias como puntos fuertes.<\/strong><\/li>\n<li><strong>La programaci\u00f3n completa se puede ver en el siguiente <a href=\"https:\/\/feriadellibro.cordoba.gob.ar\/programacion\/\">link. <\/a><\/strong><\/li>\n<\/ul>\n<hr>\n<p>La 37\u00b0 edici\u00f3n de la Feria del Libro C\u00f3rdoba llega a su fin con una agenda que tendr\u00e1 numerosas propuestas interesantes para participar de manera libre y gratuita.<\/p>\n<p>Una de las participaciones m\u00e1s destacadas ser\u00e1 la de la historiadora Florencia \u201cPupina\u201d Plomer, que llega con su segundo conversatorio dentro de la FLC2023: \u201cA 40 a\u00f1os de la democracia: las mujeres invisibilizadas del Cordobazo y su reemergencia\u201d.<\/p>\n<p>Tendr\u00e1 lugar en el Museo Metropolitano de Arte Urbano, el flamante espacio art\u00edstico en el subsuelo de la renovada Plaza Espa\u00f1a, a partir de las 17:30 y tambi\u00e9n contar\u00e1 con la presencia de la escritora Bibiana Fulchieri y la docente Soledad Garc\u00eda Quiroga.<\/p>\n<p>Seguidamente, desde las 18 horas, y en el mismo lugar, se presentar\u00e1 Gagik Gasparyan y el Conjunto de Danzas Armenias Ararat, un espect\u00e1ctulo presentado por el derecho a la vida y la no discriminaci\u00f3n.<\/p>\n<p>Ser\u00e1 una propuesta art\u00edstica que honra la historia armenia un homenaje a quienes sobrevivieron al Genocidio del Turco en 1915 y tambi\u00e9n a los hermanos que hoy est\u00e1n siendo v\u00edctimas del Estado Azeri.<\/p>\n<p>La grilla tambi\u00e9n incluye talleres, conversatorios, presentaciones de libros y poes\u00eda, y se puede consultar en la <a href=\"https:\/\/feriadellibro.cordoba.gob.ar\/programacion\/\">web<\/a>.<\/p>\n","protected":false},"excerpt":{"rendered":"<p>El evento literario-cultural m\u00e1s importante de la ciudad llega a su fin luego de presentar m\u00e1s de 500 actividades. La grilla de hoy tendr\u00e1 un conversatorio sobre el Cordobazo y un cierre con danzas armenias como puntos fuertes. La programaci\u00f3n completa se puede ver en el siguiente link. La 37\u00b0 edici\u00f3n de la Feria del [&hellip;]<\/p>\n","protected":false},"author":1,"featured_media":139570,"comment_status":"closed","ping_status":"closed","sticky":false,"template":"","format":"standard","meta":[],"categories":[44],"tags":[],"_links":{"self":[{"href":"http:\/\/cordobadirecto.com\/index.php\/wp-json\/wp\/v2\/posts\/139569"}],"collection":[{"href":"http:\/\/cordobadirecto.com\/index.php\/wp-json\/wp\/v2\/posts"}],"about":[{"href":"http:\/\/cordobadirecto.com\/index.php\/wp-json\/wp\/v2\/types\/post"}],"author":[{"embeddable":true,"href":"http:\/\/cordobadirecto.com\/index.php\/wp-json\/wp\/v2\/users\/1"}],"replies":[{"embeddable":true,"href":"http:\/\/cordobadirecto.com\/index.php\/wp-json\/wp\/v2\/comments?post=139569"}],"version-history":[{"count":0,"href":"http:\/\/cordobadirecto.com\/index.php\/wp-json\/wp\/v2\/posts\/139569\/revisions"}],"wp:featuredmedia":[{"embeddable":true,"href":"http:\/\/cordobadirecto.com\/index.php\/wp-json\/wp\/v2\/media\/139570"}],"wp:attachment":[{"href":"http:\/\/cordobadirecto.com\/index.php\/wp-json\/wp\/v2\/media?parent=139569"}],"wp:term":[{"taxonomy":"category","embeddable":true,"href":"http:\/\/cordobadirecto.com\/index.php\/wp-json\/wp\/v2\/categories?post=139569"},{"taxonomy":"post_tag","embeddable":true,"href":"http:\/\/cordobadirecto.com\/index.php\/wp-json\/wp\/v2\/tags?post=139569"}],"curies":[{"name":"wp","href":"https:\/\/api.w.org\/{rel}","templated":true}]}}