{"id":139651,"date":"2023-10-16T22:38:18","date_gmt":"2023-10-16T22:38:18","guid":{"rendered":"http:\/\/cordobadirecto.com\/index.php\/2023\/10\/16\/belgrano-defiende-la-punta-de-la-zona-b-ante-defensa-y-justicia-en-florencio-varela\/"},"modified":"2023-10-16T22:38:18","modified_gmt":"2023-10-16T22:38:18","slug":"belgrano-defiende-la-punta-de-la-zona-b-ante-defensa-y-justicia-en-florencio-varela","status":"publish","type":"post","link":"http:\/\/cordobadirecto.com\/index.php\/2023\/10\/16\/belgrano-defiende-la-punta-de-la-zona-b-ante-defensa-y-justicia-en-florencio-varela\/","title":{"rendered":"Belgrano defiende la punta de la Zona B ante Defensa y Justicia en Florencio Varela"},"content":{"rendered":"<figure class=\"mb-3\"><img loading=\"lazy\" data-src=\"http:\/\/cordobadirecto.com\/wp-content\/uploads\/2023\/10\/belgrano-defiende-la-punta-de-la-zona-b-ante-defensa-y-justicia-en-florencio-varela.jpg\" src=\"https:\/\/www.telam.com.ar\/assets\/img\/not_image.png\" class=\" lazy \" width=\"100%\" height=\"100%\" alt=\"Los cordobeses y los de Varela en un duelo de buen ftbol \"><figcaption> Los cordobeses y los de Varela, en un duelo de buen f\u00fatbol. <\/figcaption><\/figure>\n<p>Belgrano, l\u00edder de la Zona B de la Copa de la Liga Profesional de F\u00fatbol (LPF), visita esta noche en Florencio Varela a Defensa y Justicia, uno de sus perseguidores a dos puntos, en el arranque de la novena fecha.<\/p>\n<p>El partido comienza a las 20.00 en el estadio Norberto &#8220;Tito&#8221; Tomaghello, con Fernando Rapallini como \u00e1rbitro y la televisaci\u00f3n de ESPN Premium.<\/p>\n<p>Belgrano trep\u00f3 a la cima de la zona B con 14 puntos luego del gran triunfo sobre Boca Juniors por 4-3 en el Gigante de Alberdi, el martes pasado, sobre el cierre de la octava jornada.<\/p>\n<p>El &#8220;Halc\u00f3n&#8221;, por su parte, est\u00e1 tercero con 12 unidades y en su \u00faltima presentaci\u00f3n por el torneo local derrot\u00f3 a Lan\u00fas por 2-0 en la casa del &#8220;Granate&#8221;.<\/p>\n<p>Adem\u00e1s, el pasado mi\u00e9rcoles el equipo de Julio Vaccari se clasific\u00f3 por primera vez a la semifinal de la Copa Argentina tras superar a Chaco For Ever por penales, luego de igualar 1-1 en Santa Fe.<\/p>\n<p>El duelo en Florencio Varela tambi\u00e9n tendr\u00e1 incidencia en la tabla anual ya que Defensa est\u00e1 en zona de clasificaci\u00f3n a la Copa Libertadores con 56 puntos y Belgrano se ubica en el \u00faltimo puesto de acceso a la Copa Sudamericana con 50.<\/p>\n<p>Defensa y Justicia recibir\u00e1 a Belgrano por cuarta vez seguida e intentar\u00e1 seguir con su buena racha ante los cordobeses que en esos encuentros se fueron del sur bonaerense con dos empates y una derrota.<\/p>\n<p>El &#8220;Pirata&#8221; cordob\u00e9s nunca gan\u00f3 en el &#8220;Tito&#8221; Tomaghello en Primera Divisi\u00f3n y su \u00faltimo triunfo fue en 2011, en el marco del viejo torneo Nacional B.<\/p>\n<h2 class>Posibles formaciones<\/h2>\n<p><strong>Defensa y Justicia:<\/strong> Enrique Bologna; Nicol\u00e1s Tripichio, Santiago Ramos Mingo, Tom\u00e1s Cardona y Dar\u00edo C\u00e1ceres; David Barbona, Juli\u00e1n L\u00f3pez y Alexis Soto; Santiago Solari, Lucas Pratto y Gast\u00f3n Togni. DT: Julio Vaccari.<\/p>\n<p><strong>Belgrano: <\/strong>Nahuel Losada; Juan Barinaga, Alejandro R\u00e9bola, Erik Godoy y Alex Ibacache; Ulises S\u00e1nchez, Santiago Longo, Esteban Rol\u00f3n y Facundo Lencioni; Mat\u00edas Mar\u00edn; Lucas Passerini. DT:Gullermo Farr\u00e9<\/p>\n<p><strong>\u00c1rbitro:<\/strong> Fernando Rapallini<\/p>\n<p><strong>VAR: <\/strong>Ariel Penel<\/p>\n<p><strong>Cancha:<\/strong> Defensa y Justicia<\/p>\n<p><strong>Hora de inicio: <\/strong>20.00<\/p>\n<p><strong>TV:<\/strong> ESPN Premium.<\/p>\n","protected":false},"excerpt":{"rendered":"<p>Los cordobeses y los de Varela, en un duelo de buen f\u00fatbol. Belgrano, l\u00edder de la Zona B de la Copa de la Liga Profesional de F\u00fatbol (LPF), visita esta noche en Florencio Varela a Defensa y Justicia, uno de sus perseguidores a dos puntos, en el arranque de la novena fecha. El partido comienza [&hellip;]<\/p>\n","protected":false},"author":1,"featured_media":139652,"comment_status":"closed","ping_status":"closed","sticky":false,"template":"","format":"standard","meta":[],"categories":[21],"tags":[],"_links":{"self":[{"href":"http:\/\/cordobadirecto.com\/index.php\/wp-json\/wp\/v2\/posts\/139651"}],"collection":[{"href":"http:\/\/cordobadirecto.com\/index.php\/wp-json\/wp\/v2\/posts"}],"about":[{"href":"http:\/\/cordobadirecto.com\/index.php\/wp-json\/wp\/v2\/types\/post"}],"author":[{"embeddable":true,"href":"http:\/\/cordobadirecto.com\/index.php\/wp-json\/wp\/v2\/users\/1"}],"replies":[{"embeddable":true,"href":"http:\/\/cordobadirecto.com\/index.php\/wp-json\/wp\/v2\/comments?post=139651"}],"version-history":[{"count":0,"href":"http:\/\/cordobadirecto.com\/index.php\/wp-json\/wp\/v2\/posts\/139651\/revisions"}],"wp:featuredmedia":[{"embeddable":true,"href":"http:\/\/cordobadirecto.com\/index.php\/wp-json\/wp\/v2\/media\/139652"}],"wp:attachment":[{"href":"http:\/\/cordobadirecto.com\/index.php\/wp-json\/wp\/v2\/media?parent=139651"}],"wp:term":[{"taxonomy":"category","embeddable":true,"href":"http:\/\/cordobadirecto.com\/index.php\/wp-json\/wp\/v2\/categories?post=139651"},{"taxonomy":"post_tag","embeddable":true,"href":"http:\/\/cordobadirecto.com\/index.php\/wp-json\/wp\/v2\/tags?post=139651"}],"curies":[{"name":"wp","href":"https:\/\/api.w.org\/{rel}","templated":true}]}}