{"id":139655,"date":"2023-10-17T02:33:30","date_gmt":"2023-10-17T02:33:30","guid":{"rendered":"http:\/\/cordobadirecto.com\/index.php\/2023\/10\/17\/a-los-67-anos-murio-la-productora-y-conductora-patricia-lage\/"},"modified":"2023-10-17T02:33:30","modified_gmt":"2023-10-17T02:33:30","slug":"a-los-67-anos-murio-la-productora-y-conductora-patricia-lage","status":"publish","type":"post","link":"http:\/\/cordobadirecto.com\/index.php\/2023\/10\/17\/a-los-67-anos-murio-la-productora-y-conductora-patricia-lage\/","title":{"rendered":"A los 67 a\u00f1os, muri\u00f3 la productora y conductora Patricia Lage"},"content":{"rendered":"<figure class=\"mb-3\"><img loading=\"lazy\" data-src=\"http:\/\/cordobadirecto.com\/wp-content\/uploads\/2023\/10\/a-los-67-anos-murio-la-productora-y-conductora-patricia-lage.jpg\" src=\"https:\/\/www.telam.com.ar\/assets\/img\/not_image.png\" class=\" lazy \" width=\"100%\" height=\"100%\" alt=\"Lage comenz muy joven como modelo Foto FB\"><figcaption> Lage comenz\u00f3 muy joven como modelo. (Foto FB) <\/figcaption><\/figure>\n<p>La productora, conductora y exmodelo Patricia Lage falleci\u00f3 a los 67 a\u00f1os, dejando atr\u00e1s una carrera que tuvo sus \u00e9xitos en los 80 y que sirvi\u00f3 como plataforma para el arribo de &#8220;El Show de Xuxa&#8221; al pa\u00eds.<\/p>\n<p>\u201cVuela alto. El cielo tendr\u00e1 a la m\u00e1s linda Miss Argentina, modelo, conductora y pionera en la televisi\u00f3n\u201d, escribi\u00f3 en X (exTwitter) la relacionista p\u00fablica Susana Milano, sobre el deceso de Lage, ocurrido el domingo.<\/p>\n<p>Como <strong>Miss Joven Argentina, Lage particip\u00f3 del certamen Miss Universo en 1973 <\/strong>en Jap\u00f3n, para luego iniciar una carrera en el modelaje que la llev\u00f3 a viajar por el mundo y ser una de las caras m\u00e1s emblem\u00e1ticas de las revistas nacionales del momento.<\/p>\n<p>Ya en los 80, Lage se inici\u00f3 como productora y conductora de emisiones como &#8220;La casa de Patricia&#8221;, tras lo cual salt\u00f3 a la fama total desde ATC con &#8220;El Clan de Patsy&#8221;, formato copiado al de Xuxa, con el permiso t\u00e1cito de la diva brasile\u00f1a para explotarlo en Argentina. A\u00f1os m\u00e1s tarde, &#8220;La Reina de los bajitos&#8221; aprovech\u00f3 la puerta abierta por Lage para arribar con su exitoso programa a la televisi\u00f3n local.<\/p>\n<p>En cable, estuvo al frente en programas como<strong> &#8220;Creciendo con mam\u00e1&#8221;, &#8220;Magazine Mujer&#8221; y &#8220;Mujeres de recursos&#8221;,<\/strong> en el que entrevistaba a mujeres exitosas y renombradas en diferentes \u00e1mbitos que iban desde el deporte y el espect\u00e1culo hasta el empresarial y la Justicia.<\/p>\n","protected":false},"excerpt":{"rendered":"<p>Lage comenz\u00f3 muy joven como modelo. (Foto FB) La productora, conductora y exmodelo Patricia Lage falleci\u00f3 a los 67 a\u00f1os, dejando atr\u00e1s una carrera que tuvo sus \u00e9xitos en los 80 y que sirvi\u00f3 como plataforma para el arribo de &#8220;El Show de Xuxa&#8221; al pa\u00eds. \u201cVuela alto. El cielo tendr\u00e1 a la m\u00e1s linda [&hellip;]<\/p>\n","protected":false},"author":1,"featured_media":139656,"comment_status":"closed","ping_status":"closed","sticky":false,"template":"","format":"standard","meta":[],"categories":[20],"tags":[],"_links":{"self":[{"href":"http:\/\/cordobadirecto.com\/index.php\/wp-json\/wp\/v2\/posts\/139655"}],"collection":[{"href":"http:\/\/cordobadirecto.com\/index.php\/wp-json\/wp\/v2\/posts"}],"about":[{"href":"http:\/\/cordobadirecto.com\/index.php\/wp-json\/wp\/v2\/types\/post"}],"author":[{"embeddable":true,"href":"http:\/\/cordobadirecto.com\/index.php\/wp-json\/wp\/v2\/users\/1"}],"replies":[{"embeddable":true,"href":"http:\/\/cordobadirecto.com\/index.php\/wp-json\/wp\/v2\/comments?post=139655"}],"version-history":[{"count":0,"href":"http:\/\/cordobadirecto.com\/index.php\/wp-json\/wp\/v2\/posts\/139655\/revisions"}],"wp:featuredmedia":[{"embeddable":true,"href":"http:\/\/cordobadirecto.com\/index.php\/wp-json\/wp\/v2\/media\/139656"}],"wp:attachment":[{"href":"http:\/\/cordobadirecto.com\/index.php\/wp-json\/wp\/v2\/media?parent=139655"}],"wp:term":[{"taxonomy":"category","embeddable":true,"href":"http:\/\/cordobadirecto.com\/index.php\/wp-json\/wp\/v2\/categories?post=139655"},{"taxonomy":"post_tag","embeddable":true,"href":"http:\/\/cordobadirecto.com\/index.php\/wp-json\/wp\/v2\/tags?post=139655"}],"curies":[{"name":"wp","href":"https:\/\/api.w.org\/{rel}","templated":true}]}}