{"id":13966,"date":"2021-08-14T10:05:00","date_gmt":"2021-08-14T10:05:00","guid":{"rendered":"https:\/\/lmdiario.com.ar\/contenido\/302509\/a-los-62-anos-murio-pil-chalar-pionero-y-figura-central-del-punk-en-la-argentina"},"modified":"2021-08-14T10:05:00","modified_gmt":"2021-08-14T10:05:00","slug":"murio-pil-chalar-pionero-y-figura-central-del-punk-en-la-argentina","status":"publish","type":"post","link":"http:\/\/cordobadirecto.com\/index.php\/2021\/08\/14\/murio-pil-chalar-pionero-y-figura-central-del-punk-en-la-argentina\/","title":{"rendered":"Muri\u00f3 Pil Chalar, pionero y figura central del punk en la Argentina"},"content":{"rendered":"<p><strong>&nbsp;Pil Chalar, el m\u00fasico que bajo el seud\u00f3nimo de &#8220;Pil Trafa&#8221; fue pionero y figura central del punk en la Argentina desde los tempranos a\u00f1os `80, a partir de su labor como cantante, compositor y l\u00edder de la seminal banda Los Violadores, muri\u00f3 a los 62 a\u00f1os a ra\u00edz de un paro card\u00edaco en Lima, Per\u00fa,<\/strong> en donde resid\u00eda desde hac\u00eda varios a\u00f1os.<\/p>\n<p>As\u00ed se inform\u00f3 oficialmente desde las redes oficiales de Pilsen, grupo que lideraba desde los primeros a\u00f1os de los `90, en medio de distintos problemas internos que afectaban a Los Violadores, y que finalmente determinaron su separaci\u00f3n definitiva.<\/p>\n<p><strong>&#8220;Con profundo dolor lamentamos comunicar el fallecimiento de nuestro querido l\u00edder, Enrique Chalar. <\/strong>Pil nos dej\u00f3 f\u00edsicamente esta tarde de manera repentina en su casa de Lima, Per\u00fa, a ra\u00edz de un paro cardiorrespiratorio, a los 62 a\u00f1os&#8221;, comienza el comunicado publicado en la madrugada de este s\u00e1bado.<\/p>\n<p><strong>&#8220;Nos deja un guerrero, un pionero del punk y underground latinoamericano, letrista iluminado, portavoz de toda una generaci\u00f3n, peleador e incansable capit\u00e1n de mil batallas.<\/strong> No hay palabras que alcancen para expresar nuestro pesar. Acompa\u00f1amos especialmente a su mujer y a su hijo en este momento y abrazamos a todos sus seguidores que tanto significaron siempre para Pil&#8221;.<\/p>\n<p><strong>&#8220;Pil Chalar 1959 \u2013 2021 a la eternidad&#8221;<\/strong>, a\u00f1ade el texto.<\/p>\n<p><img loading=\"lazy\" alt=\"Los Violares \" class=\"img-responsive lazyload\" data-src=\"http:\/\/cordobadirecto.com\/wp-content\/uploads\/2021\/08\/murio-pil-chalar-pionero-y-figura-central-del-punk-en-la-argentina.jpg\" data-srcset=\"\/download\/multimedia.normal.8a03d4af6820aa95.4c6f732056696f6c61726573205f6e6f726d616c2e6a7067.jpg 800w, \/download\/multimedia.miniatura.893764f8f4e06dc5.4c6f732056696f6c61726573205f6d696e6961747572612e6a7067.jpg 400w\" height=\"450\" src=\"data:,\" width=\"800\"><\/p>\n<p>Nacido bajo el nombre de Enrique Chalar, en el barrio porte\u00f1o de Villa Urquiza, la adolescencia en medio de la feroz dictadura militar y un famoso art\u00edculo publicado en la revista &#8220;El Expreso Imaginario&#8221;, que informaba por primera vez sobre la existencia del movimiento punk que revolucionaba Londres, hicieron cambiar sus gustos musicales, hasta el momento dominados por el rock cl\u00e1sico.<\/p>\n<p><strong>As\u00ed fue que comenz\u00f3 a tomar contacto con otros j\u00f3venes de su edad que ten\u00edan conocimiento de este fen\u00f3meno e intentaban implementarlo en nuestro pa\u00eds,<\/strong> en medio de un adverso contexto pol\u00edtico que le daba a\u00fan mayor sentido a su nacimiento.<\/p>\n<p>De esa manera conoci\u00f3 a Pedro Braun, conocido como Hari-B, quien hab\u00eda llegado hac\u00eda poco de un viaje a Londres con una gran cantidad de discos de bandas punk como los Sex Pistols, The Clash, The Damned y Generation X, entre otras.<\/p>\n<p><strong>De a poco se fueron sumando el baterista Sergio Gram\u00e1tica y el guitarrista Gustavo Foss\u00e1, conocido como Stuka, para conformar la primera alineaci\u00f3n de Los Violadores<\/strong>, nombre adoptado por su actitud desafiante ante la ley.<\/p>\n<p>Sin embargo, la censura imperante en esa \u00e9poca hizo que en muchos de los afiches de sus shows aparecieran bajo el nombre de Los Voladores.<\/p>\n<p>El uso de una remera con una inscripci\u00f3n del grupo Public Image Limited (PIL), proyecto del vocalista John Lydon tras la disoluci\u00f3n de Sex Pistols, le dieron a Enrique Chalar su apodo definitivo con el que se har\u00eda conocer.<\/p>\n<p><strong>Los Violadores tomaron estado p\u00fablico a partir de una batahola ocurrida en un show del grupo en la Universidad de Belgrano, en julio de 1981,<\/strong> que termin\u00f3 con todas las instalaciones destrozadas, y el grupo y parte del p\u00fablico detenidos por largas horas, donde sufrieron diversas torturas.<\/p>\n<p>A partir de all\u00ed, <strong>su actitud desafiante expresada a trav\u00e9s de su imagen y de canciones como &#8220;Represi\u00f3n&#8221; hizo que fuera reconocido en el ambiente del rock argentino<\/strong>, que no dejaba de sentirse amenazado por esa aparici\u00f3n.<\/p>\n<p>Los cruces medi\u00e1ticos con las grandes figuras del momento se acrecentaron cuando<strong>, junto a Virus, fueron las \u00fanicas bandas que se negaron a participar del Festival de la Solidaridad, organizado en plena Guerra de Malvinas.<\/strong><\/p>\n<p>Bajo la producci\u00f3n del baterista de Riff, Michel Peyronel, el grupo grab\u00f3 su primer disco, que conten\u00eda el mencionado cl\u00e1sico &#8220;Represi\u00f3n&#8221;, al que le sigui\u00f3 &#8220;Y ahora qu\u00e9 pasa, eh?&#8221;, de 1985, que, con su hit &#8220;Uno, dos, ultraviolento&#8221;, lo catapult\u00f3 definitivamente a la fama.<\/p>\n<p>A pesar de que el grupo continu\u00f3 su marcha a lo largo de toda la d\u00e9cada, acaso como contracara del car\u00e1cter festivo que caracterizaba a las bandas surgidas en plena primavera democr\u00e1tica, <strong>diversos problemas internos hicieron que comenzara a sufrir peleas en su seno y cambios de integrantes que esmerilaron su impulso inicial.<\/strong><\/p>\n<p>Pil Trafa, como se lo conoc\u00eda en esos a\u00f1os, fue el \u00fanico integrante que permaneci\u00f3 hasta el final, pero a la vez cre\u00f3 Pilsen, un nuevo proyecto que lo mantuvo activo hasta hoy.<\/p>\n<p><strong>En 1999, Pil se volver\u00eda a unir a Stuka para un disco a d\u00fao, pero nuevamente surgieron diferencias en la sociedad que hab\u00eda marcado el pulso de Los Violadores.<\/strong><\/p>\n<p>En los a\u00f1os siguientes, la carrera de Pil oscil\u00f3 entre los regresos de Pilsen, que se instituy\u00f3 de manera definitiva en 2017; su recorrido como solista, con memorables discos como &#8220;\u00daltimo hombre&#8221;, de 2015, en el que nombr\u00f3 al grupo que lo acompa\u00f1\u00f3 como &#8220;Los Violadores de la Ley&#8221;; y un recordado regreso de Los Violadores, con un impactante show en el Luna Park en 2016.<\/p>\n<p>Sin embargo, otra vez los problemas internos impidieron que este regreso se prolongara en el tiempo.<\/p>\n<p>Desde hac\u00eda varios a\u00f1os,<strong> Pil hab\u00eda mutado el Trafa de su seud\u00f3nimo por Box, tal vez para dejar atr\u00e1s definitivamente su etapa con Los Violadores, y viv\u00eda en Per\u00fa, en donde se hab\u00eda casado y ten\u00eda un hijo.<\/strong><\/p>\n<p>Sin embargo, eran habituales sus visitas al pa\u00eds para presentar su m\u00fasica, en cuyas letras daba cuenta de una gran claridad de conceptos, tal como lo hac\u00eda en cada uno de sus contactos con la prensa.<\/p>\n<p>Al conocer la notica,<strong> su antiguo compa\u00f1ero Stuka escribi\u00f3 en su cuenta personal de Facebook: &#8220;Y no lo puedo creer, fuck! no se qu\u00e9 decir, hacer o pensar, se fue el compa\u00f1ero de la vida, el partenaire de las mejores y m\u00e1s gloriosas batallas.<\/strong> Espero que tengas lo que te mereces en el m\u00e1s all\u00e1\u2026 del bien y del mal. Mis sinceras condolencias para Claudia y para Ian. QEPD Enriquito querido!!!&#8221;.<\/p>\n<p><span>Fuente: T\u00e9lam \/Hernani Natale<\/span><\/p>\n","protected":false},"excerpt":{"rendered":"<p>&nbsp;Pil Chalar, el m\u00fasico que bajo el seud\u00f3nimo de &#8220;Pil Trafa&#8221; fue pionero y figura central del punk en la Argentina desde los tempranos a\u00f1os `80, a partir de su labor como cantante, compositor y l\u00edder de la seminal banda Los Violadores, muri\u00f3 a los 62 a\u00f1os a ra\u00edz de un paro card\u00edaco en Lima, [&hellip;]<\/p>\n","protected":false},"author":1,"featured_media":13967,"comment_status":"closed","ping_status":"closed","sticky":false,"template":"","format":"standard","meta":[],"categories":[20],"tags":[],"_links":{"self":[{"href":"http:\/\/cordobadirecto.com\/index.php\/wp-json\/wp\/v2\/posts\/13966"}],"collection":[{"href":"http:\/\/cordobadirecto.com\/index.php\/wp-json\/wp\/v2\/posts"}],"about":[{"href":"http:\/\/cordobadirecto.com\/index.php\/wp-json\/wp\/v2\/types\/post"}],"author":[{"embeddable":true,"href":"http:\/\/cordobadirecto.com\/index.php\/wp-json\/wp\/v2\/users\/1"}],"replies":[{"embeddable":true,"href":"http:\/\/cordobadirecto.com\/index.php\/wp-json\/wp\/v2\/comments?post=13966"}],"version-history":[{"count":0,"href":"http:\/\/cordobadirecto.com\/index.php\/wp-json\/wp\/v2\/posts\/13966\/revisions"}],"wp:featuredmedia":[{"embeddable":true,"href":"http:\/\/cordobadirecto.com\/index.php\/wp-json\/wp\/v2\/media\/13967"}],"wp:attachment":[{"href":"http:\/\/cordobadirecto.com\/index.php\/wp-json\/wp\/v2\/media?parent=13966"}],"wp:term":[{"taxonomy":"category","embeddable":true,"href":"http:\/\/cordobadirecto.com\/index.php\/wp-json\/wp\/v2\/categories?post=13966"},{"taxonomy":"post_tag","embeddable":true,"href":"http:\/\/cordobadirecto.com\/index.php\/wp-json\/wp\/v2\/tags?post=13966"}],"curies":[{"name":"wp","href":"https:\/\/api.w.org\/{rel}","templated":true}]}}