{"id":139804,"date":"2023-10-17T20:51:00","date_gmt":"2023-10-17T20:51:00","guid":{"rendered":"http:\/\/cordobadirecto.com\/index.php\/2023\/10\/17\/al-menos-15-periodistas-murieron-en-el-conflicto-armado-entre-israel-y-hamas\/"},"modified":"2023-10-17T20:51:00","modified_gmt":"2023-10-17T20:51:00","slug":"al-menos-15-periodistas-murieron-en-el-conflicto-armado-entre-israel-y-hamas","status":"publish","type":"post","link":"http:\/\/cordobadirecto.com\/index.php\/2023\/10\/17\/al-menos-15-periodistas-murieron-en-el-conflicto-armado-entre-israel-y-hamas\/","title":{"rendered":"Al menos 15 periodistas murieron en el conflicto armado entre Israel y Hamas"},"content":{"rendered":"<figure class=\"mb-3\"><img loading=\"lazy\" data-src=\"http:\/\/cordobadirecto.com\/wp-content\/uploads\/2023\/10\/al-menos-15-periodistas-murieron-en-el-conflicto-armado-entre-israel-y-hamas.jpg\" src=\"https:\/\/www.telam.com.ar\/assets\/img\/not_image.png\" class=\" lazy \" width=\"100%\" height=\"100%\" alt=\"Foto TW pressfreedom\"><figcaption> Foto TW @pressfreedom <\/figcaption><\/figure>\n<p>Al menos 15 periodistas fueron asesinados en los primeros diez d\u00edas del conflicto entre Israel y el movimiento islamista palestino Hamas, seg\u00fan datos recopilados e informados este martes por el Comit\u00e9 para la Protecci\u00f3n de los Periodistas (CPJ), con sede en la ciudad de Nueva York, Estados Unidos.<\/p>\n<p><strong>&#8220;Los periodistas son civiles que realizan un trabajo importante en tiempos de crisis y no deben convertirse en objetivos de las partes en conflicto&#8221;,<\/strong> afirm\u00f3 Sherif Mansour, coordinador del CPJ para Oriente Medio y el Norte de \u00c1frica, y apel\u00f3 a las partes a garantizar la seguridad de la prensa.<\/p>\n<p>As\u00ed confirmaron que <strong>15 periodistas (11 palestinos, 3 israel\u00edes y 1 liban\u00e9s) murieron, 8 resultaron heridos y 3 fueron reportados como desaparecidos o detenidos<\/strong>, en lo que va el conflicto armado entre Israel y Hamas.<\/p>\n<p>Aproximadamente<strong> la mitad de los periodistas asesinados eran fotoperiodistas o camar\u00f3grafos<\/strong>, consign\u00f3 la agencia de noticias ANSA.<\/p>\n<blockquote class=\"twitter-tweet\" readability=\"9.6577540106952\">\n<p lang=\"en\" dir=\"ltr\">\ud83e\uddf5Thread: CPJ&#8217;s safety resources for journalists covering the <a href=\"https:\/\/twitter.com\/hashtag\/IsraelGazaConflict?src=hash&amp;ref_src=twsrc%5Etfw\">#IsraelGazaConflict<\/a> \u2b07\ufe0f<\/p>\n<p>NOTE: As CPJ monitors the war in <a href=\"https:\/\/twitter.com\/hashtag\/Israel?src=hash&amp;ref_src=twsrc%5Etfw\">#Israel<\/a> <a href=\"https:\/\/twitter.com\/hashtag\/Gaza?src=hash&amp;ref_src=twsrc%5Etfw\">#Gaza<\/a>, journalists currently reporting there, or who are planning to in the coming days, can contact CPJ with questions about safety &amp; security.\u2026 <a href=\"https:\/\/t.co\/Cd1u833k05\">pic.twitter.com\/Cd1u833k05<\/a><\/p>\n<p>\u2014 Committee to Protect Journalists (@pressfreedom) <a href=\"https:\/\/twitter.com\/pressfreedom\/status\/1712908572516892958?ref_src=twsrc%5Etfw\">October 13, 2023<\/a><\/p><\/blockquote>\n<p>Las cifras establecidas por el CPJ, fueron consideradas &#8220;impresionantes&#8221;, si se tiene en cuenta que el mismo n\u00famero de periodistas perdieron la vida en los casi dos a\u00f1os que va la intervenci\u00f3n rusa en Ucrania.<\/p>\n<p><strong>Los periodistas en Gaza enfrentan riesgos particularmente\u202faltos mientras intentan cubrir el conflicto frente a un ataque terrestre de las tropas israel\u00edes<\/strong>, <strong>devastadores ataques a\u00e9reos israel\u00edes<\/strong>, comunicaciones interrumpidas y cortes de energ\u00eda generalizados, detallaron desde el CPJ.<\/p>\n<p>Entre la lista de fallecidos se encuentra Salam Mema, periodista independiente y jefa del Comit\u00e9 de Mujeres Periodistas en la Asamblea de Medios Palestinos; Husam Mubarak, periodista de la radio Al Aqsa, afiliada a Hamas, que muri\u00f3 en un ataque a\u00e9reo israel\u00ed en el norte de la Franja de Gaza, y Issam Abdallah, un camar\u00f3grafo de la agencia de noticias Reuters con sede en Beirut , que muri\u00f3 durante un ataque de bombardeo desde Israel cerca de la frontera con el L\u00edbano.<\/p>\n<p>Adem\u00e1s entre las v\u00edctimas fatales esta Ahmed Shehab, periodista de Sowt Al-Asra Radio (Radio Voz de los Prisioneros); Mohamed Fayez Abu Matar, fotoperiodista independiente; Saeed al-Taweel, editor del sitio web Al-Khamsa News; Mohammed Sobh, un fot\u00f3grafo de la agencia de noticias &#8220;Khabar&#8221; y Hisham Alnwajha, tambi\u00e9n periodistas de Khabar. <\/p>\n","protected":false},"excerpt":{"rendered":"<p>Foto TW @pressfreedom Al menos 15 periodistas fueron asesinados en los primeros diez d\u00edas del conflicto entre Israel y el movimiento islamista palestino Hamas, seg\u00fan datos recopilados e informados este martes por el Comit\u00e9 para la Protecci\u00f3n de los Periodistas (CPJ), con sede en la ciudad de Nueva York, Estados Unidos. &#8220;Los periodistas son civiles [&hellip;]<\/p>\n","protected":false},"author":1,"featured_media":139805,"comment_status":"closed","ping_status":"closed","sticky":false,"template":"","format":"standard","meta":[],"categories":[24],"tags":[],"_links":{"self":[{"href":"http:\/\/cordobadirecto.com\/index.php\/wp-json\/wp\/v2\/posts\/139804"}],"collection":[{"href":"http:\/\/cordobadirecto.com\/index.php\/wp-json\/wp\/v2\/posts"}],"about":[{"href":"http:\/\/cordobadirecto.com\/index.php\/wp-json\/wp\/v2\/types\/post"}],"author":[{"embeddable":true,"href":"http:\/\/cordobadirecto.com\/index.php\/wp-json\/wp\/v2\/users\/1"}],"replies":[{"embeddable":true,"href":"http:\/\/cordobadirecto.com\/index.php\/wp-json\/wp\/v2\/comments?post=139804"}],"version-history":[{"count":0,"href":"http:\/\/cordobadirecto.com\/index.php\/wp-json\/wp\/v2\/posts\/139804\/revisions"}],"wp:featuredmedia":[{"embeddable":true,"href":"http:\/\/cordobadirecto.com\/index.php\/wp-json\/wp\/v2\/media\/139805"}],"wp:attachment":[{"href":"http:\/\/cordobadirecto.com\/index.php\/wp-json\/wp\/v2\/media?parent=139804"}],"wp:term":[{"taxonomy":"category","embeddable":true,"href":"http:\/\/cordobadirecto.com\/index.php\/wp-json\/wp\/v2\/categories?post=139804"},{"taxonomy":"post_tag","embeddable":true,"href":"http:\/\/cordobadirecto.com\/index.php\/wp-json\/wp\/v2\/tags?post=139804"}],"curies":[{"name":"wp","href":"https:\/\/api.w.org\/{rel}","templated":true}]}}