{"id":139812,"date":"2023-10-17T19:00:26","date_gmt":"2023-10-17T19:00:26","guid":{"rendered":"https:\/\/cordoba.gob.ar\/?p=52277"},"modified":"2023-10-17T19:00:26","modified_gmt":"2023-10-17T19:00:26","slug":"la-campana-de-salud-bucal-paso-por-el-centro-de-encuentro-barrial-de-comunidad-reno-2","status":"publish","type":"post","link":"http:\/\/cordobadirecto.com\/index.php\/2023\/10\/17\/la-campana-de-salud-bucal-paso-por-el-centro-de-encuentro-barrial-de-comunidad-reno-2\/","title":{"rendered":"La Campa\u00f1a de Salud Bucal pas\u00f3 por el Centro de Encuentro Barrial de Comunidad Ren\u00f3"},"content":{"rendered":"<div><img src=\"http:\/\/cordobadirecto.com\/wp-content\/uploads\/2023\/10\/la-campana-de-salud-bucal-paso-por-el-centro-de-encuentro-barrial-de-comunidad-reno.jpg\" class=\"ff-og-image-inserted\"><\/div>\n<ul>\n<li><strong>La propuesta busca incluir a vecinas y vecinos de todas las edades en el cuidado bucal con control odontol\u00f3gico, informaci\u00f3n l\u00fadica y despertar conciencia en la poblaci\u00f3n.<\/strong><\/li>\n<\/ul>\n<hr>\n<p>Con sede en el Centro de Encuentro Barrial de Comunidad Ren\u00f3, el sur de la ciudad fue escenario de la Campa\u00f1a de Salud Bucal 2023 \u201cSalud en Boca de Todas y Todos\u201d.<\/p>\n<p>A partir de esta iniciativa, se pone a disposici\u00f3n de los vecinos y vecinas el conocimiento y los recursos t\u00e9cnicos de la Universidad Nacional de C\u00f3rdoba para promover el h\u00e1bito del cuidado bucal.<\/p>\n<p>La actividad gir\u00f3 en torno a juegos y talleres para las infancias que tuvieron como tem\u00e1tica l\u00f3gica los contenidos de la campa\u00f1a en cuesti\u00f3n; adem\u00e1s se realizaron talleres para adultos sobre cuidados en la familia, control odontol\u00f3gico y orientaci\u00f3n.<\/p>\n<p>\u201cCelebramos esta articulaci\u00f3n entre las instituciones involucradas, comprometidas con las necesidades de los vecinos y vecinas de los territorios que m\u00e1s lo necesitan en la ciudad de C\u00f3rdoba\u201d, expres\u00f3 el Secretario de Educaci\u00f3n, Horacio Ferreyra.<\/p>\n<p>\u201cYa sea ofreciendo informaci\u00f3n precisa y clara para el p\u00fablico adulto, o a trav\u00e9s de juegos con los cuales ni\u00f1as y ni\u00f1os aprenden a cuidarse, este dispositivo apunta a mejorar la calidad de vida de la ciudadan\u00eda del sector\u201d, dijo por su parte la Subsecretaria de Coordinaci\u00f3n Educativa, Mar\u00eda Jos\u00e9 Viola.<\/p>\n<p>En este marco, la Directora de los Centros de Encuentro Barrial, Celeste Garc\u00eda, afirm\u00f3 que: \u201cel desarrollo de estos emprendimientos que se anclan en la salud y en intervenciones sociales, problem\u00e1tica siempre recurrente en lo que se refiere a la salud bucal, cumple con uno de los objetivos de nuestro plan de trabajo, que consiste en articular con diferentes Unidades Acad\u00e9micas y estamentos del Estado -especializados en salud- para que las comunidades de los barrios tengan acceso a una atenci\u00f3n que a veces se les complica o simplemente es inaccesible.\u201d<\/p>\n","protected":false},"excerpt":{"rendered":"<p>La propuesta busca incluir a vecinas y vecinos de todas las edades en el cuidado bucal con control odontol\u00f3gico, informaci\u00f3n l\u00fadica y despertar conciencia en la poblaci\u00f3n. Con sede en el Centro de Encuentro Barrial de Comunidad Ren\u00f3, el sur de la ciudad fue escenario de la Campa\u00f1a de Salud Bucal 2023 \u201cSalud en Boca [&hellip;]<\/p>\n","protected":false},"author":1,"featured_media":139813,"comment_status":"closed","ping_status":"closed","sticky":false,"template":"","format":"standard","meta":[],"categories":[44],"tags":[],"_links":{"self":[{"href":"http:\/\/cordobadirecto.com\/index.php\/wp-json\/wp\/v2\/posts\/139812"}],"collection":[{"href":"http:\/\/cordobadirecto.com\/index.php\/wp-json\/wp\/v2\/posts"}],"about":[{"href":"http:\/\/cordobadirecto.com\/index.php\/wp-json\/wp\/v2\/types\/post"}],"author":[{"embeddable":true,"href":"http:\/\/cordobadirecto.com\/index.php\/wp-json\/wp\/v2\/users\/1"}],"replies":[{"embeddable":true,"href":"http:\/\/cordobadirecto.com\/index.php\/wp-json\/wp\/v2\/comments?post=139812"}],"version-history":[{"count":0,"href":"http:\/\/cordobadirecto.com\/index.php\/wp-json\/wp\/v2\/posts\/139812\/revisions"}],"wp:featuredmedia":[{"embeddable":true,"href":"http:\/\/cordobadirecto.com\/index.php\/wp-json\/wp\/v2\/media\/139813"}],"wp:attachment":[{"href":"http:\/\/cordobadirecto.com\/index.php\/wp-json\/wp\/v2\/media?parent=139812"}],"wp:term":[{"taxonomy":"category","embeddable":true,"href":"http:\/\/cordobadirecto.com\/index.php\/wp-json\/wp\/v2\/categories?post=139812"},{"taxonomy":"post_tag","embeddable":true,"href":"http:\/\/cordobadirecto.com\/index.php\/wp-json\/wp\/v2\/tags?post=139812"}],"curies":[{"name":"wp","href":"https:\/\/api.w.org\/{rel}","templated":true}]}}