{"id":14010,"date":"2021-08-14T21:17:02","date_gmt":"2021-08-14T21:17:02","guid":{"rendered":"http:\/\/cordobadirecto.com\/index.php\/2021\/08\/14\/musica-argentina-actual-gratis-y-en-formato-digital-a-traves-de-la-revista-nacional-clasica\/"},"modified":"2021-08-14T21:17:02","modified_gmt":"2021-08-14T21:17:02","slug":"musica-argentina-actual-gratis-y-en-formato-digital-a-traves-de-la-revista-nacional-clasica","status":"publish","type":"post","link":"http:\/\/cordobadirecto.com\/index.php\/2021\/08\/14\/musica-argentina-actual-gratis-y-en-formato-digital-a-traves-de-la-revista-nacional-clasica\/","title":{"rendered":"M\u00fasica argentina actual gratis y en formato digital a trav\u00e9s de la Revista Nacional Cl\u00e1sica"},"content":{"rendered":"<div class=\"image\" id=\"image\" readability=\"8\"> <img src=\"http:\/\/cordobadirecto.com\/wp-content\/uploads\/2021\/08\/musica-argentina-actual-gratis-y-en-formato-digital-a-traves-de-la-revista-nacional-clasica.jpg\" alt=\"Andrea Merenzon, directora de Radio Nacional Cl\u00e1sica.\" title=\"Andrea Merenzon, directora de Radio Nacional Cl\u00e1sica.\"><\/p>\n<p>Andrea Merenzon, directora de Radio Nacional Cl\u00e1sica.<\/p>\n<\/div>\n<p>La Revista Nacional Cl\u00e1sica, publicaci\u00f3n digital gratuita mensual que incluye un disco de artistas locales, es para la directora de Radio Nacional Cl\u00e1sica, Andrea Merenzon, &#8220;una manera de resguardar nuestro patrimonio cultural y agregar nuevas producciones, nuevas voces y nuevos desaf\u00edos para los int\u00e9rpretes&#8221;.<\/p>\n<p>&#8220;Apuntamos a promover la evoluci\u00f3n de nuevos lenguajes quit\u00e1ndole el peso de la necesidad de recuperar la inversi\u00f3n a trav\u00e9s de la venta o edici\u00f3n sostenida por alg\u00fan subsidio estatal, as\u00ed que los artistas tienen una libertad de creaci\u00f3n que solo hemos condicionado pidiendo que pensaran en que la m\u00fasica grabada pudiera ser escuchada por gente de diferentes sectores socioculturales&#8221;, se\u00f1ala Merenzon durante una entrevista con T\u00e9lam.<\/p>\n<p>La fagotista y gestora cultural que desde enero de 2020 comanda la emisora p\u00fablica dedicada a la m\u00fasica cl\u00e1sica, en FM 96.7, lanz\u00f3 la publicaci\u00f3n digital en mayo pasado y all\u00ed se incluy\u00f3 un \u00e1lbum de la percusionista Marina Calzado Linage, luego fue el turno del pianista y director de orquesta Gerardo Gardelin y la n\u00f3mina hasta ahora se complet\u00f3 con el flautista Jorge De la Vega.<\/p>\n<p>Merenzon subraya que &#8220;cada artista considera esta impronta y hasta ahora han aportado materiales que hacen de la colecci\u00f3n una alternativa de gran calidad y accesible a todo p\u00fablico&#8221;: &#8220;Personalmente he elegido con ellos el material y supervisado las grabaciones siguiendo siempre ese concepto&#8221;, a\u00f1ade.<\/p>\n<p>En relaci\u00f3n al formato, al que las personas interesadas pueden acceder suscribi\u00e9ndose en <a href=\"https:\/\/www.radionacional.com.ar\/nacional-clasica\/\" target=\"_blank\" rel=\"noopener\">www.radionacional.com.ar\/nacional-clasica<\/a> o por mail a: <strong>suscripcion967@radionacional.gov.ar,<\/strong> la artista y funcionaria indica: &#8220;Los recursos para producir una colecci\u00f3n de m\u00fasica de patrimonio son tambi\u00e9n importantes y aprovechamos el formato digital para hacer posible una distribuci\u00f3n masiva, gratuita y m\u00e1s econ\u00f3mica&#8221;.<\/p>\n<p>&#8220;La evoluci\u00f3n de los formatos y el auge de lo digital nos impuls\u00f3 a tomar la decisi\u00f3n aun sin tener claro si podr\u00edamos cubrir los gastos&#8221;, abund\u00f3.<\/p>\n<p><strong>&#8211; T\u00e9lam: Estos registros van m\u00e1s all\u00e1 de lo que com\u00fanmente se entiende por m\u00fasica cl\u00e1sica o acad\u00e9mica. \u00bfLa idea fue mostrar un cruce que incluyera tambi\u00e9n lo popular?<\/strong><\/p>\n<p><strong>&#8211; Andrea Merenzon<\/strong>: Para contestar esta pregunta deber\u00edamos definir primero qu\u00e9 es m\u00fasica cl\u00e1sica o acad\u00e9mica y qu\u00e9 es popular. Si entendemos que la &#8220;9na sinfon\u00eda&#8221; de Beethoven es acad\u00e9mica pero popular o tambi\u00e9n &#8220;La 5ta&#8221;, al menos su primer movimiento, o decir que Piazzolla es acad\u00e9mico, o Marconi, Mederos o Franzetti&#8230; Nuestro objetivo es hacer cada vez m\u00e1s popular a algunos acad\u00e9micos y m\u00e1s acad\u00e9micos a algunos populares. Bienvenidos los cruces que nos llevaron a un Guastavino, a un Saluzzi, a Ginastera o Giraldi, por citar apenas a algunos.<\/p>\n<p><strong>&#8211; T: \u00bfDe qu\u00e9 modo se hizo la selecci\u00f3n de artistas?<\/strong><\/p>\n<p><strong>&#8211; AM:<\/strong> En principio los artistas elegidos fueron con la intuici\u00f3n de que responder\u00edan a la convocatoria con materiales que fueran de calidad y accesibles. Quise que la primera producci\u00f3n fuera de una mujer y de un instrumento no tradicional, porque sent\u00ed que deb\u00eda ser coherente con los lineamientos de programaci\u00f3n y de lo que vinimos a aportar en materia de diversidad. As\u00ed como hemos incluido programas conducidos y dedicados a las mujeres, una mujer merec\u00eda en esta oportunidad ser la cara visible en tapa y adem\u00e1s una mujer percusionista, uno de los instrumentos menos habituales en convocatorias de este tipo. Por lo dem\u00e1s, todos los convocados tienen trayectoria indiscutida y una vida comprometida con la producci\u00f3n nacional.<\/p>\n<p><strong>&#8211; T: \u00bfC\u00f3mo recibieron las m\u00fasicas y m\u00fasicos esta iniciativa?<\/strong><\/p>\n<p><strong>&#8211; AM:<\/strong> Para los entusiastas que nos hemos pasado las vidas grabando, esta colecci\u00f3n es como agua en un desierto. Se estaba haciendo muy dif\u00edcil, fijate que permiti\u00f3 editar a la Sinf\u00f3nica de Santa Fe con una obra de Gardelin. El disco de Jorge de la Vega estaba guardado en un caj\u00f3n. Cuando lo llam\u00e9 me pregunt\u00f3 qu\u00e9 podr\u00eda grabar y le record\u00e9 ese material que me hab\u00eda gustado. Finalmente todos felices. De no haber existido esta colecci\u00f3n probablemente el caj\u00f3n seguir\u00eda albergando en silencio tantos sonidos empujando por salir.<\/p>\n<p><strong>&#8211; T: \u00bfY c\u00f3mo sigue la n\u00f3mina de lanzamientos para 2021?<\/strong><\/p>\n<p><strong>&#8211; AM:<\/strong> Ya tenemos en proceso un disco dedicado al violinista Rub\u00e9n Gonz\u00e1lez (1939-2018) que ha sido una personalidad internacional, en sus \u00faltimos a\u00f1os dedic\u00f3 su tiempo a la composici\u00f3n junto con un grupo de varios de colegas y amigos.<\/p>\n<p>Luego vendr\u00e1 Gabriel Senanes, otro m\u00fasico valios\u00edsimo, una enciclopedia, m\u00e9dico, periodista, compositor y docente. Conoce los dos mundos, el acad\u00e9mico y el popular, y ha generado tambi\u00e9n un nuevo lenguaje.<\/p>\n<p>Otro disco dedicado a la canci\u00f3n mendocina a cargo de Ver\u00f3nica Cangemi y Gustavo Grobocopatel con cuarteto de cuerdas, en la l\u00ednea de promover a los artistas de todo el pa\u00eds. Esta producci\u00f3n que se estar\u00e1 grabando prontamente adem\u00e1s de ser muy hermosa es una clara manifestaci\u00f3n de nuestro criterio federal.<\/p>\n<p>En previsi\u00f3n tambi\u00e9n un disco con la obra de Esteban Benzecry para arm\u00f3nica y orquesta que me parece muy original y adem\u00e1s incluye a este excepcional armoniquista que a todas vistas tiene una producci\u00f3n s\u00faper amplia que es Franco Luciani. <\/p>\n","protected":false},"excerpt":{"rendered":"<p>Andrea Merenzon, directora de Radio Nacional Cl\u00e1sica. La Revista Nacional Cl\u00e1sica, publicaci\u00f3n digital gratuita mensual que incluye un disco de artistas locales, es para la directora de Radio Nacional Cl\u00e1sica, Andrea Merenzon, &#8220;una manera de resguardar nuestro patrimonio cultural y agregar nuevas producciones, nuevas voces y nuevos desaf\u00edos para los int\u00e9rpretes&#8221;. &#8220;Apuntamos a promover la [&hellip;]<\/p>\n","protected":false},"author":1,"featured_media":14011,"comment_status":"closed","ping_status":"closed","sticky":false,"template":"","format":"standard","meta":[],"categories":[20],"tags":[],"_links":{"self":[{"href":"http:\/\/cordobadirecto.com\/index.php\/wp-json\/wp\/v2\/posts\/14010"}],"collection":[{"href":"http:\/\/cordobadirecto.com\/index.php\/wp-json\/wp\/v2\/posts"}],"about":[{"href":"http:\/\/cordobadirecto.com\/index.php\/wp-json\/wp\/v2\/types\/post"}],"author":[{"embeddable":true,"href":"http:\/\/cordobadirecto.com\/index.php\/wp-json\/wp\/v2\/users\/1"}],"replies":[{"embeddable":true,"href":"http:\/\/cordobadirecto.com\/index.php\/wp-json\/wp\/v2\/comments?post=14010"}],"version-history":[{"count":0,"href":"http:\/\/cordobadirecto.com\/index.php\/wp-json\/wp\/v2\/posts\/14010\/revisions"}],"wp:featuredmedia":[{"embeddable":true,"href":"http:\/\/cordobadirecto.com\/index.php\/wp-json\/wp\/v2\/media\/14011"}],"wp:attachment":[{"href":"http:\/\/cordobadirecto.com\/index.php\/wp-json\/wp\/v2\/media?parent=14010"}],"wp:term":[{"taxonomy":"category","embeddable":true,"href":"http:\/\/cordobadirecto.com\/index.php\/wp-json\/wp\/v2\/categories?post=14010"},{"taxonomy":"post_tag","embeddable":true,"href":"http:\/\/cordobadirecto.com\/index.php\/wp-json\/wp\/v2\/tags?post=14010"}],"curies":[{"name":"wp","href":"https:\/\/api.w.org\/{rel}","templated":true}]}}