{"id":140119,"date":"2023-10-20T12:45:58","date_gmt":"2023-10-20T12:45:58","guid":{"rendered":"https:\/\/puntoapunto.com.ar\/?p=351967"},"modified":"2023-10-20T12:45:58","modified_gmt":"2023-10-20T12:45:58","slug":"especial-aniversario-mano-a-mano-con-incluit-y-vates-las-claves-de-la-edc-en-cordoba","status":"publish","type":"post","link":"http:\/\/cordobadirecto.com\/index.php\/2023\/10\/20\/especial-aniversario-mano-a-mano-con-incluit-y-vates-las-claves-de-la-edc-en-cordoba\/","title":{"rendered":"Especial aniversario: mano a mano con IncluIT y Vates, las claves de la EdC en C\u00f3rdoba"},"content":{"rendered":"<div class=\"g g-36\">\n<div class=\"g-dyn a-29 c-1\"><a class=\"gofollow\" data-track=\"MjksMzYsMSw2MA==\" href=\"https:\/\/www.harmoniechateau.com.ar\/\" target=\"_blank\" rel=\"noopener\"><img class=\"lazyload\" src=\"http:\/\/cordobadirecto.com\/wp-content\/uploads\/2023\/10\/especial-aniversario-mano-a-mano-con-incluit-y-vates-las-claves-de-la-edc-en-cordoba.jpg\"><\/a><\/div>\n<\/div>\n<p>&nbsp;\n<\/p>\n<p>La nueva, pero ya posicionada, industria que est\u00e1 transformando el mundo se llama<strong> Econom\u00eda del Conocimiento<\/strong>. Incluye software, biotecnolog\u00eda, desarrollos audiovisuales, servicios de electr\u00f3nica y comunicaciones, inteligencia artificial, rob\u00f3tica y servicios profesionales. Es un conjunto de actividades muy diversas con dos elementos en com\u00fan:<strong> uso intensivo de la tecnolog\u00eda y capital humano calificado.<\/strong>\n<\/p>\n<p>La<strong> Econom\u00eda del Conocimiento ya es una fuerte realidad en C\u00f3rdoba<\/strong> hace varios a\u00f1os y representa una gran <strong>oportunidad para crecer, generar empleo y multiplicar las exportaciones.<\/strong>\n<\/p>\n<p>La provincia tiene un universo que supera las<strong> 3.000 empresas y m\u00e1s de 65.000 trabajadores<\/strong>, en su mayor\u00eda calificados, que integran el sector. Como elemento distintivo, C\u00f3rdoba cuenta tambi\u00e9n con un destacado ecosistema acad\u00e9mico que genera los insumos necesarios, con 12 universidades, m\u00e1s de 276.00 estudiantes, a lo que se suman los m\u00e1s de<strong> 9.900 investigadores y 190 centros de investigaci\u00f3n.<\/strong> Un dato no menor es que la Econom\u00eda del Conocimiento local ya representa m\u00e1s del 9% del PGB cordob\u00e9s.\n<\/p>\n<p>Para <strong>Rafael Iba\u00f1ez, Co Founder y director de <a href=\"https:\/\/incluit.com\/\" target=\"_blank\" rel=\"noopener\">IncluIT<\/a><\/strong>, la industria de <strong>la Econom\u00eda del Conocimiento \u201cest\u00e1 creciendo a un nivel exponencial\u201d<\/strong>. Quien completa esta idea es<strong> Mario Barra, CEO de <a href=\"https:\/\/www.vates.com\/\" target=\"_blank\" rel=\"noopener\">Vates<\/a>, miembro del <a href=\"https:\/\/www.linkedin.com\/company\/grupotecx\/?originalSubdomain=ar\" target=\"_blank\" rel=\"noopener\">Grupo TecX<\/a><\/strong> y uno de los iniciadores de la industria del Software en C\u00f3rdoba, asegura que <strong>la Econom\u00eda del Conocimiento es uno de los grandes motores productivos que tiene actualmente la provincia<\/strong> y que tiene la posibilidad de \u201ctransformarse en uno de los<strong> grandes generadores de empleo y empleo de exportaci\u00f3n<\/strong>\u201d.<\/p>\n<p><img loading=\"lazy\" decoding=\"async\" alt width=\"1024\" height=\"681\" data-sizes=\"(max-width: 1024px) 100vw, 1024px\" class=\"aligncenter wp-image-351969 size-large lazyload\" src=\"http:\/\/cordobadirecto.com\/wp-content\/uploads\/2023\/10\/especial-aniversario-mano-a-mano-con-incluit-y-vates-las-claves-de-la-edc-en-cordoba-1.jpg\" srcset=\"http:\/\/cordobadirecto.com\/wp-content\/uploads\/2023\/10\/especial-aniversario-mano-a-mano-con-incluit-y-vates-las-claves-de-la-edc-en-cordoba-1.jpg 1024w, http:\/\/cordobadirecto.com\/wp-content\/uploads\/2023\/10\/especial-aniversario-mano-a-mano-con-incluit-y-vates-las-claves-de-la-edc-en-cordoba-3.jpg 300w, http:\/\/cordobadirecto.com\/wp-content\/uploads\/2023\/10\/especial-aniversario-mano-a-mano-con-incluit-y-vates-las-claves-de-la-edc-en-cordoba-4.jpg 768w, http:\/\/cordobadirecto.com\/wp-content\/uploads\/2023\/10\/especial-aniversario-mano-a-mano-con-incluit-y-vates-las-claves-de-la-edc-en-cordoba-5.jpg 1536w, http:\/\/cordobadirecto.com\/wp-content\/uploads\/2023\/10\/especial-aniversario-mano-a-mano-con-incluit-y-vates-las-claves-de-la-edc-en-cordoba-6.jpg 2048w, http:\/\/cordobadirecto.com\/wp-content\/uploads\/2023\/10\/especial-aniversario-mano-a-mano-con-incluit-y-vates-las-claves-de-la-edc-en-cordoba-7.jpg 750w, http:\/\/cordobadirecto.com\/wp-content\/uploads\/2023\/10\/especial-aniversario-mano-a-mano-con-incluit-y-vates-las-claves-de-la-edc-en-cordoba-8.jpg 1140w\">\n<\/p>\n<p>Desde Grupo TecX, entidad que impulsa la Econom\u00eda del Conocimiento en C\u00f3rdoba, proyectan que hacia el<strong> 2033<\/strong> <strong>el sector podr\u00eda tener m\u00e1s de 100.000 personas dentro de la industria local.<\/strong>\n<\/p>\n<p>Para Barra, hoy hay <strong>mucha potencialidad en C\u00f3rdoba<\/strong> <strong>gracias a la cantidad de actores involucrados en el sector<\/strong> como universidades, estudiantes y centro de investigaci\u00f3n, sin embargo alerta por un fuerte desaf\u00edo al que se enfrentan: el <strong>d\u00e9ficit en el nivel de ingl\u00e9s de los profesionales<\/strong> que hoy trabajan dentro de la industria. \u201cAproximadamente<strong> el 10% de empleados del sector tiene un buen nivel en ingl\u00e9s<\/strong> como para poder trabajar sin problemas, es una cantidad muy baja. Muchos pueden entenderlo y escribirlo pero solo pocos pueden mantener una reuni\u00f3n fluida en ingl\u00e9s\u201d, explica el empresario y asegura que es una problem\u00e1tica transversal a diferentes sectores y no solo al tecnol\u00f3gico.\n<\/p>\n<p>Ib\u00e1\u00f1ez tambi\u00e9n considera al idioma como una clave indispensable para poder desempe\u00f1arse en el sector y asegura que es importante la \u201cfocalizaci\u00f3n\u201d dentro del \u00e1rea en el que se encuentra inmerso el profesional.\n<\/p>\n<p><img loading=\"lazy\" decoding=\"async\" alt width=\"1024\" height=\"684\" data-sizes=\"(max-width: 1024px) 100vw, 1024px\" class=\"aligncenter wp-image-351970 size-large lazyload\" src=\"http:\/\/cordobadirecto.com\/wp-content\/uploads\/2023\/10\/especial-aniversario-mano-a-mano-con-incluit-y-vates-las-claves-de-la-edc-en-cordoba-2.jpg\" srcset=\"http:\/\/cordobadirecto.com\/wp-content\/uploads\/2023\/10\/especial-aniversario-mano-a-mano-con-incluit-y-vates-las-claves-de-la-edc-en-cordoba-2.jpg 1024w, http:\/\/cordobadirecto.com\/wp-content\/uploads\/2023\/10\/especial-aniversario-mano-a-mano-con-incluit-y-vates-las-claves-de-la-edc-en-cordoba-9.jpg 300w, http:\/\/cordobadirecto.com\/wp-content\/uploads\/2023\/10\/especial-aniversario-mano-a-mano-con-incluit-y-vates-las-claves-de-la-edc-en-cordoba-10.jpg 768w, http:\/\/cordobadirecto.com\/wp-content\/uploads\/2023\/10\/especial-aniversario-mano-a-mano-con-incluit-y-vates-las-claves-de-la-edc-en-cordoba-11.jpg 1536w, http:\/\/cordobadirecto.com\/wp-content\/uploads\/2023\/10\/especial-aniversario-mano-a-mano-con-incluit-y-vates-las-claves-de-la-edc-en-cordoba-12.jpg 2048w, http:\/\/cordobadirecto.com\/wp-content\/uploads\/2023\/10\/especial-aniversario-mano-a-mano-con-incluit-y-vates-las-claves-de-la-edc-en-cordoba-13.jpg 750w, http:\/\/cordobadirecto.com\/wp-content\/uploads\/2023\/10\/especial-aniversario-mano-a-mano-con-incluit-y-vates-las-claves-de-la-edc-en-cordoba-14.jpg 1140w\">\n<\/p>\n<p>Otro de los desaf\u00edos a los que se enfrenta la Econom\u00eda del Conocimiento actualmente es el<strong> tipo de cambio:<\/strong> \u201choy la macro complica mucho al sector por el tipo de cambio. <strong>Muchos profesionales trabajan de directamente para afuera y reciben el pago en una cuenta en el exterior.<\/strong> Son colaboradores que no le conviene trabajar en las empresas de ac\u00e1 y es entendible porque la diferencia es pr\u00e1cticamente del doble\u201d, comenta el CEO de Vates y agrega: \u201c<strong>creemos que en Argentina hay cerca de 200.000 personas que est\u00e1n trabajando directamente con el exterior. En C\u00f3rdoba esa cifra rondar\u00eda los 20.000 trabajadores<\/strong>\u201d.\n<\/p>\n<p>Una amenaza que ve Ib\u00e1\u00f1ez dentro del rubro es la \u201cgeneraci\u00f3n y activaci\u00f3n de talento para poder dar servicios en el mundo\u201d. \u201cLas empresas que tienen los mejores proyectos son las que mejor pagan y por ende las que tienen los mejores talentos\u201d, considera.\n<\/p>\n<p>Despu\u00e9s del boom de crecimiento que hubo durante la pandemia hubo una especie de amesetamiento dentro del <a href=\"https:\/\/puntoapunto.com.ar\/mercado-laboral-que-estan-buscando-las-empresas-del-sector-it\/\" target=\"_blank\" rel=\"noopener\">sector IT<\/a> donde la demanda de profesionales baj\u00f3, donde<strong> las rotaciones de talento pasaron del 35% al 15%.<\/strong> Pese a este leve stand by, Barra considera que <strong>\u201csigue siendo un sector demandado\u201d<\/strong> y que las empresas van a volver a invertir porque \u201cla necesidad de tecnolog\u00eda es cada vez mayor\u201d.\n<\/p>\n<p>\u201cEstamos en el momento ideal para prepararnos y esperar la pr\u00f3xima ola de crecimiento del sector. Es un buen momento y en C\u00f3rdoba estamos haciendo las cosas bastante bien\u201d, afirma Barra.\n<\/p>\n<p>\u201cA nivel mundial estoy viendo a la Inteligencia Artificial como una herramienta que se est\u00e1 utilizando en los distintos sectores y que va a ser una especie de copiloto para cada profesional.<strong> Todos vamos a usar IA para ser m\u00e1s eficientes, no es que nos va a reemplazar,<\/strong> por los menos no por el momento, sino que nos va a ayudar a ser m\u00e1s productivos. Todos tenemos que aprender a utilizar las herramientas de la IA para desarrollar nuestras actividades m\u00e1s eficientemente\u201d, finaliza el empresario.\n<\/p>\n<div class=\"g g-38\">\n<div class=\"g-dyn a-12 c-1\"><a class=\"gofollow\" data-track=\"MTIsMzgsMSw2MA==\" href=\"https:\/\/hospitalprivado.com.ar\/landing-trasplante.html\" target=\"_blank\" rel=\"noopener\"><img class=\"lazyload\" src=\"http:\/\/cordobadirecto.com\/wp-content\/uploads\/2023\/10\/especial-aniversario-mano-a-mano-con-incluit-y-vates-las-claves-de-la-edc-en-cordoba.gif\"><\/a><\/div>\n<\/div>\n","protected":false},"excerpt":{"rendered":"<p>&nbsp; La nueva, pero ya posicionada, industria que est\u00e1 transformando el mundo se llama Econom\u00eda del Conocimiento. Incluye software, biotecnolog\u00eda, desarrollos audiovisuales, servicios de electr\u00f3nica y comunicaciones, inteligencia artificial, rob\u00f3tica y servicios profesionales. Es un conjunto de actividades muy diversas con dos elementos en com\u00fan: uso intensivo de la tecnolog\u00eda y capital humano calificado. La [&hellip;]<\/p>\n","protected":false},"author":1,"featured_media":140120,"comment_status":"closed","ping_status":"closed","sticky":false,"template":"","format":"standard","meta":[],"categories":[25],"tags":[],"_links":{"self":[{"href":"http:\/\/cordobadirecto.com\/index.php\/wp-json\/wp\/v2\/posts\/140119"}],"collection":[{"href":"http:\/\/cordobadirecto.com\/index.php\/wp-json\/wp\/v2\/posts"}],"about":[{"href":"http:\/\/cordobadirecto.com\/index.php\/wp-json\/wp\/v2\/types\/post"}],"author":[{"embeddable":true,"href":"http:\/\/cordobadirecto.com\/index.php\/wp-json\/wp\/v2\/users\/1"}],"replies":[{"embeddable":true,"href":"http:\/\/cordobadirecto.com\/index.php\/wp-json\/wp\/v2\/comments?post=140119"}],"version-history":[{"count":0,"href":"http:\/\/cordobadirecto.com\/index.php\/wp-json\/wp\/v2\/posts\/140119\/revisions"}],"wp:featuredmedia":[{"embeddable":true,"href":"http:\/\/cordobadirecto.com\/index.php\/wp-json\/wp\/v2\/media\/140120"}],"wp:attachment":[{"href":"http:\/\/cordobadirecto.com\/index.php\/wp-json\/wp\/v2\/media?parent=140119"}],"wp:term":[{"taxonomy":"category","embeddable":true,"href":"http:\/\/cordobadirecto.com\/index.php\/wp-json\/wp\/v2\/categories?post=140119"},{"taxonomy":"post_tag","embeddable":true,"href":"http:\/\/cordobadirecto.com\/index.php\/wp-json\/wp\/v2\/tags?post=140119"}],"curies":[{"name":"wp","href":"https:\/\/api.w.org\/{rel}","templated":true}]}}